{"id":141854,"date":"2015-06-02T18:48:04","date_gmt":"2015-06-02T21:48:04","guid":{"rendered":"https:\/\/jundiai.sp.gov.br\/noticias\/?p=141854"},"modified":"2020-11-05T10:17:04","modified_gmt":"2020-11-05T13:17:04","slug":"plano-de-seguranca-e-apresentado-para-advogados-da-oab","status":"publish","type":"post","link":"https:\/\/jundiai.sp.gov.br\/noticias\/2015\/06\/02\/plano-de-seguranca-e-apresentado-para-advogados-da-oab\/","title":{"rendered":"Plano de Seguran\u00e7a \u00e9 apresentado para advogados da OAB"},"content":{"rendered":"<div id=\"attachment_141857\" style=\"width: 410px\" class=\"wp-caption alignright\"><a href=\"https:\/\/jundiai.sp.gov.br\/noticias\/wp-content\/uploads\/sites\/32\/2015\/06\/ggim_oab_9G.jpg\"><img loading=\"lazy\" decoding=\"async\" aria-describedby=\"caption-attachment-141857\" class=\"size-large wp-image-141857\" src=\"https:\/\/jundiai.sp.gov.br\/noticias\/wp-content\/uploads\/sites\/32\/2015\/06\/ggim_oab_9G-720x526.jpg\" alt=\"O coordenador do GGIM apresentou o Plano para os advogados\" width=\"400\" height=\"350\" \/><\/a><p id=\"caption-attachment-141857\" class=\"wp-caption-text\">O coordenador do GGIM apresentou o Plano para os advogados<\/p><\/div>\n<p><strong>O Plano Municipal de Seguran\u00e7a P\u00fablica e Cidadania foi apresentado, na noite dessa segunda-feira (1\u00ba), para os advogados da <a href=\"http:\/\/www.oabjundiai.org.br\/site\/\" target=\"_blank\" rel=\"noopener noreferrer\">Ordem dos Advogados do Brasil (OAB) \u2013 33\u00aa Subse\u00e7\u00e3o Jundia\u00ed<\/a>, na sede da entidade. <\/strong><\/p>\n<p>O coordenador-executivo do Gabinete de Gest\u00e3o Integrada Municipal (GGIM), Jos\u00e9 Carlos Pires, informou que<strong> desde o lan\u00e7amento, no dia 19 de mar\u00e7o, o Plano foi debatido por diversos segmentos da cidade, como por exemplo, conselhos, redes e associa\u00e7\u00f5es de bairros, institui\u00e7\u00f5es educacionais, al\u00e9m de mais de 15 audi\u00eancias p\u00fablicas em bairros, totalizando cerca de 1800 participantes.<\/strong><\/p>\n<p><strong>LEIA TAMB\u00c9M<br \/>\n<\/strong><a href=\"https:\/\/jundiai.sp.gov.br\/noticias\/2015\/05\/29\/monitoramento-placas-informativas-sao-instaladas\/\" target=\"_blank\" rel=\"noopener noreferrer\">Monitoramento: Placas informativas s\u00e3o instaladas<\/a><br \/>\n<a href=\"https:\/\/jundiai.sp.gov.br\/noticias\/2015\/05\/28\/regiao-do-corrupira-debate-plano-de-seguranca\/\" target=\"_blank\" rel=\"noopener noreferrer\">Regi\u00e3o do Corrupira debate Plano de Seguran\u00e7a e Cidadania<\/a><br \/>\n<a href=\"https:\/\/jundiai.sp.gov.br\/noticias\/2015\/05\/29\/inscricoes-para-o-conselho-de-seguranca-terminam-na-sexta-feira-5\/\" target=\"_blank\" rel=\"noopener noreferrer\">Inscri\u00e7\u00f5es para o Conselho de Seguran\u00e7a terminam na sexta-feira (5)<\/a><\/p>\n<p>\u201cA <strong>apresenta\u00e7\u00e3o para a OAB faz parte do processo, por se tratar de mais um segmento. O objetivo \u00e9 ouvir opini\u00f5es de advogados e debater a responsabilidades das for\u00e7as policiais, com o intuito de agregar ainda mais valor ao Plano<\/strong>\u201d, disse o coordenador.<\/p>\n<p><iframe loading=\"lazy\" class=\"alignleft\" src=\"https:\/\/www.youtube.com\/embed\/7VV_xZJL-IY\" width=\"420\" height=\"315\" frameborder=\"0\" allowfullscreen=\"allowfullscreen\"><\/iframe>Para o presidente da OAB de Jundia\u00ed, Airton Bressan, a <strong>iniciativa de abrir para que a popula\u00e7\u00e3o e as entidades contribuam com o plano \u00e9 muito positiva. \u201c\u00c9 muito v\u00e1lido e de extrema import\u00e2ncia conhecer a vis\u00e3o de quem sofre o problema\u201d<\/strong>, disse.<\/p>\n<p>Ele disse que o <strong>convite foi enviado para os 3,5 mil advogados da subse\u00e7\u00e3o e os que n\u00e3o puderam comparecer, v\u00e3o contribuir com sugest\u00f5es online<\/strong>.<\/p>\n<p>\u201cO que \u00e9 importante para a sociedade a OAB acolhe\u201d, afirmou o presidente da Comiss\u00e3o de Seguran\u00e7a P\u00fablica da OAB, Leandro Ienne. Para ele, <strong>al\u00e9m da integra\u00e7\u00e3o das for\u00e7as policiais, trazer a sociedade e os Conselhos de Seguran\u00e7a (Conseg) para que juntos fa\u00e7am o plano \u00e9 fundamental.<\/strong>.<\/p>\n<p>Participaram da apresenta\u00e7\u00e3o o comandante da Guarda Municipal, Jos\u00e9 Roberto Ferraz, o secret\u00e1rio de Esportes e Lazer, Cristiano Lopes, o comandante do <a href=\"http:\/\/www.12gac.eb.mil.br\/\" target=\"_blank\" rel=\"noopener noreferrer\">12\u00ba Grupo de Artilharia de Campanha (GAC) \u201cGrupo Bar\u00e3o de Jundiahy<\/a>, o tenente coronel Messias Siqueira Mendes Barbosa, o tenente do Corpo de Bombeiros, Gustavo Genari e o vereador Paulo S\u00e9rgio Martins.<\/p>\n<p><strong>Essencial<\/strong><br \/>\nAs audi\u00eancias fazem parte do <strong>processo de implanta\u00e7\u00e3o do plano<\/strong>, que tem como <strong>eixo condutor a integra\u00e7\u00e3o entre as for\u00e7as de seguran\u00e7a, administra\u00e7\u00e3o p\u00fablica e sociedade. <a href=\"https:\/\/jundiai.sp.gov.br\/noticias\/2015\/05\/05\/datas-de-audiencia-de-plano-de-seguranca-tem-alteracao\/\" target=\"_blank\" rel=\"noopener noreferrer\">Para que os moradores possam ter maior participa\u00e7\u00e3o nos encontros, o Gabinete de Gest\u00e3o Integrada Municipal (GGIM) modificou as datas e as audi\u00eancias ser\u00e3o \u00e0s segundas e quartas-feiras<\/a>.<\/strong><\/p>\n<p>Segundo Jos\u00e9 Carlos Pires, coordenador-executivo do GGIM, os <strong>encontros foram divididos por regi\u00f5es<\/strong>, de acordo com a aproxima\u00e7\u00e3o geogr\u00e1fica, para <strong>facilitar o deslocamento da popula\u00e7\u00e3o e tamb\u00e9m ouvir sugest\u00f5es e contribui\u00e7\u00f5es dos moradores de todos os bairros de Jundia\u00ed.<\/strong><\/p>\n<p><strong>A pr\u00f3xima audi\u00eancia ser\u00e1 nesta quarta-feira (3), \u00e0s 19h, na Emeb Prof\u00aa Judith Almeida Curado Arruda, no Cidade Nova 1.<\/strong><\/p>\n<p><strong>O plano <\/strong><br \/>\nConstitu\u00eddo de <strong>10 desafios e 35 metas<\/strong>, o plano prev\u00ea a <strong><a href=\"https:\/\/jundiai.sp.gov.br\/noticias\/2015\/05\/22\/aglomeracao-urbana-cobra-monitoramento-do-governo-do-estado\/\" target=\"_blank\" rel=\"noopener noreferrer\">amplia\u00e7\u00e3o do sistema de videomonitoramento em parceria com o Governo do Estado. Chamado de Muralha Virtual, o objetivo \u00e9 de que as c\u00e2meras atendam n\u00e3o s\u00f3 Jundia\u00ed, mas todas as cidades que fazem parte da Aglomera\u00e7\u00e3o Urbana de Jundia\u00ed (AUJ)<\/a><\/strong>.<\/p>\n<p>Outra meta \u00e9 a instala\u00e7\u00e3o da D<strong>elegacia da Pol\u00edcia Federal em Jundia\u00ed, assim como o Departamento de Pol\u00edcia do Interior (Deinter) e o Comando de Policiamento do Interior (CPI), ambos da Pol\u00edcia Militar<\/strong>.<\/p>\n<div id=\"attachment_141863\" style=\"width: 730px\" class=\"wp-caption aligncenter\"><a href=\"https:\/\/jundiai.sp.gov.br\/noticias\/wp-content\/uploads\/sites\/32\/2015\/06\/ggim_oab_5G.jpg\"><img loading=\"lazy\" decoding=\"async\" aria-describedby=\"caption-attachment-141863\" class=\"size-large wp-image-141863\" src=\"https:\/\/jundiai.sp.gov.br\/noticias\/wp-content\/uploads\/sites\/32\/2015\/06\/ggim_oab_5G-720x461.jpg\" alt=\"Presidente da OAB Jundia\u00ed, Airton Bressan, elogiou a iniciativa\" width=\"720\" height=\"461\" srcset=\"https:\/\/jundiai.sp.gov.br\/noticias\/wp-content\/uploads\/sites\/32\/2015\/06\/ggim_oab_5G-720x461.jpg 720w, https:\/\/jundiai.sp.gov.br\/noticias\/wp-content\/uploads\/sites\/32\/2015\/06\/ggim_oab_5G-300x192.jpg 300w, https:\/\/jundiai.sp.gov.br\/noticias\/wp-content\/uploads\/sites\/32\/2015\/06\/ggim_oab_5G.jpg 1240w\" sizes=\"auto, (max-width: 720px) 100vw, 720px\" \/><\/a><p id=\"caption-attachment-141863\" class=\"wp-caption-text\">Presidente da OAB Jundia\u00ed, Airton Bressan, elogiou a iniciativa<\/p><\/div>\n<p><strong><em>Kadija Rodrigues<br \/>\nFotos: Fot\u00f3grafos PMJ<\/em><\/strong><\/p>\n","protected":false},"excerpt":{"rendered":"<p>O Plano Municipal de Seguran\u00e7a P\u00fablica e Cidadania foi apresentado, na noite dessa segunda-feira (1\u00ba), para os advogados da Ordem dos Advogados do Brasil (OAB) \u2013 33\u00aa Subse\u00e7\u00e3o Jundia\u00ed, na sede da entidade. O coordenador-executivo do Gabinete de Gest\u00e3o Integrada Municipal (GGIM), Jos\u00e9 Carlos Pires, informou que desde o lan\u00e7amento, no dia 19 de mar\u00e7o, [&hellip;]<\/p>\n","protected":false},"author":14,"featured_media":0,"comment_status":"closed","ping_status":"closed","sticky":false,"template":"","format":"standard","meta":{"footnotes":""},"categories":[2],"tags":[250,560],"ods":[],"class_list":["post-141854","post","type-post","status-publish","format-standard","hentry","category-noticias","tag-gabinete-de-gestao-integrada-municipal-ggim","tag-plano-de-seguranca-publica-e-cidadania"],"_links":{"self":[{"href":"https:\/\/jundiai.sp.gov.br\/noticias\/wp-json\/wp\/v2\/posts\/141854","targetHints":{"allow":["GET"]}}],"collection":[{"href":"https:\/\/jundiai.sp.gov.br\/noticias\/wp-json\/wp\/v2\/posts"}],"about":[{"href":"https:\/\/jundiai.sp.gov.br\/noticias\/wp-json\/wp\/v2\/types\/post"}],"author":[{"embeddable":true,"href":"https:\/\/jundiai.sp.gov.br\/noticias\/wp-json\/wp\/v2\/users\/14"}],"replies":[{"embeddable":true,"href":"https:\/\/jundiai.sp.gov.br\/noticias\/wp-json\/wp\/v2\/comments?post=141854"}],"version-history":[{"count":12,"href":"https:\/\/jundiai.sp.gov.br\/noticias\/wp-json\/wp\/v2\/posts\/141854\/revisions"}],"predecessor-version":[{"id":257684,"href":"https:\/\/jundiai.sp.gov.br\/noticias\/wp-json\/wp\/v2\/posts\/141854\/revisions\/257684"}],"wp:attachment":[{"href":"https:\/\/jundiai.sp.gov.br\/noticias\/wp-json\/wp\/v2\/media?parent=141854"}],"wp:term":[{"taxonomy":"category","embeddable":true,"href":"https:\/\/jundiai.sp.gov.br\/noticias\/wp-json\/wp\/v2\/categories?post=141854"},{"taxonomy":"post_tag","embeddable":true,"href":"https:\/\/jundiai.sp.gov.br\/noticias\/wp-json\/wp\/v2\/tags?post=141854"},{"taxonomy":"ods","embeddable":true,"href":"https:\/\/jundiai.sp.gov.br\/noticias\/wp-json\/wp\/v2\/ods?post=141854"}],"curies":[{"name":"wp","href":"https:\/\/api.w.org\/{rel}","templated":true}]}}