{"id":142343,"date":"2015-06-08T16:25:02","date_gmt":"2015-06-08T19:25:02","guid":{"rendered":"https:\/\/jundiai.sp.gov.br\/noticias\/?p=142343"},"modified":"2016-11-04T11:22:30","modified_gmt":"2016-11-04T13:22:30","slug":"plano-diretor-recebe-propostas-da-populacao-ate-a-quarta-feira-17","status":"publish","type":"post","link":"https:\/\/jundiai.sp.gov.br\/noticias\/2015\/06\/08\/plano-diretor-recebe-propostas-da-populacao-ate-a-quarta-feira-17\/","title":{"rendered":"Plano Diretor recebe propostas da popula\u00e7\u00e3o at\u00e9 a quarta-feira (17)"},"content":{"rendered":"<p><strong>Em fase de elabora\u00e7\u00e3o da proposta pr\u00e9via a ser apresentada para a popula\u00e7\u00e3o no 2\u00ba F\u00f3rum, o processo do <a href=\"http:\/\/planodiretor.jundiai.sp.gov.br\/\" target=\"_blank\">Plano Diretor Participativo<\/a> recebe at\u00e9 o dia 17 de junho as novas sugest\u00f5es de moradores para a lei que visa ordenar o crescimento de Jundia\u00ed nos pr\u00f3ximos dez anos. Em andamento desde o ano passado, o processo j\u00e1 envolveu diretamente quase 10 mil pessoas.<\/strong><\/p>\n<p><strong><a href=\"http:\/\/planodiretor.jundiai.sp.gov.br\/regras-para-apresentacao-de-propostas\/\" target=\"_blank\">CONFIRA O FORMUL\u00c1RIO DE PARTICIPA\u00c7\u00c3O<\/a><\/strong><\/p>\n<p>\u201c\u00c9 um <strong>formato acess\u00edvel, permitindo que as pessoas possam contribuir diretamente com suas preocupa\u00e7\u00f5es e ideias<\/strong>\u201d, afirma a secret\u00e1ria de Planejamento e Meio Ambiente, Daniela da Camara Sutti.<\/p>\n<p><strong>LEIA TAMB\u00c9M<br \/>\n<a href=\"https:\/\/jundiai.sp.gov.br\/noticias\/2015\/05\/31\/plano-diretor-abre-fase-decisiva-de-construcao-do-futuro-de-jundiai\/\" target=\"_blank\">Plano Diretor abre fase de constru\u00e7\u00e3o do futuro<\/a><br \/>\n<a href=\"https:\/\/jundiai.sp.gov.br\/noticias\/2015\/06\/03\/semana-do-meio-ambiente-e-torcendo-por-jundiai-levam-escoteiros-a-serra\/\" target=\"_blank\">Torcendo por Jundia\u00ed leva escoteiros \u00e0 Serra do Japi<\/a><br \/>\n<a href=\"https:\/\/jundiai.sp.gov.br\/noticias\/2015\/06\/03\/levantamentos-compartilham-metodologia-caminhavel\/\" target=\"_blank\">Levantamentos compartilham metodologia \u2018caminh\u00e1vel\u2019<\/a><\/strong><\/p>\n<p><strong>Cada formul\u00e1rio desta fase deve ser usado para apenas uma proposta<\/strong>, mas cada cidad\u00e3o pode enviar <strong>quantas propostas achar necess\u00e1rias<\/strong>. A recomenda\u00e7\u00e3o da equipe t\u00e9cnica \u00e9 de que essas contribui\u00e7\u00f5es busquem ser objetivas e voltadas para as normas de uso do territ\u00f3rio do munic\u00edpio.<\/p>\n<p><strong>A defini\u00e7\u00e3o solicitada por objetivos estrat\u00e9gicos tamb\u00e9m ajuda no entendimento dessa estrutura mais geral. S\u00e3o dez eixos:<\/strong><\/p>\n<p><em><strong>1.<\/strong> Preserva\u00e7\u00e3o, Conserva\u00e7\u00e3o e Recupera\u00e7\u00e3o de Ecossistemas H\u00eddricos e Naturais;<br \/>\n<strong>2.<\/strong> Prote\u00e7\u00e3o, Promo\u00e7\u00e3o e recupera\u00e7\u00e3o de Bens e Im\u00f3veis de Interesse Hist\u00f3rico Cultural e iniciativas culturais;<br \/>\n<strong>3.<\/strong> Prote\u00e7\u00e3o e Promo\u00e7\u00e3o do Desenvolvimento Rural e da Produ\u00e7\u00e3o Agr\u00edcola;<br \/>\n<strong>4. <\/strong>Fortalecimento da Base Econ\u00f4mica local;<br \/>\n<strong>5.<\/strong> Melhoria na Mobilidade Urbana e nas condi\u00e7\u00f5es de acessibilidade;<br \/>\n<strong>6.<\/strong> Regula\u00e7\u00e3o do Uso e Ocupa\u00e7\u00e3o do Solo e da Produ\u00e7\u00e3o Imobili\u00e1ria;<br \/>\n<strong>7.<\/strong> Conten\u00e7\u00e3o da Urbaniza\u00e7\u00e3o dispersa e desordenada;<br \/>\n<strong>8.<\/strong> Aproveitamento de Im\u00f3veis Ociosos localizados em \u00e1reas urbanas consolidadas;<br \/>\n<strong>9.<\/strong> Melhoria das Condi\u00e7\u00f5es Urbanas dos bairros, com oferta adequada de equipamentos de educa\u00e7\u00e3o, sa\u00fade, esporte, lazer e cultura;<br \/>\n<strong>10.<\/strong> Provis\u00e3o Habitacional de Interesse Social;<br \/>\n<strong>11.<\/strong> Urbaniza\u00e7\u00e3o e regulariza\u00e7\u00e3o fundi\u00e1ria de assentamentos prec\u00e1rios ocupados pela popula\u00e7\u00e3o de baixa renda e de interesse espec\u00edfico;<br \/>\n<strong>12.<\/strong> Gest\u00e3o Democr\u00e1tica com fortalecimento da participa\u00e7\u00e3o popular nas decis\u00f5es dos rumos da cidade;<\/em><\/p>\n<p><strong>Participe <a href=\"http:\/\/planodiretor.jundiai.sp.gov.br\/regras-para-apresentacao-de-propostas\/\" target=\"_blank\">online<\/a> ou solicite seu formul\u00e1rio impresso na Sala do Plano, situada na ala sul do 5\u00ba andar do Pa\u00e7o Municipal.<\/strong><\/p>\n<p><strong><em>Jos\u00e9 Arnaldo de Oliveira<\/em><\/strong><\/p>\n","protected":false},"excerpt":{"rendered":"<p>Sugest\u00f5es para a lei que visa ordenar o crescimento da cidade de Jundia\u00ed podem ser formuladas em dez objetivos estrat\u00e9gicos<\/p>\n","protected":false},"author":14,"featured_media":142367,"comment_status":"closed","ping_status":"closed","sticky":false,"template":"","format":"standard","meta":{"footnotes":""},"categories":[2],"tags":[32,559],"ods":[],"class_list":["post-142343","post","type-post","status-publish","format-standard","has-post-thumbnail","hentry","category-noticias","tag-planejamento-e-meio-ambiente","tag-plano-diretor-participativo"],"_links":{"self":[{"href":"https:\/\/jundiai.sp.gov.br\/noticias\/wp-json\/wp\/v2\/posts\/142343","targetHints":{"allow":["GET"]}}],"collection":[{"href":"https:\/\/jundiai.sp.gov.br\/noticias\/wp-json\/wp\/v2\/posts"}],"about":[{"href":"https:\/\/jundiai.sp.gov.br\/noticias\/wp-json\/wp\/v2\/types\/post"}],"author":[{"embeddable":true,"href":"https:\/\/jundiai.sp.gov.br\/noticias\/wp-json\/wp\/v2\/users\/14"}],"replies":[{"embeddable":true,"href":"https:\/\/jundiai.sp.gov.br\/noticias\/wp-json\/wp\/v2\/comments?post=142343"}],"version-history":[{"count":8,"href":"https:\/\/jundiai.sp.gov.br\/noticias\/wp-json\/wp\/v2\/posts\/142343\/revisions"}],"predecessor-version":[{"id":143037,"href":"https:\/\/jundiai.sp.gov.br\/noticias\/wp-json\/wp\/v2\/posts\/142343\/revisions\/143037"}],"wp:featuredmedia":[{"embeddable":true,"href":"https:\/\/jundiai.sp.gov.br\/noticias\/wp-json\/wp\/v2\/media\/142367"}],"wp:attachment":[{"href":"https:\/\/jundiai.sp.gov.br\/noticias\/wp-json\/wp\/v2\/media?parent=142343"}],"wp:term":[{"taxonomy":"category","embeddable":true,"href":"https:\/\/jundiai.sp.gov.br\/noticias\/wp-json\/wp\/v2\/categories?post=142343"},{"taxonomy":"post_tag","embeddable":true,"href":"https:\/\/jundiai.sp.gov.br\/noticias\/wp-json\/wp\/v2\/tags?post=142343"},{"taxonomy":"ods","embeddable":true,"href":"https:\/\/jundiai.sp.gov.br\/noticias\/wp-json\/wp\/v2\/ods?post=142343"}],"curies":[{"name":"wp","href":"https:\/\/api.w.org\/{rel}","templated":true}]}}