{"id":142486,"date":"2015-06-09T18:03:35","date_gmt":"2015-06-09T21:03:35","guid":{"rendered":"https:\/\/jundiai.sp.gov.br\/noticias\/?p=142486"},"modified":"2016-11-04T11:22:31","modified_gmt":"2016-11-04T13:22:31","slug":"projeto-buzum-faz-apresentacoes-gratuitas-em-emebs","status":"publish","type":"post","link":"https:\/\/jundiai.sp.gov.br\/noticias\/2015\/06\/09\/projeto-buzum-faz-apresentacoes-gratuitas-em-emebs\/","title":{"rendered":"Buzum! faz apresenta\u00e7\u00f5es gratuitas em Emebs"},"content":{"rendered":"<p><strong>As secretarias de <a href=\"http:\/\/cultura.jundiai.sp.gov.br\/\" target=\"_blank\">Cultura<\/a>, por meio da Diretoria de A\u00e7\u00e3o Comunit\u00e1ria, e de Educa\u00e7\u00e3o, em parceria com a AutoBAn, promoveram nesta ter\u00e7a-feira (9) uma s\u00e9rie de espet\u00e1culos teatrais na Emeb Geralda Berthola Facca, no Jardim do Lago. As apresenta\u00e7\u00f5es fazem parte do projeto Buzum, que \u00e9 viabilizado pela <a href=\"http:\/\/www.brasil.gov.br\/cultura\/2009\/11\/lei-rouanet\" target=\"_blank\">Lei Rouanet de incentivo \u00e0 cultura<\/a>. O teatro, estruturado em um \u00f4nibus, estacionou sua trupe em Jundia\u00ed e trouxe para diversas crian\u00e7as um pouco do mundo dos bonecos de fantoche e das sombras projetadas.<\/strong><\/p>\n<p>Ao todo, <strong>mais de 200 crian\u00e7as assistiram ao espet\u00e1culo nesta ter\u00e7a-feira (9)<\/strong>. Eliane Silva Pinto, diretora de A\u00e7\u00e3o Comunit\u00e1ria da Cultura, destacou a participa\u00e7\u00e3o da Comiss\u00e3o Popular de Cultura na aquisi\u00e7\u00e3o dos espet\u00e1culos. \u201cO l\u00edder comunit\u00e1rio Claudiney Galdino nos apresentou esta demanda da <strong>necessidade de atividade cultural no bairro<\/strong> e n\u00f3s acolhemos. <strong>Esse trabalho tamb\u00e9m amplia os bairros que s\u00e3o alcan\u00e7ados por a\u00e7\u00f5es da Secretaria de Cultura, como o S\u00e3o Camilo, Parque dos Ing\u00e1s e Jardim Novo Horizonte<\/strong>\u201d, explicou.<\/p>\n<p><strong>LEIA TAMB\u00c9M<br \/>\n<a href=\"https:\/\/jundiai.sp.gov.br\/noticias\/2015\/06\/08\/plano-municipal-de-educacao-entra-em-fase-final-de-aprovacao\/\" target=\"_blank\">Plano de Educa\u00e7\u00e3o entra em fase final de aprova\u00e7\u00e3o<\/a><br \/>\n<a href=\"https:\/\/jundiai.sp.gov.br\/noticias\/2015\/06\/09\/agentes-de-transito-realizam-mais-de-80-acoes-no-operacao-escola\/\" target=\"_blank\">Agentes de tr\u00e2nsito realizam mais de 80 a\u00e7\u00f5es no \u2018Opera\u00e7\u00e3o Escola\u2019<\/a><\/strong><\/p>\n<div id=\"attachment_142488\" style=\"width: 730px\" class=\"wp-caption aligncenter\"><a href=\"https:\/\/jundiai.sp.gov.br\/noticias\/wp-content\/uploads\/sites\/32\/2015\/06\/buzum_emeb_bertola_faca_P_168G.jpg\"><img loading=\"lazy\" decoding=\"async\" aria-describedby=\"caption-attachment-142488\" src=\"https:\/\/jundiai.sp.gov.br\/noticias\/wp-content\/uploads\/sites\/32\/2015\/06\/buzum_emeb_bertola_faca_P_168G-720x447.jpg\" alt=\"Fantoches: intera\u00e7\u00e3o divertida com as crian\u00e7as\" width=\"720\" height=\"447\" class=\"size-large wp-image-142488\" srcset=\"https:\/\/jundiai.sp.gov.br\/noticias\/wp-content\/uploads\/sites\/32\/2015\/06\/buzum_emeb_bertola_faca_P_168G-720x447.jpg 720w, https:\/\/jundiai.sp.gov.br\/noticias\/wp-content\/uploads\/sites\/32\/2015\/06\/buzum_emeb_bertola_faca_P_168G-300x186.jpg 300w, https:\/\/jundiai.sp.gov.br\/noticias\/wp-content\/uploads\/sites\/32\/2015\/06\/buzum_emeb_bertola_faca_P_168G.jpg 1240w\" sizes=\"auto, (max-width: 720px) 100vw, 720px\" \/><\/a><p id=\"caption-attachment-142488\" class=\"wp-caption-text\">Fantoches: intera\u00e7\u00e3o divertida com as crian\u00e7as<\/p><\/div>\n<p><strong>Na segunda-feira (8), o projeto Buzum tamb\u00e9m esteve em outra escola da rede municipal, a Emeb L\u00e1zaro Miranda Duarte, no bairro Vila Nova Jundiainopolis. Cerca de 330 alunos assistiram ao espet\u00e1culo.<\/strong><\/p>\n<p><strong>Criatividade <\/strong><br \/>\nA atriz Daiane Baumgartner contou que a pe\u00e7a fala sobre a evolu\u00e7\u00e3o dos meios de transporte por meio de um casal da pr\u00e9-hist\u00f3ria na busca de um beijo que s\u00f3 pode acontecer na lua. <strong>\u201cEsse trabalho possibilita que a crian\u00e7a conhe\u00e7a o ambiente teatral, em um palco sobre rodas.\u201d<\/strong><\/p>\n<p>Sob a vis\u00e3o pedag\u00f3gica, a professora Camila Fischa e a coordenadora Carolina Marcondes aprovam o projeto. \u201cEu adorei. <strong>\u00c9 uma linguagem f\u00e1cil e que atinge de maneira significativa os pequenos<\/strong>\u201d, comentou Camila. J\u00e1 Carolina salientou a <strong>import\u00e2ncia de se conhecer novos espa\u00e7os<\/strong>. \u201cPara aqueles alunos que j\u00e1 conhecem o teatro \u00e9 diferente, pois \u00e9 <strong>dentro de um \u00f4nibus<\/strong>, mas para os que n\u00e3o conhecem, \u00e9 uma forma m\u00e1gica e superatrativa de conhecer.\u201d<\/p>\n<p>Os alunos enfileirados sa\u00edram do \u00f4nibus-teatro com sorrisos escancarados. Em m\u00e3os, seguravam um encarte recort\u00e1vel que, posteriormente, se tornaria um minipalco para teatro de sombras. Andreas, de 8 anos, contou sua parte favorita. \u201cEles faziam muitas coisas legais no tempo da caverna. Aprendi quando criaram as rodas\u201d, disse. J\u00e1 Giovana, tamb\u00e9m de 8 anos, exclamou: \u201cOs bonecos queriam chegar at\u00e9 a lua de cavalo, trem, barco, carro, bal\u00e3o, avi\u00e3o e foguete. Eu assistiria de novo por que foi legal\u201d.<\/p>\n<div id=\"attachment_142487\" style=\"width: 730px\" class=\"wp-caption aligncenter\"><a href=\"https:\/\/jundiai.sp.gov.br\/noticias\/wp-content\/uploads\/sites\/32\/2015\/06\/buzum_emeb_bertola_faca_P_192G.jpg\"><img loading=\"lazy\" decoding=\"async\" aria-describedby=\"caption-attachment-142487\" src=\"https:\/\/jundiai.sp.gov.br\/noticias\/wp-content\/uploads\/sites\/32\/2015\/06\/buzum_emeb_bertola_faca_P_192G-720x468.jpg\" alt=\"Equipe da Secretaria de Cultura acompanhou o espet\u00e1culo\" width=\"720\" height=\"468\" class=\"size-large wp-image-142487\" srcset=\"https:\/\/jundiai.sp.gov.br\/noticias\/wp-content\/uploads\/sites\/32\/2015\/06\/buzum_emeb_bertola_faca_P_192G-720x468.jpg 720w, https:\/\/jundiai.sp.gov.br\/noticias\/wp-content\/uploads\/sites\/32\/2015\/06\/buzum_emeb_bertola_faca_P_192G-300x195.jpg 300w, https:\/\/jundiai.sp.gov.br\/noticias\/wp-content\/uploads\/sites\/32\/2015\/06\/buzum_emeb_bertola_faca_P_192G.jpg 1240w\" sizes=\"auto, (max-width: 720px) 100vw, 720px\" \/><\/a><p id=\"caption-attachment-142487\" class=\"wp-caption-text\">Equipe da Secretaria de Cultura acompanhou o espet\u00e1culo<\/p><\/div>\n<p><strong><em>Assessoria de Imprensa<br \/>\nFotos: Paulo Gr\u00e9gio<\/em><\/strong><\/p>\n","protected":false},"excerpt":{"rendered":"<p>O \u00f4nibus de espet\u00e1culos teatrais estacionou em escolas da Prefeitura e encantou mais de 500 estudantes<\/p>\n","protected":false},"author":14,"featured_media":142490,"comment_status":"closed","ping_status":"closed","sticky":false,"template":"","format":"standard","meta":{"footnotes":""},"categories":[2],"tags":[29,6,630],"ods":[],"class_list":["post-142486","post","type-post","status-publish","format-standard","has-post-thumbnail","hentry","category-noticias","tag-cultura","tag-educacao","tag-emeb"],"_links":{"self":[{"href":"https:\/\/jundiai.sp.gov.br\/noticias\/wp-json\/wp\/v2\/posts\/142486","targetHints":{"allow":["GET"]}}],"collection":[{"href":"https:\/\/jundiai.sp.gov.br\/noticias\/wp-json\/wp\/v2\/posts"}],"about":[{"href":"https:\/\/jundiai.sp.gov.br\/noticias\/wp-json\/wp\/v2\/types\/post"}],"author":[{"embeddable":true,"href":"https:\/\/jundiai.sp.gov.br\/noticias\/wp-json\/wp\/v2\/users\/14"}],"replies":[{"embeddable":true,"href":"https:\/\/jundiai.sp.gov.br\/noticias\/wp-json\/wp\/v2\/comments?post=142486"}],"version-history":[{"count":5,"href":"https:\/\/jundiai.sp.gov.br\/noticias\/wp-json\/wp\/v2\/posts\/142486\/revisions"}],"predecessor-version":[{"id":142494,"href":"https:\/\/jundiai.sp.gov.br\/noticias\/wp-json\/wp\/v2\/posts\/142486\/revisions\/142494"}],"wp:featuredmedia":[{"embeddable":true,"href":"https:\/\/jundiai.sp.gov.br\/noticias\/wp-json\/wp\/v2\/media\/142490"}],"wp:attachment":[{"href":"https:\/\/jundiai.sp.gov.br\/noticias\/wp-json\/wp\/v2\/media?parent=142486"}],"wp:term":[{"taxonomy":"category","embeddable":true,"href":"https:\/\/jundiai.sp.gov.br\/noticias\/wp-json\/wp\/v2\/categories?post=142486"},{"taxonomy":"post_tag","embeddable":true,"href":"https:\/\/jundiai.sp.gov.br\/noticias\/wp-json\/wp\/v2\/tags?post=142486"},{"taxonomy":"ods","embeddable":true,"href":"https:\/\/jundiai.sp.gov.br\/noticias\/wp-json\/wp\/v2\/ods?post=142486"}],"curies":[{"name":"wp","href":"https:\/\/api.w.org\/{rel}","templated":true}]}}