{"id":142637,"date":"2015-06-10T18:21:09","date_gmt":"2015-06-10T21:21:09","guid":{"rendered":"https:\/\/jundiai.sp.gov.br\/noticias\/?p=142637"},"modified":"2020-11-05T17:24:58","modified_gmt":"2020-11-05T20:24:58","slug":"prefeitura-em-acao-prefeito-vistoria-obras-no-santa-gertrudes","status":"publish","type":"post","link":"https:\/\/jundiai.sp.gov.br\/noticias\/2015\/06\/10\/prefeitura-em-acao-prefeito-vistoria-obras-no-santa-gertrudes\/","title":{"rendered":"Prefeitura em A\u00e7\u00e3o: prefeito vistoria obras no Santa Gertrudes"},"content":{"rendered":"<p><strong>Dando continuidade \u00e0s visitas do Programa Prefeitura em A\u00e7\u00e3o na regi\u00e3o Sul da cidade, o prefeito Pedro Bigardi vistoriou nesta quarta-feira (10) a nova galeria de \u00e1guas pluviais na rua Ricardo C\u00e9sar F\u00e1varo, no Jardim Santa Gertrudes. A obra, que est\u00e1 pronta, contou inclusive com novo recapeamento asf\u00e1ltico do trecho e j\u00e1 foi entregue para a popula\u00e7\u00e3o. Resta apenas a sinaliza\u00e7\u00e3o de solo, que deve ser conclu\u00edda em breve.<\/strong><\/p>\n<p><strong><a href=\"https:\/\/www.flickr.com\/photos\/prefeituradejundiai\/sets\/72157653839228609\" target=\"_blank\" rel=\"noopener noreferrer\">CONFIRA AS FOTOS DO PREFEITURA EM A\u00c7\u00c3O NA REGI\u00c3O SUL<\/a><\/strong><\/p>\n<p><strong>MAIS PREFEITURA EM A\u00c7\u00c3O<br \/>\n<a href=\"https:\/\/jundiai.sp.gov.br\/noticias\/2015\/06\/08\/prefeitura-em-acao-prefeito-visita-obras-de-unidades-de-saude\/\" target=\"_blank\" rel=\"noopener noreferrer\">Prefeito visita obras de Unidades B\u00e1sicas de Sa\u00fade<\/a><br \/>\n<a href=\"https:\/\/jundiai.sp.gov.br\/noticias\/2015\/06\/09\/obras-da-pista-de-bmx-e-academia-ao-ar-livre-sao-vistoriadas\/\" target=\"_blank\" rel=\"noopener noreferrer\">Pista de BMX e academia ao ar livre s\u00e3o vistoriadas<\/a><br \/>\n<a href=\"https:\/\/jundiai.sp.gov.br\/noticias\/2015\/06\/08\/prefeitura-em-acao-rua-joao-ferrara-e-recapeada\/\" target=\"_blank\" rel=\"noopener noreferrer\">Prefeito entrega recapeamento da rua Jo\u00e3o Ferrara<\/a><\/strong><\/p>\n<div id=\"attachment_142639\" style=\"width: 730px\" class=\"wp-caption aligncenter\"><a href=\"https:\/\/jundiai.sp.gov.br\/noticias\/wp-content\/uploads\/sites\/32\/2015\/06\/RicardoCesarFavaro_A_2g.jpg\"><img loading=\"lazy\" decoding=\"async\" aria-describedby=\"caption-attachment-142639\" class=\"size-large wp-image-142639\" src=\"https:\/\/jundiai.sp.gov.br\/noticias\/wp-content\/uploads\/sites\/32\/2015\/06\/RicardoCesarFavaro_A_2g-720x480.jpg\" alt=\"Prefeito foi conferir obra na rua Ricardo C\u00e9sar F\u00e1varo\" width=\"720\" height=\"480\" srcset=\"https:\/\/jundiai.sp.gov.br\/noticias\/wp-content\/uploads\/sites\/32\/2015\/06\/RicardoCesarFavaro_A_2g-720x480.jpg 720w, https:\/\/jundiai.sp.gov.br\/noticias\/wp-content\/uploads\/sites\/32\/2015\/06\/RicardoCesarFavaro_A_2g-300x200.jpg 300w, https:\/\/jundiai.sp.gov.br\/noticias\/wp-content\/uploads\/sites\/32\/2015\/06\/RicardoCesarFavaro_A_2g.jpg 1240w\" sizes=\"auto, (max-width: 720px) 100vw, 720px\" \/><\/a><p id=\"caption-attachment-142639\" class=\"wp-caption-text\">Prefeito foi conferir obra na rua Ricardo C\u00e9sar F\u00e1varo<\/p><\/div>\n<p><strong>\u201cEsse \u00e9 o tipo de obra que a gente n\u00e3o v\u00ea, mas que \u00e9 muito importante e tem um impacto muito grande para a popula\u00e7\u00e3o\u201d, disse o prefeito. O trecho, de 120 metros, tinha problemas recorrentes com buracos no asfalto e enxurradas, pois a tubula\u00e7\u00e3o n\u00e3o suportava as \u00e1guas da chuva. \u201cEra um problema cr\u00f4nico que agora est\u00e1 resolvido.\u201d<\/strong><\/p>\n<p><iframe loading=\"lazy\" class=\"alignright\" src=\"https:\/\/www.youtube.com\/embed\/e8TSSyL7Gmk\" width=\"420\" height=\"315\" frameborder=\"0\" allowfullscreen=\"allowfullscreen\"><\/iframe>O secret\u00e1rio de Obras, J\u00fanior Aprillanti, explicou que <strong>toda a tubula\u00e7\u00e3o foi trocada por tubos de di\u00e2metro maior. \u201cRefizemos todo o servi\u00e7o de drenagem e a tubula\u00e7\u00e3o agora vai direto para o c\u00f3rrego. Al\u00e9m disso, tamb\u00e9m recapeamos o trecho\u201d<\/strong>, ressaltou. O trabalho foi feito em parceria entre as secretarias de Obras e Servi\u00e7os P\u00fablicos e o <strong>investimento foi de R$ 100 mil<\/strong>.<\/p>\n<p>O morador Antonio Carlos de Souza acompanhou a visita e afirmou que <strong>\u00e9 uma obra importante para o bairro. \u201cEssa rua \u00e9 entrada e sa\u00edda do bairro. Tem muito movimento de caminh\u00f5es, carros e \u00f4nibus, por conta das empresas aqui no entorno, e precisava de aten\u00e7\u00e3o e de um trabalho bem feito\u201d<\/strong>, comentou.<\/p>\n<p>Tamb\u00e9m acompanharam a visita os vereadores Gerson Satori, Jos\u00e9 Adair e Jos\u00e9 Dias, o vice-prefeito Durval Orlato, os secret\u00e1rios: de Rela\u00e7\u00f5es Institucionais, Lir\u00e1ucio Tarini; de Sa\u00fade, Lu\u00eds Carlos Casarin; chefe de Gabinete, Alan Piccolo; o diretor-presidente da <a href=\"http:\/\/www.daejundiai.com.br\/\" target=\"_blank\" rel=\"noopener noreferrer\">DAE<\/a>, Jamil Yatin, o diretor-presidente do <a href=\"http:\/\/iprejun.sp.gov.br\/\" target=\"_blank\" rel=\"noopener noreferrer\">Iprejun<\/a>, Eudis Urbano, e o coordenador da Defesa Civil, Eduardo Luiz Carbonari.<\/p>\n<p><strong><em>Niza Souza<br \/>\nFoto: Alessandro Rosman<\/em><\/strong><\/p>\n","protected":false},"excerpt":{"rendered":"<p>Dando continuidade \u00e0s visitas do Programa Prefeitura em A\u00e7\u00e3o na regi\u00e3o Sul da cidade, o prefeito Pedro Bigardi vistoriou nesta quarta-feira (10) a nova galeria de \u00e1guas pluviais na rua Ricardo C\u00e9sar F\u00e1varo, no Jardim Santa Gertrudes. A obra, que est\u00e1 pronta, contou inclusive com novo recapeamento asf\u00e1ltico do trecho e j\u00e1 foi entregue para [&hellip;]<\/p>\n","protected":false},"author":14,"featured_media":0,"comment_status":"closed","ping_status":"closed","sticky":false,"template":"","format":"standard","meta":{"footnotes":""},"categories":[2],"tags":[66,347,18,58,615,341],"ods":[],"class_list":["post-142637","post","type-post","status-publish","format-standard","hentry","category-noticias","tag-dae","tag-obras","tag-pavimentacao-e-drenagem","tag-prefeito","tag-prefeitura-em-acao","tag-servicos-publicos"],"_links":{"self":[{"href":"https:\/\/jundiai.sp.gov.br\/noticias\/wp-json\/wp\/v2\/posts\/142637","targetHints":{"allow":["GET"]}}],"collection":[{"href":"https:\/\/jundiai.sp.gov.br\/noticias\/wp-json\/wp\/v2\/posts"}],"about":[{"href":"https:\/\/jundiai.sp.gov.br\/noticias\/wp-json\/wp\/v2\/types\/post"}],"author":[{"embeddable":true,"href":"https:\/\/jundiai.sp.gov.br\/noticias\/wp-json\/wp\/v2\/users\/14"}],"replies":[{"embeddable":true,"href":"https:\/\/jundiai.sp.gov.br\/noticias\/wp-json\/wp\/v2\/comments?post=142637"}],"version-history":[{"count":6,"href":"https:\/\/jundiai.sp.gov.br\/noticias\/wp-json\/wp\/v2\/posts\/142637\/revisions"}],"predecessor-version":[{"id":257885,"href":"https:\/\/jundiai.sp.gov.br\/noticias\/wp-json\/wp\/v2\/posts\/142637\/revisions\/257885"}],"wp:attachment":[{"href":"https:\/\/jundiai.sp.gov.br\/noticias\/wp-json\/wp\/v2\/media?parent=142637"}],"wp:term":[{"taxonomy":"category","embeddable":true,"href":"https:\/\/jundiai.sp.gov.br\/noticias\/wp-json\/wp\/v2\/categories?post=142637"},{"taxonomy":"post_tag","embeddable":true,"href":"https:\/\/jundiai.sp.gov.br\/noticias\/wp-json\/wp\/v2\/tags?post=142637"},{"taxonomy":"ods","embeddable":true,"href":"https:\/\/jundiai.sp.gov.br\/noticias\/wp-json\/wp\/v2\/ods?post=142637"}],"curies":[{"name":"wp","href":"https:\/\/api.w.org\/{rel}","templated":true}]}}