{"id":142649,"date":"2015-06-10T18:46:05","date_gmt":"2015-06-10T21:46:05","guid":{"rendered":"https:\/\/jundiai.sp.gov.br\/noticias\/?p=142649"},"modified":"2016-11-04T11:22:33","modified_gmt":"2016-11-04T13:22:33","slug":"estao-abertas-inscricoes-para-conselho-municipal-do-meio-ambiente","status":"publish","type":"post","link":"https:\/\/jundiai.sp.gov.br\/noticias\/2015\/06\/10\/estao-abertas-inscricoes-para-conselho-municipal-do-meio-ambiente\/","title":{"rendered":"Est\u00e3o abertas inscri\u00e7\u00f5es para Conselho do Meio Ambiente"},"content":{"rendered":"<p><strong>A Prefeitura de Jundia\u00ed est\u00e1 com inscri\u00e7\u00f5es abertas para as vagas da sociedade civil no Conselho Municipal de Defesa do Meio Ambiente (Comdema) para a gest\u00e3o 2015-2017. O colegiado \u00e9 uma das inst\u00e2ncias mais importantes na prote\u00e7\u00e3o ambiental e no desenvolvimento sustent\u00e1vel do munic\u00edpio.<\/strong><\/p>\n<p>Ser\u00e3o <strong>20 representantes da sociedade<\/strong>, definidos pela legisla\u00e7\u00e3o em <strong>quatro para os sindicatos de trabalhadores, dois para os sindicatos patronais, seis para as entidades comunit\u00e1rias dos bairros, cinco para as demais associa\u00e7\u00f5es diversas<\/strong> (estudantis, religiosas, de minorias), <strong>dois de organiza\u00e7\u00f5es n\u00e3o-governamentais ligadas ao meio ambiente e um do setor de escolas particulares<\/strong>.<\/p>\n<p><strong>LEIA TAMB\u00c9M<br \/>\n<a href=\"https:\/\/jundiai.sp.gov.br\/noticias\/2015\/06\/09\/projeto-acelera-eventos-a-partir-de-parklets-no-centro\/\" target=\"_blank\">Projeto acelera eventos a partir de \u2018parklets\u2019 no Centro<\/a><br \/>\n<a href=\"https:\/\/jundiai.sp.gov.br\/noticias\/2015\/06\/10\/prefeitura-amplia-certidoes-ambientais-para-lotes-regularizados\/\" target=\"_blank\">Prefeitura amplia certid\u00f5es ambientais para lotes regularizados<\/a><br \/>\n<a href=\"https:\/\/jundiai.sp.gov.br\/noticias\/2015\/06\/08\/plano-diretor-recebe-propostas-da-populacao-ate-a-quarta-feira-17\/\" target=\"_blank\">Plano Diretor recebe propostas da popula\u00e7\u00e3o at\u00e9 a quarta-feira (17)<\/a><\/strong><\/p>\n<p><strong>O prazo das inscri\u00e7\u00f5es segue at\u00e9 a sexta-feira (19), sempre no hor\u00e1rio das 9h \u00e0s 17h, na ala sul do 5\u00ba andar do Pa\u00e7o Municipal, na Secretaria de Planejamento e Meio Ambiente. As entidades devem estar constitu\u00eddas h\u00e1 dois anos no munic\u00edpio.<\/strong><\/p>\n<p><strong>Os documentos necess\u00e1rios pela institui\u00e7\u00e3o s\u00e3o a <a href=\"https:\/\/jundiai.sp.gov.br\/planejamento-e-meio-ambiente\/wp-content\/uploads\/sites\/15\/2014\/09\/COMDEMA_Ficha_Cadastro_2015-2017.pdf\" target=\"_blank\">ficha de cadastro<\/a> e c\u00f3pias de CNPJ, Estatuto, ata da atual diretoria e comprovante de endere\u00e7o, al\u00e9m de documentos do representante indicado como c\u00f3pia do RG e comprovante de endere\u00e7o.<\/strong><\/p>\n<p><strong>CONFIRA O <a href=\"https:\/\/jundiai.sp.gov.br\/planejamento-e-meio-ambiente\/wp-content\/uploads\/sites\/15\/2014\/09\/COMDEMA_Edital_25_2015.pdf\" target=\"_blank\">EDITAL<\/a> E O <a href=\"https:\/\/jundiai.sp.gov.br\/planejamento-e-meio-ambiente\/wp-content\/uploads\/sites\/15\/2014\/09\/COMDEMA_Reg_Interno_Decr_25001_14.pdf\" target=\"_blank\">DECRETO DE REGIMENTO INTERNO<\/a> DO COMDEMA<\/strong><\/p>\n<p>Al\u00e9m desses documentos, tamb\u00e9m \u00e9 solicitado um <strong>breve resumo sobre a atua\u00e7\u00e3o da entidade em quest\u00f5es relacionadas ao meio ambiente e a forma\u00e7\u00e3o\/atua\u00e7\u00e3o de seu representante<\/strong>. E tamb\u00e9m \u00e9 destacado que <strong>&#8220;ser\u00e1 impugnado o cadastramento de entidade que possua, na sua dire\u00e7\u00e3o, pessoa detentora de cargo comissionado na Prefeitura de Jundia\u00ed&#8221;<\/strong>. <\/p>\n<p>No caso de mais interessados do que vagas em cada segmento, <strong>ser\u00e1 realizada uma elei\u00e7\u00e3o<\/strong> entre as entidades aprovadas e aquelas que n\u00e3o forem eleitas poder\u00e3o ser indicadas como suplentes. <\/p>\n<p><strong><em>Jos\u00e9 Arnaldo de Oliveira<\/em><\/strong><\/p>\n","protected":false},"excerpt":{"rendered":"<p>LEIA MAIS: Prefeitura amplia certid\u00f5es para regularizados. Doa\u00e7\u00f5es ao dom\u00ednio p\u00fablico j\u00e1 somam 400 mil metros quadrados<\/p>\n","protected":false},"author":14,"featured_media":142654,"comment_status":"closed","ping_status":"closed","sticky":false,"template":"","format":"standard","meta":{"footnotes":""},"categories":[2],"tags":[498,32],"ods":[],"class_list":["post-142649","post","type-post","status-publish","format-standard","has-post-thumbnail","hentry","category-noticias","tag-conselho-de-defesa-do-meio-ambiente-comdema","tag-planejamento-e-meio-ambiente"],"_links":{"self":[{"href":"https:\/\/jundiai.sp.gov.br\/noticias\/wp-json\/wp\/v2\/posts\/142649","targetHints":{"allow":["GET"]}}],"collection":[{"href":"https:\/\/jundiai.sp.gov.br\/noticias\/wp-json\/wp\/v2\/posts"}],"about":[{"href":"https:\/\/jundiai.sp.gov.br\/noticias\/wp-json\/wp\/v2\/types\/post"}],"author":[{"embeddable":true,"href":"https:\/\/jundiai.sp.gov.br\/noticias\/wp-json\/wp\/v2\/users\/14"}],"replies":[{"embeddable":true,"href":"https:\/\/jundiai.sp.gov.br\/noticias\/wp-json\/wp\/v2\/comments?post=142649"}],"version-history":[{"count":8,"href":"https:\/\/jundiai.sp.gov.br\/noticias\/wp-json\/wp\/v2\/posts\/142649\/revisions"}],"predecessor-version":[{"id":142661,"href":"https:\/\/jundiai.sp.gov.br\/noticias\/wp-json\/wp\/v2\/posts\/142649\/revisions\/142661"}],"wp:featuredmedia":[{"embeddable":true,"href":"https:\/\/jundiai.sp.gov.br\/noticias\/wp-json\/wp\/v2\/media\/142654"}],"wp:attachment":[{"href":"https:\/\/jundiai.sp.gov.br\/noticias\/wp-json\/wp\/v2\/media?parent=142649"}],"wp:term":[{"taxonomy":"category","embeddable":true,"href":"https:\/\/jundiai.sp.gov.br\/noticias\/wp-json\/wp\/v2\/categories?post=142649"},{"taxonomy":"post_tag","embeddable":true,"href":"https:\/\/jundiai.sp.gov.br\/noticias\/wp-json\/wp\/v2\/tags?post=142649"},{"taxonomy":"ods","embeddable":true,"href":"https:\/\/jundiai.sp.gov.br\/noticias\/wp-json\/wp\/v2\/ods?post=142649"}],"curies":[{"name":"wp","href":"https:\/\/api.w.org\/{rel}","templated":true}]}}