{"id":142666,"date":"2015-06-10T19:32:57","date_gmt":"2015-06-10T22:32:57","guid":{"rendered":"https:\/\/jundiai.sp.gov.br\/noticias\/?p=142666"},"modified":"2016-11-04T11:22:35","modified_gmt":"2016-11-04T13:22:35","slug":"prefeito-inaugura-academia-de-saude-no-santa-gertrudes","status":"publish","type":"post","link":"https:\/\/jundiai.sp.gov.br\/noticias\/2015\/06\/10\/prefeito-inaugura-academia-de-saude-no-santa-gertrudes\/","title":{"rendered":"Prefeito inaugura Academia de Sa\u00fade no Santa Gertrudes"},"content":{"rendered":"<p><strong>A manh\u00e3 desta quarta-feira (10) foi de festa para os moradores do Jardim Santa Gertrudes. A partir de agora, o bairro passa a contar com a primeira Academia de Sa\u00fade da cidade, constru\u00edda ao lado da unidade b\u00e1sica de sa\u00fade. Para marcar essa conquista, o prefeito Pedro Bigardi inaugurou oficialmente o local, durante o Programa Prefeitura em A\u00e7\u00e3o, que nesta etapa est\u00e1 visitando os bairros da regi\u00e3o Sul.<\/strong><\/p>\n<p><strong><a href=\"https:\/\/www.flickr.com\/photos\/prefeituradejundiai\/sets\/72157653839228609\" target=\"_blank\">CONFIRA AS FOTOS DO PREFEITURA EM A\u00c7\u00c3O NA REGI\u00c3O SUL<\/a><\/strong><\/p>\n<p><strong>MAIS PREFEITURA EM A\u00c7\u00c3O<br \/>\n<a href=\"https:\/\/jundiai.sp.gov.br\/noticias\/2015\/06\/10\/prefeitura-em-acao-prefeito-vistoria-obras-no-santa-gertrudes\/\" target=\"_blank\">Prefeito vistoria obras no Santa Gertrudes<\/a><\/strong><\/p>\n<div id=\"attachment_142669\" style=\"width: 730px\" class=\"wp-caption aligncenter\"><a href=\"https:\/\/jundiai.sp.gov.br\/noticias\/wp-content\/uploads\/sites\/32\/2015\/06\/Academia_Saude_A_0g.jpg\"><img loading=\"lazy\" decoding=\"async\" aria-describedby=\"caption-attachment-142669\" src=\"https:\/\/jundiai.sp.gov.br\/noticias\/wp-content\/uploads\/sites\/32\/2015\/06\/Academia_Saude_A_0g-720x458.jpg\" alt=\"Prefeito entregou o novo equipamento para a popula\u00e7\u00e3o\" width=\"720\" height=\"458\" class=\"size-large wp-image-142669\" srcset=\"https:\/\/jundiai.sp.gov.br\/noticias\/wp-content\/uploads\/sites\/32\/2015\/06\/Academia_Saude_A_0g-720x458.jpg 720w, https:\/\/jundiai.sp.gov.br\/noticias\/wp-content\/uploads\/sites\/32\/2015\/06\/Academia_Saude_A_0g-300x190.jpg 300w, https:\/\/jundiai.sp.gov.br\/noticias\/wp-content\/uploads\/sites\/32\/2015\/06\/Academia_Saude_A_0g.jpg 1240w\" sizes=\"auto, (max-width: 720px) 100vw, 720px\" \/><\/a><p id=\"caption-attachment-142669\" class=\"wp-caption-text\">Prefeito entregou o novo equipamento para a popula\u00e7\u00e3o<\/p><\/div>\n<p><strong>A academia de sa\u00fade tem como principal finalidade a promo\u00e7\u00e3o e a preven\u00e7\u00e3o de sa\u00fade. \u201cEsse equipamento segue o conceito de sa\u00fade mais ampliado. N\u00e3o queremos que a sa\u00fade seja s\u00f3 hospital, rem\u00e9dios. \u00c9 bom ver a alegria das pessoas que fazem atividades f\u00edsicas. Al\u00e9m disso, \u00e9 um local de encontro, de conviv\u00eancia\u201d, destacou o prefeito.<\/strong><\/p>\n<p><iframe loading=\"lazy\" class=\"alignright\" width=\"420\" height=\"315\" src=\"https:\/\/www.youtube.com\/embed\/e8TSSyL7Gmk\" frameborder=\"0\" allowfullscreen><\/iframe>O secret\u00e1rio de Sa\u00fade, Lu\u00eds Carlos Casarin, disse que o <strong>novo equipamento \u00e9 um marco para a cidade e reafirmou a proposta da atual gest\u00e3o de promover sa\u00fade. \u201cPara isso, temos de investir em outras \u00e1reas do cuidado. E esse servi\u00e7o traz a promo\u00e7\u00e3o da sa\u00fade para a pauta da cidade. Tenho certeza de que vai trazer muitos benef\u00edcios para a popula\u00e7\u00e3o\u201d<\/strong>, disse.<\/p>\n<p><strong>Atividades<\/strong><br \/>\n<strong>A academia j\u00e1 funciona h\u00e1 cerca de um m\u00eas.<\/strong> Entre as frequentadoras ass\u00edduas est\u00e1 a dona de casa Vera do Esp\u00edrito Santo, de 62 anos. Moradora do bairro h\u00e1 mais de 35 anos, ela conta que sempre foi adepta da atividade f\u00edsica. \u201cCostumava praticar em um clube da cidade. Mas h\u00e1 um tempo deixei de ser s\u00f3cia. <strong>Para mim, essa academia veio na hora certa. Agora venho aqui quase todos os dias para fazer alongamento\u201d, contou. E emendou: \u201cN\u00e3o tenho nenhum problema cr\u00f4nico de sa\u00fade. Fa\u00e7o atividade f\u00edsica para envelhecer melhor\u201d.<\/strong><\/p>\n<p><div id=\"attachment_142671\" style=\"width: 340px\" class=\"wp-caption alignleft\"><a href=\"https:\/\/jundiai.sp.gov.br\/noticias\/wp-content\/uploads\/sites\/32\/2015\/06\/Academia_Saude_A_1g.jpg\"><img loading=\"lazy\" decoding=\"async\" aria-describedby=\"caption-attachment-142671\" src=\"https:\/\/jundiai.sp.gov.br\/noticias\/wp-content\/uploads\/sites\/32\/2015\/06\/Academia_Saude_A_1g-665x960.jpg\" alt=\"Casarin destacou a import\u00e2ncia da promo\u00e7\u00e3o e preven\u00e7\u00e3o da sa\u00fade\" width=\"330\" height=\"3700\" class=\"size-large wp-image-142671\" \/><\/a><p id=\"caption-attachment-142671\" class=\"wp-caption-text\">Casarin destacou a import\u00e2ncia da promo\u00e7\u00e3o e preven\u00e7\u00e3o da sa\u00fade<\/p><\/div>A colega de dona Vera, Doraci Casati Borges, de 65 anos, contou que tinha problemas de press\u00e3o e de cora\u00e7\u00e3o, e que toda semana ia parar no hospital. \u201c<strong>Depois que comecei a fazer atividades f\u00edsicas minha vida mudou<\/strong>. Nunca mais tive crise e precisei ir para o hospital. Agora, isso faz parte da minha rotina.\u201d Para ela, que tamb\u00e9m j\u00e1 \u00e9 frequentadora da academia de sa\u00fade, <strong>o fato de ter um local no bairro \u00e9 fundamental. \u201cFacilita muito o acesso. Sem contar que a gente encontra as amigas. Virou um ponto de encontro.\u201d<\/strong><\/p>\n<p>A Academia de Sa\u00fade faz parte das <strong>Pr\u00e1ticas Integrativas e Complementares (PICs)<\/strong>, da Diretoria de A\u00e7\u00f5es de Sa\u00fade. O espa\u00e7o conta com <strong>salas de acolhimento e de atividades e conviv\u00eancia, e na \u00e1rea externa uma quadra e equipamentos de gin\u00e1stica<\/strong>. Os educadores f\u00edsicos Luciano Genari e Marlon Beisiegel e a fisioterapeuta Siane Benachio s\u00e3o respons\u00e1veis pelas atividades. Por enquanto, s\u00e3o oito diferentes: <strong>medita\u00e7\u00e3o, ioga, alongamento, gin\u00e1stica postural, gin\u00e1stica funcional, gin\u00e1stica geral, caminha monitorada e jogos e brincadeiras<\/strong>.<\/p>\n<p>Participaram ainda da cerim\u00f4nia de entrega o vice-prefeito Durval Orlato, os vereadores Gerson Sartori, Jos\u00e9 Adair e Jos\u00e9 Dias, o secret\u00e1rio-chefe de Gabinete, Alan Piccolo e os secret\u00e1rios: de Obras, J\u00fanior Aprillanti; da Educa\u00e7\u00e3o, Renato Polli; de Transportes, Wilson Folgozi; de Rela\u00e7\u00f5es Institucionais, Lir\u00e1ucio Tarini.<\/p>\n<p><strong><em>Niza Souza<br \/>\nFotos: Alessandro Rosman<\/em><\/strong><\/p>\n","protected":false},"excerpt":{"rendered":"<p>MAIS PREFEITURA EM A\u00c7\u00c3O: Prefeito vistoria obras de nova galeria de \u00e1guas pluviais e de recapeamento asf\u00e1ltico<\/p>\n","protected":false},"author":14,"featured_media":142668,"comment_status":"closed","ping_status":"closed","sticky":false,"template":"","format":"standard","meta":{"footnotes":""},"categories":[2],"tags":[58,615,3],"ods":[],"class_list":["post-142666","post","type-post","status-publish","format-standard","has-post-thumbnail","hentry","category-noticias","tag-prefeito","tag-prefeitura-em-acao","tag-saude"],"_links":{"self":[{"href":"https:\/\/jundiai.sp.gov.br\/noticias\/wp-json\/wp\/v2\/posts\/142666","targetHints":{"allow":["GET"]}}],"collection":[{"href":"https:\/\/jundiai.sp.gov.br\/noticias\/wp-json\/wp\/v2\/posts"}],"about":[{"href":"https:\/\/jundiai.sp.gov.br\/noticias\/wp-json\/wp\/v2\/types\/post"}],"author":[{"embeddable":true,"href":"https:\/\/jundiai.sp.gov.br\/noticias\/wp-json\/wp\/v2\/users\/14"}],"replies":[{"embeddable":true,"href":"https:\/\/jundiai.sp.gov.br\/noticias\/wp-json\/wp\/v2\/comments?post=142666"}],"version-history":[{"count":5,"href":"https:\/\/jundiai.sp.gov.br\/noticias\/wp-json\/wp\/v2\/posts\/142666\/revisions"}],"predecessor-version":[{"id":142880,"href":"https:\/\/jundiai.sp.gov.br\/noticias\/wp-json\/wp\/v2\/posts\/142666\/revisions\/142880"}],"wp:featuredmedia":[{"embeddable":true,"href":"https:\/\/jundiai.sp.gov.br\/noticias\/wp-json\/wp\/v2\/media\/142668"}],"wp:attachment":[{"href":"https:\/\/jundiai.sp.gov.br\/noticias\/wp-json\/wp\/v2\/media?parent=142666"}],"wp:term":[{"taxonomy":"category","embeddable":true,"href":"https:\/\/jundiai.sp.gov.br\/noticias\/wp-json\/wp\/v2\/categories?post=142666"},{"taxonomy":"post_tag","embeddable":true,"href":"https:\/\/jundiai.sp.gov.br\/noticias\/wp-json\/wp\/v2\/tags?post=142666"},{"taxonomy":"ods","embeddable":true,"href":"https:\/\/jundiai.sp.gov.br\/noticias\/wp-json\/wp\/v2\/ods?post=142666"}],"curies":[{"name":"wp","href":"https:\/\/api.w.org\/{rel}","templated":true}]}}