{"id":142699,"date":"2015-06-11T13:59:20","date_gmt":"2015-06-11T16:59:20","guid":{"rendered":"https:\/\/jundiai.sp.gov.br\/noticias\/?p=142699"},"modified":"2020-11-05T10:00:57","modified_gmt":"2020-11-05T13:00:57","slug":"moradores-da-regiao-do-cecap-debatem-plano-de-seguranca","status":"publish","type":"post","link":"https:\/\/jundiai.sp.gov.br\/noticias\/2015\/06\/11\/moradores-da-regiao-do-cecap-debatem-plano-de-seguranca\/","title":{"rendered":"Moradores da regi\u00e3o do Cecap debatem Plano de Seguran\u00e7a"},"content":{"rendered":"<p><strong>O Plano Municipal de Seguran\u00e7a P\u00fablica e Cidadania foi apresentado em audi\u00eancia p\u00fablica, comandada pelo coordenador executivo do Gabinete de Gest\u00e3o Integrada Municipal (GGIM), Jos\u00e9 Carlos Pires, na noite de quarta-feira (10), aos moradores dos bairros Cecap, Morada das Vinhas, Parque Centen\u00e1rio e Vista Alegre. Ao todo, j\u00e1 ocorreram 18 audi\u00eancias, abrangendo cerca de 2 mil pessoas. As pr\u00f3ximas ser\u00e3o na segunda (15), na Ponte S\u00e3o Jo\u00e3o, e na quarta-feira (17), no Eloy Chaves.<\/strong><\/p>\n<p><strong>A comunidade da regi\u00e3o do Cecap aprovou a iniciativa da Prefeitura em debater a seguran\u00e7a p\u00fablica nos bairros. \u201c\u00c9 importante fazer esta discuss\u00e3o, ouvir os moradores sobre os problemas de seguran\u00e7a, principalmente nesta regi\u00e3o que \u00e9 muito populosa\u201d<\/strong>, disse a agente operacional Aparecida Madalena da Silva, de 46 anos, residente no Morada das Vinhas. \u201cEm 20 anos que moro aqui, <strong>\u00e9 a primeira vez que participo de um debate como este<\/strong>.\u201d<\/p>\n<p><strong>LEIA TAMB\u00c9M<br \/>\n<\/strong><a href=\"https:\/\/jundiai.sp.gov.br\/noticias\/2015\/06\/09\/regiao-da-vila-comercial-debate-plano-de-seguranca\/\" target=\"_blank\" rel=\"noopener noreferrer\">Regi\u00e3o da Vila Comercial debate Plano de Seguran\u00e7a<\/a><br \/>\n<a href=\"https:\/\/jundiai.sp.gov.br\/noticias\/2015\/06\/10\/forcas-de-seguranca-vao-atuar-nos-59o-jogos-regionais\/\" target=\"_blank\" rel=\"noopener noreferrer\">For\u00e7as de seguran\u00e7a v\u00e3o atuar nos 59\u00ba Jogos Regionais<\/a><br \/>\n<a href=\"https:\/\/jundiai.sp.gov.br\/noticias\/2015\/06\/10\/rede-de-atencao-a-mulher-e-destacada-em-reuniao-sobre-seguranca\/\" target=\"_blank\" rel=\"noopener noreferrer\">Aten\u00e7\u00e3o \u00e0 Mulher \u00e9 destacada em reuni\u00e3o sobre seguran\u00e7a<\/a><\/p>\n<div id=\"attachment_142701\" style=\"width: 730px\" class=\"wp-caption aligncenter\"><a href=\"https:\/\/jundiai.sp.gov.br\/noticias\/wp-content\/uploads\/sites\/32\/2015\/06\/audiencia_ggim_morada_vinhas_D12g.jpg\"><img loading=\"lazy\" decoding=\"async\" aria-describedby=\"caption-attachment-142701\" class=\"size-large wp-image-142701\" src=\"https:\/\/jundiai.sp.gov.br\/noticias\/wp-content\/uploads\/sites\/32\/2015\/06\/audiencia_ggim_morada_vinhas_D12g-720x474.jpg\" alt=\"Moradores aprovaram a iniciativa da Prefeitura de debater seguran\u00e7a p\u00fablico nos bairros\" width=\"720\" height=\"474\" srcset=\"https:\/\/jundiai.sp.gov.br\/noticias\/wp-content\/uploads\/sites\/32\/2015\/06\/audiencia_ggim_morada_vinhas_D12g-720x474.jpg 720w, https:\/\/jundiai.sp.gov.br\/noticias\/wp-content\/uploads\/sites\/32\/2015\/06\/audiencia_ggim_morada_vinhas_D12g-300x197.jpg 300w, https:\/\/jundiai.sp.gov.br\/noticias\/wp-content\/uploads\/sites\/32\/2015\/06\/audiencia_ggim_morada_vinhas_D12g.jpg 1240w\" sizes=\"auto, (max-width: 720px) 100vw, 720px\" \/><\/a><p id=\"caption-attachment-142701\" class=\"wp-caption-text\">Moradores aprovaram a iniciativa da Prefeitura de debater seguran\u00e7a p\u00fablico nos bairros<\/p><\/div>\n<p>H\u00e1 19 anos no Morada das Vinhas, o zelador Jo\u00e3o Batista Martins, 62 anos, tamb\u00e9m <strong>considerou a audi\u00eancia positiva. \u201cSeguran\u00e7a \u00e9 fundamental e esta iniciativa da Prefeitura de ouvir a popula\u00e7\u00e3o \u00e9 in\u00e9dita, espero que traga bons resultados.\u201d<\/strong><\/p>\n<p>O vereador Marcelo Gastaldo, morador no Cecap, tamb\u00e9m participou da audi\u00eancia. <strong>\u201c\u00c9 uma oportunidade de a comunidade expor seus problemas e colaborar com sugest\u00f5es para o Plano de Seguran\u00e7a.\u201d<\/strong><\/p>\n<p>Uma das preocupa\u00e7\u00f5es da popula\u00e7\u00e3o local \u00e9 em rela\u00e7\u00e3o \u00e0 <strong>seguran\u00e7a dos jovens<\/strong>. Como sugest\u00e3o, os participantes pediram o <strong>refor\u00e7o do patrulhamento na entrada e sa\u00edda das escolas e implanta\u00e7\u00e3o de \u00e1rea de lazer. Pires lembrou que a Prefeitura deve entregar em breve o <a href=\"https:\/\/jundiai.sp.gov.br\/noticias\/2015\/03\/27\/prefeitura-em-acao-populacao-agradece-obras-na-regiao-norte\/\" target=\"_blank\" rel=\"noopener noreferrer\">Bosque do Morada das Vinhas<\/a> e o CEU das Artes no Jardim Vista Alegre, que v\u00e3o atender a regi\u00e3o. \u201cA cada audi\u00eancia surgem novas ideias e as sugest\u00f5es da comunidade ser\u00e3o avaliadas pelo GGIM e o Conselho de Seguran\u00e7a e poder\u00e3o ser incorporadas ao plano. Algumas delas, inclusive, j\u00e1 est\u00e3o sendo executadas\u201d<\/strong>, informou Pires.<\/p>\n<p><strong>Esef<\/strong><br \/>\nAtendendo um convite da <strong><a href=\"http:\/\/www.esef.br\/\" target=\"_blank\" rel=\"noopener noreferrer\">Escola Superior de Educa\u00e7\u00e3o F\u00edsica (Esef)<\/a>, o coordenador executivo do GGIM apresentou o Plano Municipal de Seguran\u00e7a e Cidadania aos funcion\u00e1rios e alunos da institui\u00e7\u00e3o. \u201cO fato de apresentar o Plano para a Esef contribui para que alunos e professores tenham uma vis\u00e3o mais ampliada sobre seguran\u00e7a p\u00fablica e abre espa\u00e7o para que apresentem demandas, o que \u00e9 fundamental\u201d<\/strong>, destacou o diretor da Esef, Pedro Rocha Lemos.<\/p>\n<p><strong>Audi\u00eancias <\/strong><br \/>\nAs audi\u00eancias fazem parte do processo de implanta\u00e7\u00e3o do plano, que tem como eixo condutor a <strong>integra\u00e7\u00e3o entre as for\u00e7as de seguran\u00e7a, administra\u00e7\u00e3o p\u00fablica e sociedade<\/strong>. Segundo Jos\u00e9 Carlos Pires, os <strong><a href=\"https:\/\/jundiai.sp.gov.br\/noticias\/2015\/05\/05\/datas-de-audiencia-de-plano-de-seguranca-tem-alteracao\/\" target=\"_blank\" rel=\"noopener noreferrer\">encontros foram divididos por regi\u00f5es<\/a><\/strong>, de acordo com a aproxima\u00e7\u00e3o geogr\u00e1fica, para <strong>facilitar o deslocamento da popula\u00e7\u00e3o e tamb\u00e9m ouvir sugest\u00f5es e contribui\u00e7\u00f5es dos moradores de todos os bairros de Jundia\u00ed<\/strong>.<\/p>\n<p><strong>O plano<\/strong><br \/>\nConstitu\u00eddo de <strong>10 desafios e 35 metas<\/strong>, o plano prev\u00ea a <strong><a href=\"https:\/\/jundiai.sp.gov.br\/noticias\/2015\/05\/22\/aglomeracao-urbana-cobra-monitoramento-do-governo-do-estado\/\" target=\"_blank\" rel=\"noopener noreferrer\">amplia\u00e7\u00e3o do sistema de videomonitoramento em parceria com o Governo do Estado. Chamado de Muralha Virtual, o objetivo \u00e9 de que as c\u00e2meras atendam n\u00e3o s\u00f3 Jundia\u00ed, mas todas as cidades que fazem parte da Aglomera\u00e7\u00e3o Urbana de Jundia\u00ed (AUJ)<\/a><\/strong>.<\/p>\n<p>Outra meta \u00e9 a <strong>instala\u00e7\u00e3o da Delegacia da Pol\u00edcia Federal em Jundia\u00ed, assim como o Departamento de Pol\u00edcia do Interior (Deinter) e o Comando de Policiamento do Interior (CPI), ambos da Pol\u00edcia Militar.<\/strong><\/p>\n<p>Al\u00e9m das metas j\u00e1 atingidas, como a cria\u00e7\u00e3o do <strong>Conselho Municipal de Seguran\u00e7a P\u00fablica e Cidadania, e do Fundo Municipal, o plano ainda prev\u00ea a descentraliza\u00e7\u00e3o da Guarda Municipal, regulamenta\u00e7\u00e3o dos vigilantes aut\u00f4nomos<\/strong>, entre outras.<\/p>\n<p><strong><em>Viviane Rodrigues<br \/>\nFoto: Dorival Pinheiro Filho<\/em><\/strong><\/p>\n","protected":false},"excerpt":{"rendered":"<p>O Plano Municipal de Seguran\u00e7a P\u00fablica e Cidadania foi apresentado em audi\u00eancia p\u00fablica, comandada pelo coordenador executivo do Gabinete de Gest\u00e3o Integrada Municipal (GGIM), Jos\u00e9 Carlos Pires, na noite de quarta-feira (10), aos moradores dos bairros Cecap, Morada das Vinhas, Parque Centen\u00e1rio e Vista Alegre. Ao todo, j\u00e1 ocorreram 18 audi\u00eancias, abrangendo cerca de 2 [&hellip;]<\/p>\n","protected":false},"author":14,"featured_media":0,"comment_status":"closed","ping_status":"closed","sticky":false,"template":"","format":"standard","meta":{"footnotes":""},"categories":[2],"tags":[91,250,560],"ods":[],"class_list":["post-142699","post","type-post","status-publish","format-standard","hentry","category-noticias","tag-escola-superior-de-educacao-fisica-de-jundiai-esef","tag-gabinete-de-gestao-integrada-municipal-ggim","tag-plano-de-seguranca-publica-e-cidadania"],"_links":{"self":[{"href":"https:\/\/jundiai.sp.gov.br\/noticias\/wp-json\/wp\/v2\/posts\/142699","targetHints":{"allow":["GET"]}}],"collection":[{"href":"https:\/\/jundiai.sp.gov.br\/noticias\/wp-json\/wp\/v2\/posts"}],"about":[{"href":"https:\/\/jundiai.sp.gov.br\/noticias\/wp-json\/wp\/v2\/types\/post"}],"author":[{"embeddable":true,"href":"https:\/\/jundiai.sp.gov.br\/noticias\/wp-json\/wp\/v2\/users\/14"}],"replies":[{"embeddable":true,"href":"https:\/\/jundiai.sp.gov.br\/noticias\/wp-json\/wp\/v2\/comments?post=142699"}],"version-history":[{"count":8,"href":"https:\/\/jundiai.sp.gov.br\/noticias\/wp-json\/wp\/v2\/posts\/142699\/revisions"}],"predecessor-version":[{"id":257660,"href":"https:\/\/jundiai.sp.gov.br\/noticias\/wp-json\/wp\/v2\/posts\/142699\/revisions\/257660"}],"wp:attachment":[{"href":"https:\/\/jundiai.sp.gov.br\/noticias\/wp-json\/wp\/v2\/media?parent=142699"}],"wp:term":[{"taxonomy":"category","embeddable":true,"href":"https:\/\/jundiai.sp.gov.br\/noticias\/wp-json\/wp\/v2\/categories?post=142699"},{"taxonomy":"post_tag","embeddable":true,"href":"https:\/\/jundiai.sp.gov.br\/noticias\/wp-json\/wp\/v2\/tags?post=142699"},{"taxonomy":"ods","embeddable":true,"href":"https:\/\/jundiai.sp.gov.br\/noticias\/wp-json\/wp\/v2\/ods?post=142699"}],"curies":[{"name":"wp","href":"https:\/\/api.w.org\/{rel}","templated":true}]}}