{"id":142734,"date":"2015-06-11T16:03:54","date_gmt":"2015-06-11T19:03:54","guid":{"rendered":"https:\/\/jundiai.sp.gov.br\/noticias\/?p=142734"},"modified":"2020-11-05T10:06:04","modified_gmt":"2020-11-05T13:06:04","slug":"duas-escolas-do-santa-gertrudes-recebem-a-visita-do-prefeito","status":"publish","type":"post","link":"https:\/\/jundiai.sp.gov.br\/noticias\/2015\/06\/11\/duas-escolas-do-santa-gertrudes-recebem-a-visita-do-prefeito\/","title":{"rendered":"Prefeito visita duas escolas do Santa Gertrudes"},"content":{"rendered":"<p><strong>O prefeito Pedro Bigardi foi recebido com festa pelos alunos de duas escolas municipais do Jardim Santa Gertrudes, na manh\u00e3 desta quinta-feira (11). A visita \u00e0s Emebs Professor Luiz Biela de Souza e Professor Carlos Foot Guimar\u00e3es integra o Programa Prefeitura em A\u00e7\u00e3o, que est\u00e1 percorrendo a regi\u00e3o Sul da cidade. <\/strong><\/p>\n<p><strong>\u201cS\u00e3o obras muito importantes para a regi\u00e3o. Al\u00e9m de <a href=\"https:\/\/jundiai.sp.gov.br\/noticias\/2015\/02\/28\/prefeitura-distribui-milhares-de-uniformes-escolares\/\" target=\"_blank\" rel=\"noopener noreferrer\">entregar uniforme e material escolar<\/a>, estamos investindo em forma\u00e7\u00f5es e na parte f\u00edsica das escolas municipais, com reformas, amplia\u00e7\u00f5es e melhorias. Avan\u00e7amos muito do ponto de vista da qualifica\u00e7\u00e3o das unidades. N\u00f3s tamb\u00e9m contamos com profissionais empenhados e o nosso contato com eles, como est\u00e1 ocorrendo hoje, ajuda na melhoria da qualidade da educa\u00e7\u00e3o, que \u00e9 uma das nossas grandes preocupa\u00e7\u00f5es\u201d, comentou o prefeito Pedro Bigardi, enquanto era cercado por alunos que queriam conhec\u00ea-lo, abra\u00e7\u00e1-lo e trocar ideias.<\/strong><\/p>\n<p><strong><a href=\"https:\/\/www.flickr.com\/photos\/prefeituradejundiai\/sets\/72157653839228609\" target=\"_blank\" rel=\"noopener noreferrer\">CONFIRA AS FOTOS DO PREFEITURA EM A\u00c7\u00c3O NA REGI\u00c3O SUL<\/a><\/strong><\/p>\n<p><strong>LEIA TAMB\u00c9M<br \/>\n<\/strong><a href=\"https:\/\/jundiai.sp.gov.br\/noticias\/2015\/06\/10\/prefeitura-em-acao-prefeito-vistoria-obras-no-santa-gertrudes\/\" target=\"_blank\" rel=\"noopener noreferrer\">Prefeito vistoria obras no Santa Gertrudes<\/a><br \/>\n<a href=\"https:\/\/jundiai.sp.gov.br\/noticias\/2015\/06\/11\/sinalizacao-melhora-transito-na-rua-joao-ferrara\/\" target=\"_blank\" rel=\"noopener noreferrer\">Sinaliza\u00e7\u00e3o melhora tr\u00e2nsito na rua Jo\u00e3o Ferrara<\/a><br \/>\n<a href=\"https:\/\/jundiai.sp.gov.br\/noticias\/2015\/06\/10\/obras-em-escolas-vao-gerar-mais-de-700-novas-vagas\/\" target=\"_blank\" rel=\"noopener noreferrer\">Obras em escolas v\u00e3o gerar mais de 700 novas vagas<\/a><br \/>\n<a href=\"https:\/\/jundiai.sp.gov.br\/noticias\/2015\/06\/10\/prefeito-inaugura-academia-de-saude-no-santa-gertrudes\/\" target=\"_blank\" rel=\"noopener noreferrer\">Prefeito inaugura Academia de Sa\u00fade no Santa Gertrudes<\/a><\/p>\n<div id=\"attachment_142738\" style=\"width: 730px\" class=\"wp-caption aligncenter\"><a href=\"https:\/\/jundiai.sp.gov.br\/noticias\/wp-content\/uploads\/sites\/32\/2015\/06\/Prefeitura-em-Acao-EMEBs_c_25_G.jpg\"><img loading=\"lazy\" decoding=\"async\" aria-describedby=\"caption-attachment-142738\" class=\"size-large wp-image-142738\" src=\"https:\/\/jundiai.sp.gov.br\/noticias\/wp-content\/uploads\/sites\/32\/2015\/06\/Prefeitura-em-Acao-EMEBs_c_25_G-720x559.jpg\" alt=\"Prefeito conversou com professores e alunos\" width=\"720\" height=\"559\" srcset=\"https:\/\/jundiai.sp.gov.br\/noticias\/wp-content\/uploads\/sites\/32\/2015\/06\/Prefeitura-em-Acao-EMEBs_c_25_G-720x559.jpg 720w, https:\/\/jundiai.sp.gov.br\/noticias\/wp-content\/uploads\/sites\/32\/2015\/06\/Prefeitura-em-Acao-EMEBs_c_25_G-300x232.jpg 300w, https:\/\/jundiai.sp.gov.br\/noticias\/wp-content\/uploads\/sites\/32\/2015\/06\/Prefeitura-em-Acao-EMEBs_c_25_G.jpg 1240w\" sizes=\"auto, (max-width: 720px) 100vw, 720px\" \/><\/a><p id=\"caption-attachment-142738\" class=\"wp-caption-text\">Prefeito conversou com professores e alunos<\/p><\/div>\n<p><strong>Nas duas unidades, o prefeito, o vice-prefeito, Durval Orlato, e o secret\u00e1rio de Educa\u00e7\u00e3o, Jos\u00e9 Renato Polli, conversaram com a equipe escolar e com os estudantes, al\u00e9m de vistoriar obras.<\/strong> Na <strong>Luiz Biela<\/strong>, onde s\u00e3o atendidos <strong>cerca de 280 alunos em per\u00edodo integral, o pr\u00e9dio recebeu nova pintura, ganhou mais duas salas de aulas e est\u00e1 em fase final a constru\u00e7\u00e3o da quadra coberta<\/strong>.<\/p>\n<p><iframe loading=\"lazy\" class=\"alignright\" src=\"https:\/\/www.youtube.com\/embed\/Sekfu8WSVVE\" width=\"420\" height=\"315\" frameborder=\"0\" allowfullscreen=\"allowfullscreen\"><\/iframe>J\u00e1 na <strong>Carlos Foot<\/strong>, al\u00e9m da <strong>troca do telhado e dos servi\u00e7os de pintura, foram instalados equipamentos de combate a inc\u00eandio, telas de prote\u00e7\u00e3o e realizadas obras de acessibilidade: rampa e piso t\u00e1til. Mais de R$ 1,1 milh\u00e3o foram investidos. A Emeb atende mais de 620 alunos.<\/strong><\/p>\n<p><strong>\u201c\u00c9 uma alegria acompanhar tudo isso e ver que as obras previstas est\u00e3o sendo conclu\u00eddas ou em andamento, e que a comunidade est\u00e1 aprovando. O principal objetivo do nosso trabalho s\u00e3o as crian\u00e7as e essas melhorias trazem muitos benef\u00edcios para elas\u201d<\/strong>, completou o secret\u00e1rio de Educa\u00e7\u00e3o.<\/p>\n<p><strong>Novo olhar<\/strong><br \/>\nAs diretoras do Luiz Biela, Silvana Visnardi, e do Carlos Foot, Raquel Santos, destacaram a <strong>import\u00e2ncia desse trabalho. \u201cN\u00e3o s\u00f3 os servi\u00e7os, mas essa visita mostra o cuidado da atual administra\u00e7\u00e3o com a popula\u00e7\u00e3o. Esse olhar da gest\u00e3o \u00e9 muito importante. A comunidade almejava muito essa reforma, principalmente a troca do telhado. Era um problema antigo, que foi resolvido e vai refletir no pedag\u00f3gico. Estamos felizes\u201d<\/strong>, ressaltou Raquel.<\/p>\n<p>Tamb\u00e9m acompanharam a visita os secret\u00e1rios de Rela\u00e7\u00f5es Institucionais, Lir\u00e1ucio Tarini; de Agricultura, Abastecimento e Turismo, Marcos Brunholi; de <a href=\"http:\/\/cultura.jundiai.sp.gov.br\/\" target=\"_blank\" rel=\"noopener noreferrer\">Cultura<\/a>, T\u00e9rcio Marinho; o diretor-presidente do <a href=\"http:\/\/iprejun.sp.gov.br\/\" target=\"_blank\" rel=\"noopener noreferrer\">Iprejun<\/a>, Eudis Urbano; o superintendente da TVE, Thiago Godinho; o chefe de Gabinete, Alan Piccolo; o coordenador da Defesa Civil, Eduardo Luiz Carbonari; o comandante da Guarda Municipal, Jos\u00e9 Roberto Ferraz; e os vereadores Gerson Satori, e Jos\u00e9 Dias, que tamb\u00e9m elogiaram as benfeitorias nas duas escolas.<\/p>\n<div id=\"attachment_142739\" style=\"width: 730px\" class=\"wp-caption aligncenter\"><a href=\"https:\/\/jundiai.sp.gov.br\/noticias\/wp-content\/uploads\/sites\/32\/2015\/06\/Prefeitura_em_Acao_EMEBs_c_95_G.jpg\"><img loading=\"lazy\" decoding=\"async\" aria-describedby=\"caption-attachment-142739\" class=\"size-large wp-image-142739\" src=\"https:\/\/jundiai.sp.gov.br\/noticias\/wp-content\/uploads\/sites\/32\/2015\/06\/Prefeitura_em_Acao_EMEBs_c_95_G-720x515.jpg\" alt=\"Emebs foram reformadas e ampliadas\" width=\"720\" height=\"515\" srcset=\"https:\/\/jundiai.sp.gov.br\/noticias\/wp-content\/uploads\/sites\/32\/2015\/06\/Prefeitura_em_Acao_EMEBs_c_95_G-720x515.jpg 720w, https:\/\/jundiai.sp.gov.br\/noticias\/wp-content\/uploads\/sites\/32\/2015\/06\/Prefeitura_em_Acao_EMEBs_c_95_G-300x214.jpg 300w, https:\/\/jundiai.sp.gov.br\/noticias\/wp-content\/uploads\/sites\/32\/2015\/06\/Prefeitura_em_Acao_EMEBs_c_95_G.jpg 1240w\" sizes=\"auto, (max-width: 720px) 100vw, 720px\" \/><\/a><p id=\"caption-attachment-142739\" class=\"wp-caption-text\">Emebs foram reformadas e ampliadas<\/p><\/div>\n<p><strong><em>Roberta de S\u00e1<br \/>\nFotos: Cleber de Almeida<\/em><\/strong><\/p>\n","protected":false},"excerpt":{"rendered":"<p>LEIA TAMB\u00c9M: Sinaliza\u00e7\u00e3o melhora tr\u00e2nsito na rua Jo\u00e3o Ferrara, que recebeu recapeamento na segunda-feira (8)<\/p>\n","protected":false},"author":14,"featured_media":142737,"comment_status":"closed","ping_status":"closed","sticky":false,"template":"","format":"standard","meta":{"footnotes":""},"categories":[2],"tags":[6,630,58,615],"ods":[],"class_list":["post-142734","post","type-post","status-publish","format-standard","has-post-thumbnail","hentry","category-noticias","tag-educacao","tag-emeb","tag-prefeito","tag-prefeitura-em-acao"],"_links":{"self":[{"href":"https:\/\/jundiai.sp.gov.br\/noticias\/wp-json\/wp\/v2\/posts\/142734","targetHints":{"allow":["GET"]}}],"collection":[{"href":"https:\/\/jundiai.sp.gov.br\/noticias\/wp-json\/wp\/v2\/posts"}],"about":[{"href":"https:\/\/jundiai.sp.gov.br\/noticias\/wp-json\/wp\/v2\/types\/post"}],"author":[{"embeddable":true,"href":"https:\/\/jundiai.sp.gov.br\/noticias\/wp-json\/wp\/v2\/users\/14"}],"replies":[{"embeddable":true,"href":"https:\/\/jundiai.sp.gov.br\/noticias\/wp-json\/wp\/v2\/comments?post=142734"}],"version-history":[{"count":17,"href":"https:\/\/jundiai.sp.gov.br\/noticias\/wp-json\/wp\/v2\/posts\/142734\/revisions"}],"predecessor-version":[{"id":257677,"href":"https:\/\/jundiai.sp.gov.br\/noticias\/wp-json\/wp\/v2\/posts\/142734\/revisions\/257677"}],"wp:featuredmedia":[{"embeddable":true,"href":"https:\/\/jundiai.sp.gov.br\/noticias\/wp-json\/wp\/v2\/media\/142737"}],"wp:attachment":[{"href":"https:\/\/jundiai.sp.gov.br\/noticias\/wp-json\/wp\/v2\/media?parent=142734"}],"wp:term":[{"taxonomy":"category","embeddable":true,"href":"https:\/\/jundiai.sp.gov.br\/noticias\/wp-json\/wp\/v2\/categories?post=142734"},{"taxonomy":"post_tag","embeddable":true,"href":"https:\/\/jundiai.sp.gov.br\/noticias\/wp-json\/wp\/v2\/tags?post=142734"},{"taxonomy":"ods","embeddable":true,"href":"https:\/\/jundiai.sp.gov.br\/noticias\/wp-json\/wp\/v2\/ods?post=142734"}],"curies":[{"name":"wp","href":"https:\/\/api.w.org\/{rel}","templated":true}]}}