{"id":142847,"date":"2015-06-11T19:07:10","date_gmt":"2015-06-11T22:07:10","guid":{"rendered":"https:\/\/jundiai.sp.gov.br\/noticias\/?p=142847"},"modified":"2016-11-04T11:34:04","modified_gmt":"2016-11-04T13:34:04","slug":"jundiai-e-escolhida-para-sediar-etapa-do-sabores-de-sao-paulo","status":"publish","type":"post","link":"https:\/\/jundiai.sp.gov.br\/noticias\/2015\/06\/11\/jundiai-e-escolhida-para-sediar-etapa-do-sabores-de-sao-paulo\/","title":{"rendered":"Jundia\u00ed \u00e9 escolhida para sediar etapa do &#8216;Sabor de S\u00e3o Paulo&#8217;"},"content":{"rendered":"<p><strong>Pela primeira vez na hist\u00f3ria do evento, Jundia\u00ed foi escolhida para abrigar uma das fases eliminat\u00f3rias de 15 macrorregi\u00f5es do <a href=\"http:\/\/www.sabordesaopaulo.com.br\/webforms\/\" target=\"_blank\">festival gastron\u00f4mico Sabor de S\u00e3o Paulo<\/a>, realizado pela <a href=\"http:\/\/www.turismo.sp.gov.br\/\" target=\"_blank\">Secretaria de Turismo do Estado de S\u00e3o Paulo<\/a> em parceria com a revista &#8220;Prazeres da Mesa&#8221;. Com inscri\u00e7\u00f5es abertas, o evento vai selecionar dez pratos de uma grande regi\u00e3o para classificar quatro deles na ter\u00e7a-feira (30) no <a href=\"http:\/\/www.sp.senac.br\/jsp\/default.jsp?newsID=a543.htm&#038;testeira=433&#038;unit=JUN&#038;sub=1\" target=\"_blank\">Senac Jundia\u00ed<\/a>. <\/strong><\/p>\n<p>\u201cEssa novidade \u00e9 um <strong>reconhecimento aos esfor\u00e7os que a Prefeitura e a pr\u00f3pria comunidade tem feito para valorizar a cidade como um polo gastron\u00f4mico<\/strong>\u201d, afirma o secret\u00e1rio de da Agricultura, Abastecimento e Turismo, Marcos Brunholi.<\/p>\n<p><strong>LEIA TAMB\u00c9M<br \/>\n<a href=\"https:\/\/jundiai.sp.gov.br\/noticias\/2015\/06\/08\/festival-oferece-50-sabores-na-semana-dos-namorados\/\" target=\"_blank\">Festival oferece 50 \u2018sabores\u2019 na Semana dos Namorados<\/a><br \/>\n<a href=\"https:\/\/jundiai.sp.gov.br\/noticias\/2015\/06\/11\/sexta-no-centro-agita-o-dia-dos-namorados\/\" target=\"_blank\">Sexta no Centro agita o Dia dos Namorados na sexta (12)<\/a><\/strong><\/p>\n<div id=\"attachment_142848\" style=\"width: 730px\" class=\"wp-caption aligncenter\"><a href=\"https:\/\/jundiai.sp.gov.br\/noticias\/wp-content\/uploads\/sites\/32\/2015\/06\/logotipoG.jpg\"><img loading=\"lazy\" decoding=\"async\" aria-describedby=\"caption-attachment-142848\" src=\"https:\/\/jundiai.sp.gov.br\/noticias\/wp-content\/uploads\/sites\/32\/2015\/06\/logotipoG-720x265.jpg\" alt=\"Pela primeira vez na hist\u00f3ria do evento,  Jundia\u00ed foi escolhido\" width=\"720\" height=\"265\" class=\"size-large wp-image-142848\" srcset=\"https:\/\/jundiai.sp.gov.br\/noticias\/wp-content\/uploads\/sites\/32\/2015\/06\/logotipoG-720x265.jpg 720w, https:\/\/jundiai.sp.gov.br\/noticias\/wp-content\/uploads\/sites\/32\/2015\/06\/logotipoG-300x110.jpg 300w, https:\/\/jundiai.sp.gov.br\/noticias\/wp-content\/uploads\/sites\/32\/2015\/06\/logotipoG.jpg 1240w\" sizes=\"auto, (max-width: 720px) 100vw, 720px\" \/><\/a><p id=\"caption-attachment-142848\" class=\"wp-caption-text\">Pela primeira vez na hist\u00f3ria do evento, Jundia\u00ed foi escolhida<\/p><\/div>\n<p>A diretora de Turismo, Marcela Moro, lembra que <strong>esse evento busca identificar a gastronomia tradicional ou diferenciada que existe no interior paulista e os estabelecimentos interessados devem atentar para a presen\u00e7a de ingredientes ou receitas herdadas de gera\u00e7\u00f5es passadas.<\/strong><\/p>\n<p>No evento estadual, <strong>todas as pessoas que criam, produzem e vendem pratos com forte la\u00e7o cultural com sua regi\u00e3o de origem podem se inscrever por sua cidade<\/strong> &#8211; quer sejam cozinheiros, comerciantes de rua ou donos de estabelecimentos que servem quitutes t\u00edpicos. <strong>A organiza\u00e7\u00e3o do evento oferecer\u00e1 transporte e alojamento para os selecionados<\/strong>.<\/p>\n<p><iframe loading=\"lazy\" class=\"alignright\" width=\"420\" height=\"315\" src=\"https:\/\/www.youtube.com\/embed\/MZ14AjV3_uc\" frameborder=\"0\" allowfullscreen><\/iframe><strong>As inscri\u00e7\u00f5es para a sele\u00e7\u00e3o prevista devem ser feitas entre o domingo (21) e a ter\u00e7a-feira (23) no site do  <a href=\"http:\/\/www.sabordesaopaulo.com.br\/webforms\/\" target=\"_blank\">Sabor de S\u00e3o Paulo<\/a>.<\/strong><\/p>\n<p>As eliminat\u00f3rias ter\u00e3o, em todas as cidades, um<strong> chef padrinho (que em Jundia\u00ed ser\u00e1 Dalton Rangel)<\/strong> e ser\u00e3o organizadas no formato de <strong>feiras<\/strong>, nas quais o p\u00fablico poder\u00e1 degustar os pratos selecionados e votar em seu quitute preferido.<\/p>\n<p><strong>O evento coincide com o per\u00edodo em que Jundia\u00ed promove seu pr\u00f3prio festival gastron\u00f4mico local, o <a href=\"http:\/\/www.saboresdejundiai.com.br\/\" target=\"_blank\">Sabores de Jundia\u00ed<\/a>, com brindes ao n\u00famero de pratos consumidos em seu passaporte especial.<\/strong> <\/p>\n<p><strong>Festa de degusta\u00e7\u00e3o <\/strong><br \/>\nO evento da ter\u00e7a-feira (30) no Senac Jundia\u00ed, nessa parceria com o Governo do Estado e a Prefeitura, vai <strong>reunir os dez pratos selecionados para essa etapa e pode ser acompanhado pelos interessados das 17h \u00e0s 21h com um ingresso a R$ 10 (reservado na pr\u00f3pria unidade a partir das 14h desse dia) com direito a degusta\u00e7\u00e3o de por\u00e7\u00f5es de todos os dez finalistas, participando do voto popular.<\/strong><\/p>\n<p>J\u00e1 os interessados em participar das <strong>palestras, previstas para serem realizadas no mesmo dia da eliminat\u00f3ria pelo chef Dalton, \u00e0s 15h, tamb\u00e9m podem se inscrever gratuitamente no <a href=\"http:\/\/www.sp.senac.br\/jsp\/default.jsp?newsID=DYNAMIC,oracle.br.dataservers.ContentEventDataServer18,selectEvent&#038;template=949.dwt&#038;event=2686&#038;unit=JUN\" target=\"_blank\">Senac Jundia\u00ed<\/a><\/strong>. <\/p>\n<p><strong>As etapas eliminat\u00f3rias culminam em uma grande final no m\u00eas de novembro, com os quatro selecionados de cada macrorregi\u00e3o em uma festa prevista pela organiza\u00e7\u00e3o para 50 mil pessoas.<\/strong><\/p>\n<div id=\"attachment_142849\" style=\"width: 730px\" class=\"wp-caption aligncenter\"><a href=\"https:\/\/jundiai.sp.gov.br\/noticias\/wp-content\/uploads\/sites\/32\/2015\/06\/Travitalia_A_3g.jpg\"><img loading=\"lazy\" decoding=\"async\" aria-describedby=\"caption-attachment-142849\" src=\"https:\/\/jundiai.sp.gov.br\/noticias\/wp-content\/uploads\/sites\/32\/2015\/06\/Travitalia_A_3g-720x480.jpg\" alt=\"Na edi\u00e7\u00e3o anterior, prato do Travit\u00e1lia esteve com outro do Feij\u00e3o com Picanha nas eliminat\u00f3rias\" width=\"720\" height=\"480\" class=\"size-large wp-image-142849\" srcset=\"https:\/\/jundiai.sp.gov.br\/noticias\/wp-content\/uploads\/sites\/32\/2015\/06\/Travitalia_A_3g-720x480.jpg 720w, https:\/\/jundiai.sp.gov.br\/noticias\/wp-content\/uploads\/sites\/32\/2015\/06\/Travitalia_A_3g-300x200.jpg 300w, https:\/\/jundiai.sp.gov.br\/noticias\/wp-content\/uploads\/sites\/32\/2015\/06\/Travitalia_A_3g.jpg 1240w\" sizes=\"auto, (max-width: 720px) 100vw, 720px\" \/><\/a><p id=\"caption-attachment-142849\" class=\"wp-caption-text\">Na edi\u00e7\u00e3o anterior, prato do Travit\u00e1lia esteve com outro do Feij\u00e3o com Picanha nas eliminat\u00f3rias<\/p><\/div>\n<p><strong><em>Jos\u00e9 Arnaldo de Oliveira<br \/>\nFoto: Arquivo PMJ<\/em><\/strong><\/p>\n","protected":false},"excerpt":{"rendered":"<p>Pela primeira vez na hist\u00f3ria do evento, Jundia\u00ed foi escolhida para abrigar uma das fases eliminat\u00f3rias de 15 macrorregi\u00f5es do festival gastron\u00f4mico Sabor de S\u00e3o Paulo, realizado pela Secretaria de Turismo do Estado de S\u00e3o Paulo em parceria com a revista &#8220;Prazeres da Mesa&#8221;. Com inscri\u00e7\u00f5es abertas, o evento vai selecionar dez pratos de uma [&hellip;]<\/p>\n","protected":false},"author":14,"featured_media":0,"comment_status":"closed","ping_status":"closed","sticky":false,"template":"","format":"standard","meta":{"footnotes":""},"categories":[2],"tags":[558,41,299],"ods":[],"class_list":["post-142847","post","type-post","status-publish","format-standard","hentry","category-noticias","tag-3o-sabores-de-jundiai","tag-agricultura-abastecimento-e-turismo","tag-sabores-de-jundiai"],"_links":{"self":[{"href":"https:\/\/jundiai.sp.gov.br\/noticias\/wp-json\/wp\/v2\/posts\/142847","targetHints":{"allow":["GET"]}}],"collection":[{"href":"https:\/\/jundiai.sp.gov.br\/noticias\/wp-json\/wp\/v2\/posts"}],"about":[{"href":"https:\/\/jundiai.sp.gov.br\/noticias\/wp-json\/wp\/v2\/types\/post"}],"author":[{"embeddable":true,"href":"https:\/\/jundiai.sp.gov.br\/noticias\/wp-json\/wp\/v2\/users\/14"}],"replies":[{"embeddable":true,"href":"https:\/\/jundiai.sp.gov.br\/noticias\/wp-json\/wp\/v2\/comments?post=142847"}],"version-history":[{"count":7,"href":"https:\/\/jundiai.sp.gov.br\/noticias\/wp-json\/wp\/v2\/posts\/142847\/revisions"}],"predecessor-version":[{"id":143471,"href":"https:\/\/jundiai.sp.gov.br\/noticias\/wp-json\/wp\/v2\/posts\/142847\/revisions\/143471"}],"wp:attachment":[{"href":"https:\/\/jundiai.sp.gov.br\/noticias\/wp-json\/wp\/v2\/media?parent=142847"}],"wp:term":[{"taxonomy":"category","embeddable":true,"href":"https:\/\/jundiai.sp.gov.br\/noticias\/wp-json\/wp\/v2\/categories?post=142847"},{"taxonomy":"post_tag","embeddable":true,"href":"https:\/\/jundiai.sp.gov.br\/noticias\/wp-json\/wp\/v2\/tags?post=142847"},{"taxonomy":"ods","embeddable":true,"href":"https:\/\/jundiai.sp.gov.br\/noticias\/wp-json\/wp\/v2\/ods?post=142847"}],"curies":[{"name":"wp","href":"https:\/\/api.w.org\/{rel}","templated":true}]}}