{"id":143009,"date":"2015-06-12T17:36:05","date_gmt":"2015-06-12T20:36:05","guid":{"rendered":"https:\/\/jundiai.sp.gov.br\/noticias\/?p=143009"},"modified":"2016-11-04T11:34:07","modified_gmt":"2016-11-04T13:34:07","slug":"prefeito-faz-homenagem-a-50-anos-de-restaurante","status":"publish","type":"post","link":"https:\/\/jundiai.sp.gov.br\/noticias\/2015\/06\/12\/prefeito-faz-homenagem-a-50-anos-de-restaurante\/","title":{"rendered":"Prefeito faz homenagem a 50 anos de restaurante"},"content":{"rendered":"<p><strong>O prefeito Pedro Bigardi esteve nesta sexta-feira (12) no Restaurante do H\u00e9lio, na Vila Rami, para homenagear o propriet\u00e1rio do local pelos 50 anos de hist\u00f3ria no bairro.<\/strong> <\/p>\n<p><strong>LEIA TAMB\u00c9M<br \/>\n<a href=\"https:\/\/jundiai.sp.gov.br\/noticias\/2015\/06\/11\/prefeito-conhece-tecnologias-alemas-no-geresol\/\" target=\"_blank\">Prefeito conhece tecnologias alem\u00e3s no Geresol<\/a><br \/>\n<a href=\"https:\/\/jundiai.sp.gov.br\/noticias\/2015\/06\/12\/prefeito-apresenta-projeto-da-upa-da-regiao-sul\/\" target=\"_blank\">Prefeito apresenta projeto da UPA da regi\u00e3o Sul<\/a><br \/>\n<a href=\"https:\/\/jundiai.sp.gov.br\/noticias\/2015\/06\/11\/duas-escolas-do-santa-gertrudes-recebem-a-visita-do-prefeito\/\" target=\"_blank\">Prefeito visita duas escolas do Santa Gertrudes<\/a><\/strong><\/p>\n<p>Bigardi almo\u00e7ou no local e, na sequ\u00eancia, entregou uma <strong>placa em refer\u00eancia ao cinquenten\u00e1rio. &#8220;\u00c9 uma merecida homenagem&#8221;<\/strong>, frisou.<\/p>\n<p>O dono do estabelecimento, Benedito H\u00e9lio Iscaro, e o seu irm\u00e3o, Geraldo Iscaro,<strong> ficaram emocionados. &#8220;Eu fui pego de surpresa, n\u00e3o esperava e fiquei muito feliz por ter sido lembrado&#8221;<\/strong>, comentou Benedito.<\/p>\n<div id=\"attachment_143010\" style=\"width: 730px\" class=\"wp-caption aligncenter\"><a href=\"https:\/\/jundiai.sp.gov.br\/noticias\/wp-content\/uploads\/sites\/32\/2015\/06\/placa_50anos_restaurante_helio_P_15G.jpg\"><img loading=\"lazy\" decoding=\"async\" aria-describedby=\"caption-attachment-143010\" src=\"https:\/\/jundiai.sp.gov.br\/noticias\/wp-content\/uploads\/sites\/32\/2015\/06\/placa_50anos_restaurante_helio_P_15G-720x484.jpg\" alt=\"Prefeito prestou homenagem aos irm\u00e3os Iscaro\" width=\"720\" height=\"484\" class=\"size-large wp-image-143010\" srcset=\"https:\/\/jundiai.sp.gov.br\/noticias\/wp-content\/uploads\/sites\/32\/2015\/06\/placa_50anos_restaurante_helio_P_15G-720x484.jpg 720w, https:\/\/jundiai.sp.gov.br\/noticias\/wp-content\/uploads\/sites\/32\/2015\/06\/placa_50anos_restaurante_helio_P_15G-300x201.jpg 300w, https:\/\/jundiai.sp.gov.br\/noticias\/wp-content\/uploads\/sites\/32\/2015\/06\/placa_50anos_restaurante_helio_P_15G.jpg 1240w\" sizes=\"auto, (max-width: 720px) 100vw, 720px\" \/><\/a><p id=\"caption-attachment-143010\" class=\"wp-caption-text\">Prefeito prestou homenagem aos irm\u00e3os Iscaro<\/p><\/div>\n<p><strong><em>Assessoria de Imprensa<br \/>\nFoto: Paulo Gr\u00e9gio<\/em><\/strong><\/p>\n","protected":false},"excerpt":{"rendered":"<p>O prefeito Pedro Bigardi esteve nesta sexta-feira (12) no Restaurante do H\u00e9lio, na Vila Rami, para homenagear o propriet\u00e1rio do local pelos 50 anos de hist\u00f3ria no bairro. LEIA TAMB\u00c9M Prefeito conhece tecnologias alem\u00e3s no Geresol Prefeito apresenta projeto da UPA da regi\u00e3o Sul Prefeito visita duas escolas do Santa Gertrudes Bigardi almo\u00e7ou no local [&hellip;]<\/p>\n","protected":false},"author":14,"featured_media":0,"comment_status":"closed","ping_status":"closed","sticky":false,"template":"","format":"standard","meta":{"footnotes":""},"categories":[2],"tags":[58],"ods":[],"class_list":["post-143009","post","type-post","status-publish","format-standard","hentry","category-noticias","tag-prefeito"],"_links":{"self":[{"href":"https:\/\/jundiai.sp.gov.br\/noticias\/wp-json\/wp\/v2\/posts\/143009","targetHints":{"allow":["GET"]}}],"collection":[{"href":"https:\/\/jundiai.sp.gov.br\/noticias\/wp-json\/wp\/v2\/posts"}],"about":[{"href":"https:\/\/jundiai.sp.gov.br\/noticias\/wp-json\/wp\/v2\/types\/post"}],"author":[{"embeddable":true,"href":"https:\/\/jundiai.sp.gov.br\/noticias\/wp-json\/wp\/v2\/users\/14"}],"replies":[{"embeddable":true,"href":"https:\/\/jundiai.sp.gov.br\/noticias\/wp-json\/wp\/v2\/comments?post=143009"}],"version-history":[{"count":2,"href":"https:\/\/jundiai.sp.gov.br\/noticias\/wp-json\/wp\/v2\/posts\/143009\/revisions"}],"predecessor-version":[{"id":143012,"href":"https:\/\/jundiai.sp.gov.br\/noticias\/wp-json\/wp\/v2\/posts\/143009\/revisions\/143012"}],"wp:attachment":[{"href":"https:\/\/jundiai.sp.gov.br\/noticias\/wp-json\/wp\/v2\/media?parent=143009"}],"wp:term":[{"taxonomy":"category","embeddable":true,"href":"https:\/\/jundiai.sp.gov.br\/noticias\/wp-json\/wp\/v2\/categories?post=143009"},{"taxonomy":"post_tag","embeddable":true,"href":"https:\/\/jundiai.sp.gov.br\/noticias\/wp-json\/wp\/v2\/tags?post=143009"},{"taxonomy":"ods","embeddable":true,"href":"https:\/\/jundiai.sp.gov.br\/noticias\/wp-json\/wp\/v2\/ods?post=143009"}],"curies":[{"name":"wp","href":"https:\/\/api.w.org\/{rel}","templated":true}]}}