{"id":143192,"date":"2015-06-15T13:00:25","date_gmt":"2015-06-15T16:00:25","guid":{"rendered":"https:\/\/jundiai.sp.gov.br\/noticias\/?p=143192"},"modified":"2016-11-04T11:34:13","modified_gmt":"2016-11-04T13:34:13","slug":"trancando-arte-e-manifesto-contra-a-opressao-estetica","status":"publish","type":"post","link":"https:\/\/jundiai.sp.gov.br\/noticias\/2015\/06\/15\/trancando-arte-e-manifesto-contra-a-opressao-estetica\/","title":{"rendered":"Tran\u00e7ando Arte \u00e9 manifesto contra a &#8216;opress\u00e3o est\u00e9tica&#8217;"},"content":{"rendered":"<p><strong>O encontro de cabelos que marcou, no domingo (14), o evento promovido pela Prefeitura de Jundia\u00ed no Parque Comendador Antonio Carbonari, o Parque da Uva, era mais do que um encontro de tran\u00e7as, que fazem parte da cultura afrobrasileira. Em sua terceira edi\u00e7\u00e3o desde 2013, era tamb\u00e9m um encontro de diversos tipos de penteados e de acess\u00f3rios usados em um tipo de beleza que pouco aparece na televis\u00e3o ou nas revistas, mas faz parte do universo da cultura negra.<\/p>\n<p><a href=\"https:\/\/www.flickr.com\/photos\/prefeituradejundiai\/sets\/72157654545662426\" target=\"_blank\">CONFIRA AS FOTOS<\/a><\/p>\n<p>\u201cPrecisamos ter uma postura de respeito a essa hist\u00f3ria\u201d<\/strong>, afirmou o prefeito Pedro Bigardi ao visitar o evento com a primeira-dama e presidente do <a href=\"https:\/\/www.facebook.com\/fundosocialsolidariedadedejundiai?fref=ts\" target=\"_blank\"><strong>Fundo Social de Solidariedade<\/strong><\/a>, Margarete Geraldo Bigardi, que completou o racioc\u00ednio lembrando que <strong>a busca nos mais diversos setores \u00e9 por uma cidade mais humanizada<\/strong>.<\/p>\n<p><strong>LEIA TAMB\u00c9M<br \/>\n<a href=\"https:\/\/jundiai.sp.gov.br\/noticias\/2015\/06\/14\/jardim-danubio-marca-ciclo-junino-das-festas-de-rua\/\" target=\"_blank\">Jardim Dan\u00fabio marca ciclo junino das festas de rua<\/a><br \/>\n<a href=\"https:\/\/jundiai.sp.gov.br\/noticias\/2015\/06\/14\/47a-festa-da-terra-nova-chega-ao-fim-com-casa-cheia\/\" target=\"_blank\">47\u00aa Festa da Terra Nova chega ao fim com casa cheia<\/a><br \/>\n<a href=\"https:\/\/jundiai.sp.gov.br\/noticias\/2015\/06\/13\/prefeitura-inaugura-centro-esportivo-irma-irene-na-vila-comercial\/\" target=\"_blank\">Prefeitura inaugura Centro Esportivo na Vila Comercial<\/a><br \/>\n<a href=\"https:\/\/jundiai.sp.gov.br\/noticias\/2015\/06\/14\/vetor-oeste-celebra-o-seu-3o-arraial-nordestino\/\" target=\"_blank\">Prefeito Pedro Bigardi participa do 3\u00ba Arraial Nordestino do Vetor Oeste<\/a><\/strong><\/p>\n<div id=\"attachment_143193\" style=\"width: 730px\" class=\"wp-caption aligncenter\"><a href=\"https:\/\/jundiai.sp.gov.br\/noticias\/wp-content\/uploads\/sites\/32\/2015\/06\/Tran\u00e7ando-Arte-\u00e9-manifesto-contra-a-\u201copress\u00e3o-est\u00e9tica\u201d-e-lota-Parque-da-Uva1.jpg\"><img loading=\"lazy\" decoding=\"async\" aria-describedby=\"caption-attachment-143193\" src=\"https:\/\/jundiai.sp.gov.br\/noticias\/wp-content\/uploads\/sites\/32\/2015\/06\/Tran\u00e7ando-Arte-\u00e9-manifesto-contra-a-\u201copress\u00e3o-est\u00e9tica\u201d-e-lota-Parque-da-Uva1-720x515.jpg\" alt=\"Prefeito Pedro Bigardi destacou a luta por uma sociedade mais humanizada\" width=\"720\" height=\"515\" class=\"size-large wp-image-143193\" srcset=\"https:\/\/jundiai.sp.gov.br\/noticias\/wp-content\/uploads\/sites\/32\/2015\/06\/Tran\u00e7ando-Arte-\u00e9-manifesto-contra-a-\u201copress\u00e3o-est\u00e9tica\u201d-e-lota-Parque-da-Uva1-720x515.jpg 720w, https:\/\/jundiai.sp.gov.br\/noticias\/wp-content\/uploads\/sites\/32\/2015\/06\/Tran\u00e7ando-Arte-\u00e9-manifesto-contra-a-\u201copress\u00e3o-est\u00e9tica\u201d-e-lota-Parque-da-Uva1-300x214.jpg 300w, https:\/\/jundiai.sp.gov.br\/noticias\/wp-content\/uploads\/sites\/32\/2015\/06\/Tran\u00e7ando-Arte-\u00e9-manifesto-contra-a-\u201copress\u00e3o-est\u00e9tica\u201d-e-lota-Parque-da-Uva1.jpg 1240w\" sizes=\"auto, (max-width: 720px) 100vw, 720px\" \/><\/a><p id=\"caption-attachment-143193\" class=\"wp-caption-text\">Prefeito Pedro Bigardi destacou a luta por uma sociedade mais humanizada<\/p><\/div>\n<p><strong>Mais de 240 tran\u00e7adeiras e perto de 40 expositores<\/strong> participaram do encontro com grande variedade de produtos, que inclu\u00edram at\u00e9 mesmo as <strong>bonecas negras para crian\u00e7as<\/strong> da arte educadora paulistana L\u00facia Makena, que avan\u00e7ou com uma proposta j\u00e1 testada antes na cidade. Titular da <strong><a href=\"https:\/\/www.facebook.com\/ceppirdejundiai?fref=ts\" target=\"_blank\">Coordenadoria Especial de Pol\u00edticas P\u00fablicas para a Promo\u00e7\u00e3o da Igualdade Racial<\/a><\/strong>, Val\u00e9ria Fonseca, afirma que <strong>o m\u00e9rito do governo \u00e9 reconhecer que a quest\u00e3o est\u00e9tica \u00e9 parte de uma luta cultural que segue apesar de avan\u00e7os recentes<\/strong>.<\/p>\n<p>\u201cEm Campinas, estamos usando esse tema dentro de um projeto voltado \u00e0s crian\u00e7as e adolescentes, que n\u00e3o se reconhecem nos padr\u00f5es de beleza usados na m\u00eddia\u201d, explica a pedagoga Yan\u00ea Santanna Batista.<\/p>\n<p><iframe loading=\"lazy\" class=\"alignright\" width=\"420\" height=\"315\" src=\"https:\/\/www.youtube.com\/embed\/iixi8N3jcxw\" frameborder=\"0\" allowfullscreen><\/iframe>Entre as <strong>atra\u00e7\u00f5es musicais<\/strong>, os talentos locais do <strong>grupo 288 ou do DJ Piggy<\/strong> dividiram a aten\u00e7\u00e3o com o lend\u00e1rio <strong>Sambalan\u00e7o<\/strong>, intercalados por passinhos ou toques de break entre o p\u00fablico. Para o secret\u00e1rio de <strong><a href=\"http:\/\/cultura.jundiai.sp.gov.br\/\" target=\"_blank\">Cultura<\/a><\/strong>, T\u00e9rcio Marinho, <strong>a imposi\u00e7\u00e3o do alisamento de cabelos nas \u00faltimas duas d\u00e9cadas refletia uma agress\u00e3o \u00e0 identidade e \u00e0 cultura da popula\u00e7\u00e3o negra. \u201cEsse evento ajuda n\u00e3o apenas esse grupo a refletir, mas toda a sociedade\u201d<\/strong>, afirmou.<\/p>\n<p>Uma grande variedade de pessoas, inclusive fam\u00edlias de pele clara com cabelos lisos, passou pelo parque para apresentar a <strong>diversidade cultural<\/strong> \u00e0s crian\u00e7as e jovens. <strong>O evento anual atrai pessoas de todo o Estado de S\u00e3o Paulo e, obviamente, de diversos bairros de Jundia\u00ed<\/strong>. Circulando pelo pavilh\u00e3o com tran\u00e7as coloridas, Camila Brenda se identificava como \u201cmodelo de cabelo\u201d do sal\u00e3o P\u00e9rola Negra, da Agapeama.<\/p>\n<p>Do ouvidor municipal Eginaldo Hon\u00f3rio a integrantes de gabinete da deputada estadual Leci Brand\u00e3o, <strong>muitos passaram pelo evento para refor\u00e7ar uma esp\u00e9cie de mensagem atualizada do cl\u00e1ssico \u201cblack is beatiful\u201d, da d\u00e9cada de 1980<\/strong>. Havia at\u00e9 roqueiros com suas fam\u00edlias lembrando das primeiras experi\u00eancias conjuntas com grupos de rap h\u00e1 duas d\u00e9cadas, ainda dentro de festivais de cidadania como o <strong><a href=\"https:\/\/jundiai.sp.gov.br\/noticias\/tag\/pao-e-poesia\/\" target=\"_blank\">P\u00e3o &#038; Poesia<\/a><\/strong> ou em clubes como o 28 de Setembro.<\/p>\n<p><strong>Mas n\u00e3o havia mensagem mais poderosa no evento do que a variedade de tran\u00e7as e de cabelos que desfilaram pelo parque durante o dia<\/strong>. No p\u00fablico ou nos desfiles do palco, <strong>apresentados por Vanderlei Victorino (B.A.)<\/strong>, com <strong>modelos de todas as idades que levaram com orgulho um cen\u00e1rio de sal\u00f5es e tradi\u00e7\u00f5es que existe espalhado por Jundia\u00ed e por outras cidades. \u201cFoi um evento cultural, bem organizado e importante para toda a comunidade\u201d<\/strong>, resumiu a estudante de administra\u00e7\u00e3o J\u00e9ssica Tamires, que prestigiou o encontro com a m\u00e3e S\u00edlvia Almeida.<\/p>\n<div id=\"attachment_143194\" style=\"width: 730px\" class=\"wp-caption aligncenter\"><a href=\"https:\/\/jundiai.sp.gov.br\/noticias\/wp-content\/uploads\/sites\/32\/2015\/06\/Tran\u00e7ando-Arte-\u00e9-manifesto-contra-a-\u201copress\u00e3o-est\u00e9tica\u201d-e-lota-Parque-da-Uva2.jpg\"><img loading=\"lazy\" decoding=\"async\" aria-describedby=\"caption-attachment-143194\" src=\"https:\/\/jundiai.sp.gov.br\/noticias\/wp-content\/uploads\/sites\/32\/2015\/06\/Tran\u00e7ando-Arte-\u00e9-manifesto-contra-a-\u201copress\u00e3o-est\u00e9tica\u201d-e-lota-Parque-da-Uva2-720x496.jpg\" alt=\"P\u00fablico compareceu em grande n\u00famero ao Parque da Uva\" width=\"720\" height=\"496\" class=\"size-large wp-image-143194\" srcset=\"https:\/\/jundiai.sp.gov.br\/noticias\/wp-content\/uploads\/sites\/32\/2015\/06\/Tran\u00e7ando-Arte-\u00e9-manifesto-contra-a-\u201copress\u00e3o-est\u00e9tica\u201d-e-lota-Parque-da-Uva2-720x496.jpg 720w, https:\/\/jundiai.sp.gov.br\/noticias\/wp-content\/uploads\/sites\/32\/2015\/06\/Tran\u00e7ando-Arte-\u00e9-manifesto-contra-a-\u201copress\u00e3o-est\u00e9tica\u201d-e-lota-Parque-da-Uva2-300x206.jpg 300w, https:\/\/jundiai.sp.gov.br\/noticias\/wp-content\/uploads\/sites\/32\/2015\/06\/Tran\u00e7ando-Arte-\u00e9-manifesto-contra-a-\u201copress\u00e3o-est\u00e9tica\u201d-e-lota-Parque-da-Uva2.jpg 1240w\" sizes=\"auto, (max-width: 720px) 100vw, 720px\" \/><\/a><p id=\"caption-attachment-143194\" class=\"wp-caption-text\">P\u00fablico compareceu em grande n\u00famero ao Parque da Uva<\/p><\/div>\n<p><strong><em>Jos\u00e9 Arnaldo de Oliveira<br \/>\nFotos: Dorival Pinheiro Filho<\/em><\/strong><\/p>\n","protected":false},"excerpt":{"rendered":"<p>Com o Parque da Uva lotado, evento nesse domingo (14) foi a oportunidade de encontro da cultura afrobrasileira<\/p>\n","protected":false},"author":14,"featured_media":143196,"comment_status":"closed","ping_status":"closed","sticky":false,"template":"","format":"standard","meta":{"footnotes":""},"categories":[2],"tags":[391,29,58,417,687],"ods":[],"class_list":["post-143192","post","type-post","status-publish","format-standard","has-post-thumbnail","hentry","category-noticias","tag-coordenadoria-especial-de-politicas-publicas-de-promocao-da-igualdade-racial-cepppir","tag-cultura","tag-prefeito","tag-primeira-dama","tag-trancando-arte"],"_links":{"self":[{"href":"https:\/\/jundiai.sp.gov.br\/noticias\/wp-json\/wp\/v2\/posts\/143192","targetHints":{"allow":["GET"]}}],"collection":[{"href":"https:\/\/jundiai.sp.gov.br\/noticias\/wp-json\/wp\/v2\/posts"}],"about":[{"href":"https:\/\/jundiai.sp.gov.br\/noticias\/wp-json\/wp\/v2\/types\/post"}],"author":[{"embeddable":true,"href":"https:\/\/jundiai.sp.gov.br\/noticias\/wp-json\/wp\/v2\/users\/14"}],"replies":[{"embeddable":true,"href":"https:\/\/jundiai.sp.gov.br\/noticias\/wp-json\/wp\/v2\/comments?post=143192"}],"version-history":[{"count":13,"href":"https:\/\/jundiai.sp.gov.br\/noticias\/wp-json\/wp\/v2\/posts\/143192\/revisions"}],"predecessor-version":[{"id":143304,"href":"https:\/\/jundiai.sp.gov.br\/noticias\/wp-json\/wp\/v2\/posts\/143192\/revisions\/143304"}],"wp:featuredmedia":[{"embeddable":true,"href":"https:\/\/jundiai.sp.gov.br\/noticias\/wp-json\/wp\/v2\/media\/143196"}],"wp:attachment":[{"href":"https:\/\/jundiai.sp.gov.br\/noticias\/wp-json\/wp\/v2\/media?parent=143192"}],"wp:term":[{"taxonomy":"category","embeddable":true,"href":"https:\/\/jundiai.sp.gov.br\/noticias\/wp-json\/wp\/v2\/categories?post=143192"},{"taxonomy":"post_tag","embeddable":true,"href":"https:\/\/jundiai.sp.gov.br\/noticias\/wp-json\/wp\/v2\/tags?post=143192"},{"taxonomy":"ods","embeddable":true,"href":"https:\/\/jundiai.sp.gov.br\/noticias\/wp-json\/wp\/v2\/ods?post=143192"}],"curies":[{"name":"wp","href":"https:\/\/api.w.org\/{rel}","templated":true}]}}