{"id":143225,"date":"2015-06-15T16:29:10","date_gmt":"2015-06-15T19:29:10","guid":{"rendered":"https:\/\/jundiai.sp.gov.br\/noticias\/?p=143225"},"modified":"2016-11-04T11:34:14","modified_gmt":"2016-11-04T13:34:14","slug":"educacao-de-jovens-e-adultos-esta-com-inscricoes-abertas-2","status":"publish","type":"post","link":"https:\/\/jundiai.sp.gov.br\/noticias\/2015\/06\/15\/educacao-de-jovens-e-adultos-esta-com-inscricoes-abertas-2\/","title":{"rendered":"Educa\u00e7\u00e3o de Jovens e Adultos est\u00e1 com inscri\u00e7\u00f5es abertas"},"content":{"rendered":"<p><strong>O Centro Municipal de Educa\u00e7\u00e3o de Jovens e Adultos Professor Dr. Andr\u00e9 Franco Montoro (CMEJA) est\u00e1 com inscri\u00e7\u00f5es abertas para o Ensinos Fundamental 1 (1\u00ba ao 5\u00ba ano) e Fundamental 2 (6\u00ba ao 9\u00ba ano) , para o Ensino Fundamental 2 na modalidade semipresencial e para o <a href=\"http:\/\/portal.mec.gov.br\/index.php?Itemid=562&#038;catid=259:proeja-&#038;id=12288:programa-nacional-de-integracao-da-educacao-profissional-com-a-educacao-basica-na-modalidade-de-educacao-de-jovens-e-adultos-proeja&#038;option=com_content&#038;view=article\" target=\"_blank\">Programa Nacional de Integra\u00e7\u00e3o da Educa\u00e7\u00e3o Profissional com a Educa\u00e7\u00e3o B\u00e1sica na Modalidade Jovens e Adultos (Proeja)<\/a>.<\/strong> <\/p>\n<p>Os interessados t\u00eam <strong>at\u00e9 o dia 10 de julho<\/strong> para procurar o CMEJA ou um dos n\u00facleos descentralizados, munidos de <strong>RG, CPF e comprovante de resid\u00eancia<\/strong>.<\/p>\n<p><strong>LEIA TAMB\u00c9M<br \/>\n<a href=\"https:\/\/jundiai.sp.gov.br\/noticias\/2015\/06\/15\/prefeitura-em-acao-prefeito-visita-duas-escolas-do-santa-gertrudes\/\" target=\"_blank\">Prefeito visita duas escolas do Santa Gertrudes<\/a><br \/>\n<a href=\"https:\/\/jundiai.sp.gov.br\/noticias\/2015\/06\/12\/biblioteca-tem-palestra-sobre-bullying-neste-sabado-13\/\" target=\"_blank\">Biblioteca tem palestra sobre bullying neste s\u00e1bado (13)<\/a><br \/>\n<a href=\"https:\/\/jundiai.sp.gov.br\/noticias\/2015\/06\/13\/questao-de-genero-fica-fora-do-plano-municipal-de-educacao\/\" target=\"_blank\">Quest\u00e3o de g\u00eanero fica fora do Plano Municipal de Educa\u00e7\u00e3o<\/a><\/strong><\/p>\n<p>No <strong>CMEJA<\/strong>, localizado no <strong>Complexo Argos<\/strong>, com entrada pela rua Jos\u00e9 do Patroc\u00ednio, 200, Vila Arens, ser\u00e3o oferecidos os <strong>cursos presenciais do Fundamental 1 e 2, al\u00e9m do Ensino Fundamental 2 semipresencial e do Proeja, em que o aluno tem a oportunidade de concluir o Ensino Fundamental 2 junto com o curso profissionalizante de gest\u00e3o de neg\u00f3cios.<\/strong> Para este curso est\u00e3o dispon\u00edveis 40 vagas.<\/p>\n<p>J\u00e1 nos <strong>n\u00facleos descentralizados<\/strong>, que ficam nas <strong>escolas municipais Deodato Janski (rua Idalina Gon\u00e7alves Dias, 1.080, Jardim Tarum\u00e3) e Ivo de Bona (rua Francisco Roveri, 505, Parque Almerinda Chaves) ser\u00e3o oferecidos do 1\u00ba ao 9\u00ba ano (Ensinos Fundamental 1 e 2)<\/strong>.<\/p>\n<p><strong>Recadastramento <\/strong><br \/>\nJunto com as inscri\u00e7\u00f5es de novos alunos, o CMEJA realiza o <strong>recadastramento de quem j\u00e1 est\u00e1 inscrito, pelo telefone (11) 4526-6230. O prazo tamb\u00e9m \u00e9 at\u00e9 o dia 10 de julho.<\/strong><\/p>\n<p><strong>O CMEJA \u00e9 um \u00f3rg\u00e3o da Secretaria Municipal de Educa\u00e7\u00e3o.<\/strong><\/p>\n<p><strong><em>Roberta de S\u00e1<\/em><\/strong><\/p>\n","protected":false},"excerpt":{"rendered":"<p>LEIA TAMB\u00c9M: Quest\u00e3o de g\u00eanero fica fora do Plano Municipal de Educa\u00e7\u00e3o, que ser\u00e1 encaminhado para o C\u00e2mara<\/p>\n","protected":false},"author":14,"featured_media":114921,"comment_status":"closed","ping_status":"closed","sticky":false,"template":"","format":"standard","meta":{"footnotes":""},"categories":[2],"tags":[304,419,430,6],"ods":[],"class_list":["post-143225","post","type-post","status-publish","format-standard","has-post-thumbnail","hentry","category-noticias","tag-centro-municipal-de-educacao-de-jovens-e-adultos-cmeja","tag-complexo-argos","tag-cursos-gratuitos","tag-educacao"],"_links":{"self":[{"href":"https:\/\/jundiai.sp.gov.br\/noticias\/wp-json\/wp\/v2\/posts\/143225","targetHints":{"allow":["GET"]}}],"collection":[{"href":"https:\/\/jundiai.sp.gov.br\/noticias\/wp-json\/wp\/v2\/posts"}],"about":[{"href":"https:\/\/jundiai.sp.gov.br\/noticias\/wp-json\/wp\/v2\/types\/post"}],"author":[{"embeddable":true,"href":"https:\/\/jundiai.sp.gov.br\/noticias\/wp-json\/wp\/v2\/users\/14"}],"replies":[{"embeddable":true,"href":"https:\/\/jundiai.sp.gov.br\/noticias\/wp-json\/wp\/v2\/comments?post=143225"}],"version-history":[{"count":3,"href":"https:\/\/jundiai.sp.gov.br\/noticias\/wp-json\/wp\/v2\/posts\/143225\/revisions"}],"predecessor-version":[{"id":143233,"href":"https:\/\/jundiai.sp.gov.br\/noticias\/wp-json\/wp\/v2\/posts\/143225\/revisions\/143233"}],"wp:featuredmedia":[{"embeddable":true,"href":"https:\/\/jundiai.sp.gov.br\/noticias\/wp-json\/wp\/v2\/media\/114921"}],"wp:attachment":[{"href":"https:\/\/jundiai.sp.gov.br\/noticias\/wp-json\/wp\/v2\/media?parent=143225"}],"wp:term":[{"taxonomy":"category","embeddable":true,"href":"https:\/\/jundiai.sp.gov.br\/noticias\/wp-json\/wp\/v2\/categories?post=143225"},{"taxonomy":"post_tag","embeddable":true,"href":"https:\/\/jundiai.sp.gov.br\/noticias\/wp-json\/wp\/v2\/tags?post=143225"},{"taxonomy":"ods","embeddable":true,"href":"https:\/\/jundiai.sp.gov.br\/noticias\/wp-json\/wp\/v2\/ods?post=143225"}],"curies":[{"name":"wp","href":"https:\/\/api.w.org\/{rel}","templated":true}]}}