{"id":143234,"date":"2015-06-15T16:37:02","date_gmt":"2015-06-15T19:37:02","guid":{"rendered":"https:\/\/jundiai.sp.gov.br\/noticias\/?p=143234"},"modified":"2020-11-05T10:05:39","modified_gmt":"2020-11-05T13:05:39","slug":"prefeitura-chama-a-atencao-para-violencia-contra-idoso","status":"publish","type":"post","link":"https:\/\/jundiai.sp.gov.br\/noticias\/2015\/06\/15\/prefeitura-chama-a-atencao-para-violencia-contra-idoso\/","title":{"rendered":"Prefeitura chama a aten\u00e7\u00e3o para viol\u00eancia contra idoso"},"content":{"rendered":"<p><strong>Esta segunda-feira (15) \u00e9 o Dia Mundial de Conscientiza\u00e7\u00e3o da Viol\u00eancia Contra a Pessoa Idosa. Para marcar a data, a Prefeitura de Jundia\u00ed, por meio da Coordenadoria do Idoso, realiza durante toda a semana uma a\u00e7\u00e3o especial para chamar a aten\u00e7\u00e3o e conscientizar a popula\u00e7\u00e3o sobre o assunto.<\/strong><\/p>\n<p><strong>At\u00e9 sexta-feira (19)<\/strong>, representantes da coordenadoria v\u00e3o <strong>visitar e conversar com as turmas dos cursos de idiomas e de inform\u00e1tica do Complexo Argos, principalmente aquelas com maior n\u00famero de idosos<\/strong>. \u201cNossa proposta \u00e9 <strong>conversar com os alunos sobre a viol\u00eancia contra idosos e entregar o folheto de divulga\u00e7\u00e3o dos canais de ajuda<\/strong>\u201d, explica a titular da Coordenadoria do Idoso, Cl\u00e1udia Sartori.<\/p>\n<p><strong>LEIA TAMB\u00c9M<br \/>\n<\/strong><a href=\"https:\/\/jundiai.sp.gov.br\/noticias\/2015\/06\/11\/coordenadoria-inicia-encontros-da-juventude-no-sabado-13\/\" target=\"_blank\" rel=\"noopener noreferrer\">Coordenadoria inicia Encontros da Juventude<\/a><br \/>\n<a href=\"https:\/\/jundiai.sp.gov.br\/noticias\/2015\/06\/15\/trancando-arte-e-manifesto-contra-a-opressao-estetica\/\" target=\"_blank\" rel=\"noopener noreferrer\">Tran\u00e7ando Arte \u00e9 manifesto contra a \u2018opress\u00e3o est\u00e9tica\u2019<\/a><\/p>\n<div id=\"attachment_143235\" style=\"width: 730px\" class=\"wp-caption aligncenter\"><a href=\"https:\/\/jundiai.sp.gov.br\/noticias\/wp-content\/uploads\/sites\/32\/2015\/06\/DSC4173_G.jpg\"><img loading=\"lazy\" decoding=\"async\" aria-describedby=\"caption-attachment-143235\" class=\"size-large wp-image-143235\" src=\"https:\/\/jundiai.sp.gov.br\/noticias\/wp-content\/uploads\/sites\/32\/2015\/06\/DSC4173_G-720x464.jpg\" alt=\"S\u00f4nia e Cl\u00e1udia, da Coordenadoria do Idoso: a\u00e7\u00e3o no Complexo Argos\" width=\"720\" height=\"464\" srcset=\"https:\/\/jundiai.sp.gov.br\/noticias\/wp-content\/uploads\/sites\/32\/2015\/06\/DSC4173_G-720x464.jpg 720w, https:\/\/jundiai.sp.gov.br\/noticias\/wp-content\/uploads\/sites\/32\/2015\/06\/DSC4173_G-300x193.jpg 300w, https:\/\/jundiai.sp.gov.br\/noticias\/wp-content\/uploads\/sites\/32\/2015\/06\/DSC4173_G.jpg 1240w\" sizes=\"auto, (max-width: 720px) 100vw, 720px\" \/><\/a><p id=\"caption-attachment-143235\" class=\"wp-caption-text\">S\u00f4nia e Cl\u00e1udia, da Coordenadoria do Idoso: a\u00e7\u00e3o no Complexo Argos<\/p><\/div>\n<p>A a\u00e7\u00e3o conta com parceria da <strong>Secretaria de Educa\u00e7\u00e3o, da Guarda Municipal, da Associa\u00e7\u00e3o dos Aposentados e Pensionistas de Jundia\u00ed e Regi\u00e3o e do Conselho Municipal de Direitos da Pessoa Idosa (Comdipi)<\/strong>.<\/p>\n<div id=\"attachment_143241\" style=\"width: 340px\" class=\"wp-caption alignright\"><a href=\"https:\/\/jundiai.sp.gov.br\/noticias\/wp-content\/uploads\/sites\/32\/2015\/06\/DSC4170_G-1.jpg\"><img loading=\"lazy\" decoding=\"async\" aria-describedby=\"caption-attachment-143241\" class=\"size-large wp-image-143241\" src=\"https:\/\/jundiai.sp.gov.br\/noticias\/wp-content\/uploads\/sites\/32\/2015\/06\/DSC4170_G-1-674x960.jpg\" alt=\"A den\u00fancia pode ser feita de qualquer telefone.\" width=\"330\" height=\"370\" \/><\/a><p id=\"caption-attachment-143241\" class=\"wp-caption-text\">A den\u00fancia pode ser feita de qualquer telefone.<\/p><\/div>\n<p><strong>O Dia Mundial de Conscientiza\u00e7\u00e3o foi criado em 2006 pela Organiza\u00e7\u00e3o das Na\u00e7\u00f5es Unidas (ONU) e pela Rede Internacional de Preven\u00e7\u00e3o de Viol\u00eancia Contra a Pessoa Idosa, com objetivo de combater esse tipo de viol\u00eancia no mundo todo.<\/strong><\/p>\n<p>Segundo Cl\u00e1udia, estima-se que <strong>12% da popula\u00e7\u00e3o mundial sofra algum tipo de viol\u00eancia<\/strong>, mas a notifica\u00e7\u00e3o \u00e9 muito baixa. <strong>Em Jundia\u00ed, s\u00e3o 55 mil idosos e em 2014 foram registradas apenas 25 notifica\u00e7\u00f5es. De acordo com dados da ONU, calcula-se que at\u00e9 6% dos idosos tenham sofrido ou ainda sofram algum tipo de maus-tratos em sua pr\u00f3pria casa. \u201cNossa proposta \u00e9 conversar sobre este assunto e entregar o folheto que divulga os canais para se pedir ajuda e denunciar.\u201d<\/strong><\/p>\n<p>Em caso de suspeita ou viol\u00eancia contra a pessoa idosa, a <strong>den\u00fancia pode ser feita pelo disque 100 de qualquer telefone<\/strong>. Em Jundia\u00ed, outros \u00f3rg\u00e3os que podem prestar ajuda s\u00e3o a <strong>Promotoria do Idoso (4521-4761) e o Comdipi (4497-0008), al\u00e9m das unidades b\u00e1sicas de sa\u00fade nos bairros e dos centros de refer\u00eancia de assist\u00eancia social (CRAS)<\/strong>.<\/p>\n<p><strong><em>Assessoria de Imprensa<br \/>\nFoto: Fot\u00f3grafos PMJ<\/em><\/strong><\/p>\n","protected":false},"excerpt":{"rendered":"<p>Esta segunda-feira (15) \u00e9 o Dia Mundial de Conscientiza\u00e7\u00e3o da Viol\u00eancia Contra a Pessoa Idosa. Para marcar a data, a Prefeitura de Jundia\u00ed, por meio da Coordenadoria do Idoso, realiza durante toda a semana uma a\u00e7\u00e3o especial para chamar a aten\u00e7\u00e3o e conscientizar a popula\u00e7\u00e3o sobre o assunto. At\u00e9 sexta-feira (19), representantes da coordenadoria v\u00e3o [&hellip;]<\/p>\n","protected":false},"author":14,"featured_media":0,"comment_status":"closed","ping_status":"closed","sticky":false,"template":"","format":"standard","meta":{"footnotes":""},"categories":[2],"tags":[664,374,87,6,31,665],"ods":[],"class_list":["post-143234","post","type-post","status-publish","format-standard","hentry","category-noticias","tag-centro-de-referencia-de-assistencia-social-cras","tag-conselho-da-pessoa-idosa","tag-coordenadoria-do-idoso","tag-educacao","tag-guarda-municipal","tag-unidade-basica-de-saude-ubs"],"_links":{"self":[{"href":"https:\/\/jundiai.sp.gov.br\/noticias\/wp-json\/wp\/v2\/posts\/143234","targetHints":{"allow":["GET"]}}],"collection":[{"href":"https:\/\/jundiai.sp.gov.br\/noticias\/wp-json\/wp\/v2\/posts"}],"about":[{"href":"https:\/\/jundiai.sp.gov.br\/noticias\/wp-json\/wp\/v2\/types\/post"}],"author":[{"embeddable":true,"href":"https:\/\/jundiai.sp.gov.br\/noticias\/wp-json\/wp\/v2\/users\/14"}],"replies":[{"embeddable":true,"href":"https:\/\/jundiai.sp.gov.br\/noticias\/wp-json\/wp\/v2\/comments?post=143234"}],"version-history":[{"count":5,"href":"https:\/\/jundiai.sp.gov.br\/noticias\/wp-json\/wp\/v2\/posts\/143234\/revisions"}],"predecessor-version":[{"id":257676,"href":"https:\/\/jundiai.sp.gov.br\/noticias\/wp-json\/wp\/v2\/posts\/143234\/revisions\/257676"}],"wp:attachment":[{"href":"https:\/\/jundiai.sp.gov.br\/noticias\/wp-json\/wp\/v2\/media?parent=143234"}],"wp:term":[{"taxonomy":"category","embeddable":true,"href":"https:\/\/jundiai.sp.gov.br\/noticias\/wp-json\/wp\/v2\/categories?post=143234"},{"taxonomy":"post_tag","embeddable":true,"href":"https:\/\/jundiai.sp.gov.br\/noticias\/wp-json\/wp\/v2\/tags?post=143234"},{"taxonomy":"ods","embeddable":true,"href":"https:\/\/jundiai.sp.gov.br\/noticias\/wp-json\/wp\/v2\/ods?post=143234"}],"curies":[{"name":"wp","href":"https:\/\/api.w.org\/{rel}","templated":true}]}}