{"id":143339,"date":"2015-06-16T15:59:24","date_gmt":"2015-06-16T18:59:24","guid":{"rendered":"https:\/\/jundiai.sp.gov.br\/noticias\/?p=143339"},"modified":"2016-11-04T11:39:43","modified_gmt":"2016-11-04T13:39:43","slug":"escadao-e-alvo-de-plano-de-manejo-ambiental","status":"publish","type":"post","link":"https:\/\/jundiai.sp.gov.br\/noticias\/2015\/06\/16\/escadao-e-alvo-de-plano-de-manejo-ambiental\/","title":{"rendered":"&#8216;Escad\u00e3o&#8217; \u00e9 alvo de plano de manejo ambiental"},"content":{"rendered":"<p><strong>A Prefeitura de Jundia\u00ed est\u00e1 promovendo uma an\u00e1lise detalhada das medidas paisag\u00edsticas a ser adotadas junto ao <a href=\"https:\/\/jundiai.sp.gov.br\/noticias\/2015\/04\/24\/projeto-de-revitalizacao-do-escadao-ja-esta-pronto\/\" target=\"_blank\">in\u00e9dito projeto de revitaliza\u00e7\u00e3o da Esplanada do Monte Castelo (Escad\u00e3o)<\/a>, que envolve a coopera\u00e7\u00e3o t\u00e9cnica entre a Secretaria de Planejamento e Meio Ambiente e o <a href=\"http:\/\/jardimbotanico.jundiai.sp.gov.br\/\" target=\"_blank\">Jardim Bot\u00e2nico<\/a>, ligado \u00e0 Secretaria de Servi\u00e7os P\u00fablicos.<\/strong><\/p>\n<p>O <strong>Plano de Manejo<\/strong>, com foco na vegeta\u00e7\u00e3o, envolve a <strong>substitui\u00e7\u00e3o de algumas \u00e1rvores ex\u00f3ticas por esp\u00e9cies nativas visando ao enriquecimento do ambiente atrav\u00e9s do aumento da diversidade de esp\u00e9cies<\/strong>, e dever\u00e1 tamb\u00e9m servir para <strong>programas de educa\u00e7\u00e3o ambiental<\/strong> e para <strong>favorecer a manuten\u00e7\u00e3o das esp\u00e9cies de aves encontradas no local e entorno<\/strong>, al\u00e9m de atrair outras.<\/p>\n<p><strong>LEIA TAMB\u00c9M<br \/>\n<a href=\"https:\/\/jundiai.sp.gov.br\/noticias\/2015\/06\/15\/centro-caminhavel-prepara-oficinas-de-parklets\/\" target=\"_blank\">Centro Caminh\u00e1vel prepara oficinas de parklets<\/a><br \/>\n<a href=\"https:\/\/jundiai.sp.gov.br\/noticias\/2015\/06\/15\/seminario-discute-questao-da-moradia-na-cidade\/\" target=\"_blank\">Semin\u00e1rio discute quest\u00e3o da moradia em Jundia\u00ed<\/a><br \/>\n<a href=\"https:\/\/jundiai.sp.gov.br\/noticias\/2015\/06\/16\/prefeitura-em-acao-na-regiao-sul-encerrou-se-nesse-sabado-13\/\" target=\"_blank\">Prefeitura em A\u00e7\u00e3o na regi\u00e3o Sul encerrou-se nesse s\u00e1bado (13)<\/a><br \/>\n<a href=\"https:\/\/jundiai.sp.gov.br\/noticias\/2015\/06\/15\/empresa-criada-na-fatec-faz-passeio-por-terras-dos-irmaos-arens\/\" target=\"_blank\">Empresa criada na Fatec faz passeio por \u2018terras dos irm\u00e3os Arens\u2019<\/a><\/strong><\/p>\n<div id=\"attachment_143342\" style=\"width: 730px\" class=\"wp-caption aligncenter\"><a href=\"https:\/\/jundiai.sp.gov.br\/noticias\/wp-content\/uploads\/sites\/32\/2015\/06\/ave-guapeva-fiscais_G.jpg\"><img loading=\"lazy\" decoding=\"async\" aria-describedby=\"caption-attachment-143342\" class=\"size-large wp-image-143342\" src=\"https:\/\/jundiai.sp.gov.br\/noticias\/wp-content\/uploads\/sites\/32\/2015\/06\/ave-guapeva-fiscais_G-720x559.jpg\" alt=\"Equipes do Planejamento e do Jardim Bot\u00e2nico fazem laudo t\u00e9cnico para ampliar diversidade vegetal\" width=\"720\" height=\"559\" srcset=\"https:\/\/jundiai.sp.gov.br\/noticias\/wp-content\/uploads\/sites\/32\/2015\/06\/ave-guapeva-fiscais_G-720x559.jpg 720w, https:\/\/jundiai.sp.gov.br\/noticias\/wp-content\/uploads\/sites\/32\/2015\/06\/ave-guapeva-fiscais_G-300x232.jpg 300w, https:\/\/jundiai.sp.gov.br\/noticias\/wp-content\/uploads\/sites\/32\/2015\/06\/ave-guapeva-fiscais_G.jpg 1240w\" sizes=\"auto, (max-width: 720px) 100vw, 720px\" \/><\/a><p id=\"caption-attachment-143342\" class=\"wp-caption-text\">Equipes do Planejamento e do Jardim Bot\u00e2nico fazem laudo t\u00e9cnico para ampliar diversidade vegetal<\/p><\/div>\n<p>O projeto, em conceito de <strong>parque urbano<\/strong>, ser\u00e1 implantado no trecho parcial de <strong>3,3 mil metros quadrados da esplanada pr\u00f3ximo \u00e0 <a href=\"http:\/\/www.jundiai.sp.leg.br\/\" target=\"_blank\">C\u00e2mara Municipal<\/a>, <a href=\"http:\/\/cultura.jundiai.sp.gov.br\/espacos-culturais\/pinacoteca-diogenes-duarte-paes\/\" target=\"_blank\">Pinacoteca Municipal<\/a> e Escola Estadual Antenor Soares Gandra<\/strong>, sendo contrapartida de empreendimento dentro do <strong>Estudo de Impacto de Vizinhan\u00e7a (EIV)<\/strong>.<\/p>\n<p>Entre outras quest\u00f5es relevantes, ser\u00e1 <strong>refer\u00eancia de acessibilidade com rampas<\/strong> de at\u00e9 sete graus de inclina\u00e7\u00e3o, respeitando as normas atuais e permitindo <strong>acesso ao Centro por pessoas com defici\u00eancia f\u00edsica ou mobilidade reduzida a partir do vale do rio Guapeva<\/strong>.<\/p>\n<p><strong>Visita t\u00e9cnica<\/strong><br \/>\nA elabora\u00e7\u00e3o de laudo inicial contou com a visita dos t\u00e9cnicos Thiago Pires (Engenheiro Florestal do Jardim Bot\u00e2nico) e Erich de Castro Dias (Bi\u00f3logo do departamento de Meio Ambiente), Eduardo Martinho e Stephany Prado (arquitetos e urbanistas da Secretaria de Planejamento e Meio Ambiente), que observaram a presen\u00e7a de <strong>\u00e1rvores ex\u00f3ticas como falsas-seringueiras, leucenas ou sibipirunas com sa\u00fade comprometida, assim como constataram o baixo n\u00famero de esp\u00e9cies vegetais<\/strong>.<\/p>\n<p>Esses pontos <strong>orientam o projeto de manejo<\/strong>, que prev\u00ea o <strong>plantio de \u00e1rvores nativas em esp\u00e9cies variadas no novo paisagismo<\/strong>, al\u00e9m de considerar tamb\u00e9m os <strong>pontos de conv\u00edvio de pessoas<\/strong> (mini-pra\u00e7as ao longo do percurso) e os <strong>pontos de visibilidade<\/strong>, priorizando o resgate de uma das fun\u00e7\u00f5es originais desse s\u00edtio hist\u00f3rico, que \u00e9 a de <strong>belvedere (mirante)<\/strong>, aproveitando a bela vista que se descortina a partir de seu ponto mais alto.<\/p>\n<p><strong>As esp\u00e9cies<\/strong><br \/>\nO Jardim Bot\u00e2nico selecionou dentro do seu objetivo de pesquisa, <strong>educa\u00e7\u00e3o ambiental e conserva\u00e7\u00e3o de esp\u00e9cies da regi\u00e3o de Jundia\u00ed<\/strong>, uma sele\u00e7\u00e3o com <strong>hist\u00f3rico econ\u00f4mico e cultural para cidade<\/strong>, bem como esp\u00e9cies que estejam amea\u00e7adas de extin\u00e7\u00e3o local ou que sofreram sobreexplora\u00e7\u00e3o para uso na constru\u00e7\u00e3o civil e nas ind\u00fastrias da regi\u00e3o.<\/p>\n<p>Na primeira a\u00e7\u00e3o prevista no projeto, foi <strong>proposta uma cole\u00e7\u00e3o de esp\u00e9cies de \u00e1rvores de grande porte nativas de Jundia\u00ed com uso hist\u00f3rico na produ\u00e7\u00e3o de madeiras para movelaria e constru\u00e7\u00e3o civil<\/strong>, conhecidas popularmente como <strong>\u201cmadeiras de lei\u201d<\/strong>. S\u00e3o elas o <strong>Angico-branco, a Canjerana, o Cedro, o Guanandi, a Guarit\u00e1, o Guatambu, o Jacarand\u00e1-paulista, o Jatob\u00e1, o Jequitib\u00e1-branco, o Ip\u00ea-amarelo-da-mata e o Saraguaji<\/strong>.<\/p>\n<p>Em outra vertente, <strong>o local \u00e9 adjacente ao rio Guapeva<\/strong>, que nasce e termina em territ\u00f3rio municipal com 9 quil\u00f4metros de extens\u00e3o na maior bacia h\u00eddrica urbana e que leva o nome de uma planta que teria servido de alimento e medicamento para um povo ind\u00edgena apontado como Guaian\u00e1s no passado remoto. O nome de Guapeva (ou Guapeba) envolve v\u00e1rias esp\u00e9cies bot\u00e2nicas com esse nome popular dos g\u00eaneros \u201cPouteria e \u201cChrysophyllum\u201d, da fam\u00edlia das Sapot\u00e1ceas.<\/p>\n<p>Nesse contexto, <strong>outro grupo de plantio ser\u00e1 formado por essas \u00e1rvores de porte entre 8 a 20 metros e presentes em diversos biomas brasileiros<\/strong> que tamb\u00e9m incluem o nome de Abiu. De forma geral, foram definidas variedades de <em>Chrysophyllum imperiale, Pouteria bullata, Pouteria caimito, Pouteria gardneri, Pouteria gardneriana, Pouteria ramiflora, Pouteria torta e Pouteria venosa<\/em>.<\/p>\n<p><strong>Hist\u00f3ria<br \/>\nO nome original do local (Esplanada do Monte Castelo) teve sua origem na homenagem aos integrantes jundiaienses da For\u00e7a Expedicion\u00e1ria Brasileira (FEB), que lutaram contra o nazifascismo na It\u00e1lia durante a 2\u00aa Guerra Mundial em 1945. Tamb\u00e9m integra esse conjunto um obelisco, que atualmente est\u00e1 dentro da \u00e1rea da Escola Estadual Antenor Soares Gandra.<\/strong><\/p>\n<p><strong>Trecho complementar<\/strong><br \/>\nA esplanada tamb\u00e9m inclui um <strong>segundo trecho com vegeta\u00e7\u00e3o mais densa<\/strong>, situada no contorno do morro entre a parte alta da Esplanada e a <strong><a href=\"http:\/\/pontetorta.jundiai.sp.gov.br\/\" target=\"_blank\">Ponte Torta<\/a><\/strong>, que est\u00e1 sendo desenhado para uma interven\u00e7\u00e3o futura para a conex\u00e3o entre o <strong>sistema de rampas e escadas do atual projeto e o Mirante da Ponte Torta<\/strong>, que est\u00e1 sendo constru\u00eddo em tijolos em identidade visual com o monumento.<\/p>\n<p>Essas \u00e1reas verdes formam um <strong>sistema ambiental urbano associados ao Parque Linear do Rio Guapeva<\/strong>, que na concep\u00e7\u00e3o atual da Secretaria de Planejamento e Meio Ambiente prev\u00ea <strong>interven\u00e7\u00f5es em seus nove quil\u00f4metros desde a chegada das nascentes da Serra do Japi e do Santa Gertrudes no trevo da rodovia Anhanguera com a avenida 14 de Dezembro at\u00e9 a sua foz no rio Jundia\u00ed, que ocorre na Vila Graff<\/strong>.<\/p>\n<div id=\"attachment_143349\" style=\"width: 410px\" class=\"wp-caption alignright\"><a href=\"https:\/\/jundiai.sp.gov.br\/noticias\/wp-content\/uploads\/sites\/32\/2015\/06\/ave-guapeva-renan-02_G.jpg\"><img loading=\"lazy\" decoding=\"async\" aria-describedby=\"caption-attachment-143349\" class=\"size-large wp-image-143349\" src=\"https:\/\/jundiai.sp.gov.br\/noticias\/wp-content\/uploads\/sites\/32\/2015\/06\/ave-guapeva-renan-02_G-720x576.jpg\" alt=\"A lavadeira-mascarada (Fluvicola nengeta) \u00e9 uma das aves dessa \u00e1rea no ver\u00e3o\" width=\"400\" height=\"350\" \/><\/a><p id=\"caption-attachment-143349\" class=\"wp-caption-text\">A lavadeira-mascarada (Fluvicola nengeta) \u00e9 uma das aves dessa \u00e1rea no ver\u00e3o<\/p><\/div>\n<p><strong>Variedade de aves <\/strong><br \/>\nEsse sistema ambiental urbano tamb\u00e9m envolve o trecho do<strong> futuro Parque Linear do Rio Guapeva entre a rua Vig\u00e1rio Jo\u00e3o Jos\u00e9 Rodrigues e a rua Prudente de Moraes<\/strong>, inserido no contexto de <strong>interven\u00e7\u00f5es atuais em contrapartida<\/strong>, e receber\u00e1 a implanta\u00e7\u00e3o de <strong>trecho do Parque Guapeva com paisagismo espec\u00edfico, pista de caminhada e ciclovia<\/strong>.<\/p>\n<p><strong>Um levantamento r\u00e1pido de avifauna realizado voluntariamente pelo ec\u00f3logo especializado em ornitologia (estudo de aves) Renan Augusto Bonan\u00e7a identificou nada menos que 17 esp\u00e9cies em apenas uma hora de observa\u00e7\u00e3o especializada no per\u00edodo de nidifica\u00e7\u00e3o, em fevereiro<\/strong>. O profissional \u00e9 especializado pela Universidade Estadual Paulistas (Unesp) na rela\u00e7\u00e3o bioestat\u00edstica entre presen\u00e7a de aves e conserva\u00e7\u00e3o dos ambientes de entorno (como nos parques municipais). <strong><a href=\"https:\/\/jundiai.sp.gov.br\/noticias\/2015\/02\/05\/jundiai-valoriza-ecologia-com-passaros-dos-parques-da-cidade\/\" target=\"_blank\">Bonan\u00e7a fez tamb\u00e9m um levantamento, primeiro entre 2008 e 2009, no Parque da Cidade, no Jardim Bot\u00e2nico e no Parque do Corrupira e posteriormente incluindo tamb\u00e9m o Parque do Tulipas em seu mestrado em ecologia na Universidade Estadual Paulista (Unesp), entre 2012 e 2014<\/a>.<\/strong><\/p>\n<p>\u201c<strong>Esse resultado embasa o desenvolvimento do projeto em andamento para o Parque Linear do Rio Guapeva<\/strong>, que teve aquele trecho alterado em suas diretrizes legais para <strong>preserv\u00e1-lo do uso das margens pelo sistema vi\u00e1rio<\/strong> como acontece em grande parte de sua extens\u00e3o, refor\u00e7ando assim a <strong>necessidade da manuten\u00e7\u00e3o de suas caracter\u00edsticas naturais<\/strong>\u201d, afirma a secret\u00e1ria Daniela da Camara Sutti, de Planejamento e Meio Ambiente.<\/p>\n<p>A identifica\u00e7\u00e3o de esp\u00e9cies de aves apontou naquela ocasi\u00e3o a presen\u00e7a nesse sistema ambiental que envolve o Escad\u00e3o e o Rio Guapeva de <strong>variedades de jo\u00e3o-de-barro (<em>Furnarius rufus<\/em>), do bem-te-vi (<em>Pitangus sulphuratus<\/em>), do suiriri (<em>Tyrannus melancholicus<\/em>), da corru\u00edra (<em>Troglodytes musculus<\/em>), da saracura-do-mato (<em>Aramides saracura<\/em>), do beija-flor-tesoura (<em>Eupetomena macroura<\/em>), da lavadeira-mascarada (<em>Fluvicola nengeta<\/em>), da pomba-de-bando (<em>Zenaida auriculata<\/em>), do pombo-dom\u00e9stico (<em>Columba livia<\/em>), do pardal (<em>Passer domesticus<\/em>), do periquit\u00e3o-maracan\u00e3 (<em>Sittacara leucophthalmus<\/em>), do ferreirinho-rel\u00f3gio (<em>Todirostrum cinereum<\/em>), do periquito-rico (<em>Brotogeris tirica<\/em>), da rolinha-roxa (<em>Columbina talpacoti<\/em>), da andorinha-pequena-de-casa (<em>Pygochelidon cyanoleuca<\/em>), do sanha\u00e7u-cinzento (<em>Tangara sayaca<\/em>) e do tuim (<em>Forpus xanthopterygius<\/em>)<\/strong>.<\/p>\n<p><strong>O levantamento \u00e9 informal e o n\u00famero pode ser muito maior. Apenas no <a href=\"http:\/\/www.wikiaves.com.br\/cidade.php?c=3525904\" target=\"_blank\">portal Wikiaves, o munic\u00edpio de Jundia\u00ed tem 297 registros de esp\u00e9cies de aves<\/a>.<\/strong><\/p>\n<p>Os levantamentos bot\u00e2nicos da coopera\u00e7\u00e3o interssetorial da Prefeitura visam, entre outros objetivos, <strong>ampliar a oferta de esp\u00e9cies vegetais para refor\u00e7ar a diversidade ambiental junto a essa \u00e1rea de conv\u00edvio urbano, tamb\u00e9m marcada pelo patrim\u00f4nio hist\u00f3rico e ambiental<\/strong>.<\/p>\n<p><strong><em>Jos\u00e9 Arnaldo de Oliveira<br \/>\nFotos: Fot\u00f3grafos PMJ<\/em><\/strong><\/p>\n","protected":false},"excerpt":{"rendered":"<p>A Prefeitura promove an\u00e1lise detalhada das medidas paisag\u00edsticas com foco na vegeta\u00e7\u00e3o, servindo para programas ambientais<\/p>\n","protected":false},"author":14,"featured_media":143355,"comment_status":"closed","ping_status":"closed","sticky":false,"template":"","format":"standard","meta":{"footnotes":""},"categories":[2],"tags":[888,322,32,341],"ods":[],"class_list":["post-143339","post","type-post","status-publish","format-standard","has-post-thumbnail","hentry","category-noticias","tag-escadao","tag-jardim-botanico","tag-planejamento-e-meio-ambiente","tag-servicos-publicos"],"_links":{"self":[{"href":"https:\/\/jundiai.sp.gov.br\/noticias\/wp-json\/wp\/v2\/posts\/143339","targetHints":{"allow":["GET"]}}],"collection":[{"href":"https:\/\/jundiai.sp.gov.br\/noticias\/wp-json\/wp\/v2\/posts"}],"about":[{"href":"https:\/\/jundiai.sp.gov.br\/noticias\/wp-json\/wp\/v2\/types\/post"}],"author":[{"embeddable":true,"href":"https:\/\/jundiai.sp.gov.br\/noticias\/wp-json\/wp\/v2\/users\/14"}],"replies":[{"embeddable":true,"href":"https:\/\/jundiai.sp.gov.br\/noticias\/wp-json\/wp\/v2\/comments?post=143339"}],"version-history":[{"count":17,"href":"https:\/\/jundiai.sp.gov.br\/noticias\/wp-json\/wp\/v2\/posts\/143339\/revisions"}],"predecessor-version":[{"id":176694,"href":"https:\/\/jundiai.sp.gov.br\/noticias\/wp-json\/wp\/v2\/posts\/143339\/revisions\/176694"}],"wp:featuredmedia":[{"embeddable":true,"href":"https:\/\/jundiai.sp.gov.br\/noticias\/wp-json\/wp\/v2\/media\/143355"}],"wp:attachment":[{"href":"https:\/\/jundiai.sp.gov.br\/noticias\/wp-json\/wp\/v2\/media?parent=143339"}],"wp:term":[{"taxonomy":"category","embeddable":true,"href":"https:\/\/jundiai.sp.gov.br\/noticias\/wp-json\/wp\/v2\/categories?post=143339"},{"taxonomy":"post_tag","embeddable":true,"href":"https:\/\/jundiai.sp.gov.br\/noticias\/wp-json\/wp\/v2\/tags?post=143339"},{"taxonomy":"ods","embeddable":true,"href":"https:\/\/jundiai.sp.gov.br\/noticias\/wp-json\/wp\/v2\/ods?post=143339"}],"curies":[{"name":"wp","href":"https:\/\/api.w.org\/{rel}","templated":true}]}}