{"id":143351,"date":"2015-06-16T16:33:11","date_gmt":"2015-06-16T19:33:11","guid":{"rendered":"https:\/\/jundiai.sp.gov.br\/noticias\/?p=143351"},"modified":"2016-11-04T11:34:33","modified_gmt":"2016-11-04T13:34:33","slug":"jundiai-credencia-centro-de-inovacao-tecnologica-no-sistema-paulista","status":"publish","type":"post","link":"https:\/\/jundiai.sp.gov.br\/noticias\/2015\/06\/16\/jundiai-credencia-centro-de-inovacao-tecnologica-no-sistema-paulista\/","title":{"rendered":"Centro de Inova\u00e7\u00e3o Tecnol\u00f3gica \u00e9 credenciado no sistema paulista"},"content":{"rendered":"<p><strong>O <a href=\"http:\/\/www.citjun.com.br\/\" target=\"_blank\">Centro de Inova\u00e7\u00e3o Tecnol\u00f3gica de Jundia\u00ed (CITJUN)<\/a>, estrutura inicial do futuro Parque Tecnol\u00f3gico, est\u00e1 oficialmente credenciado na <a href=\"http:\/\/www.desenvolvimento.sp.gov.br\/rede-paulista-de-incubadoras\" target=\"_blank\">Rede Paulista de Incubadoras de Empresas de Base Tecnol\u00f3gica (RPITec)<\/a>. Esse passo era aguardado como decisivo pela Prefeitura de Jundia\u00ed para o prosseguimento dos preparativos de sua implanta\u00e7\u00e3o. <\/p>\n<p><a href=\"http:\/\/www.citjun.com.br\/docs\/Revista%20Centro%20Inova%C3%A7%C3%A3o_revis%C3%A3o.pdf\" target=\"_blank\">Confira a Revista do Centro de Inova\u00e7\u00e3o<\/a><\/strong><\/p>\n<p>Para o secret\u00e1rio  de Desenvolvimento Econ\u00f4mico, Ci\u00eancia e Tecnologia, Marcelo Cereser, <strong>esse passo do CITJUN no sistema estadual representa um novo avan\u00e7o. \u201cCom o credenciamento, podemos dar andamento ao cronograma de implanta\u00e7\u00e3o do parque que j\u00e1 tem projeto de constru\u00e7\u00e3o completamente aprovado pela Prefeitura\u201d<\/strong>, afirma.<\/p>\n<p><strong>LEIA TAMB\u00c9M<br \/>\n<a href=\"https:\/\/jundiai.sp.gov.br\/noticias\/2015\/05\/25\/prefeito-inaugura-nova-casa-do-pat-e-banco-do-povo\/\" target=\"_blank\">Prefeito inaugura nova casa do PAT e Banco do Povo<\/a><\/strong><\/p>\n<div id=\"attachment_143353\" style=\"width: 730px\" class=\"wp-caption aligncenter\"><a href=\"https:\/\/jundiai.sp.gov.br\/noticias\/wp-content\/uploads\/sites\/32\/2015\/06\/marcelo_cereser_des_economico_P_60G.jpg\"><img loading=\"lazy\" decoding=\"async\" aria-describedby=\"caption-attachment-143353\" src=\"https:\/\/jundiai.sp.gov.br\/noticias\/wp-content\/uploads\/sites\/32\/2015\/06\/marcelo_cereser_des_economico_P_60G-720x645.jpg\" alt=\"Para Cereser, o credenciamento representa um avan\u00e7o rumo ao Parque Tecnol\u00f3gico\" width=\"720\" height=\"645\" class=\"size-large wp-image-143353\" srcset=\"https:\/\/jundiai.sp.gov.br\/noticias\/wp-content\/uploads\/sites\/32\/2015\/06\/marcelo_cereser_des_economico_P_60G-720x645.jpg 720w, https:\/\/jundiai.sp.gov.br\/noticias\/wp-content\/uploads\/sites\/32\/2015\/06\/marcelo_cereser_des_economico_P_60G-300x268.jpg 300w, https:\/\/jundiai.sp.gov.br\/noticias\/wp-content\/uploads\/sites\/32\/2015\/06\/marcelo_cereser_des_economico_P_60G.jpg 1240w\" sizes=\"auto, (max-width: 720px) 100vw, 720px\" \/><\/a><p id=\"caption-attachment-143353\" class=\"wp-caption-text\">Para Cereser, o credenciamento representa um avan\u00e7o rumo ao Parque Tecnol\u00f3gico<\/p><\/div>\n<p>Entre essas medidas,<strong> o projeto de terraplanagem est\u00e1 sendo analisado na Companhia de Tecnologia de Saneamento Ambiental (Cetesb) para a autoriza\u00e7\u00e3o de in\u00edcio das atividades no terreno<\/strong>.<\/p>\n<p>Com a conclus\u00e3o dessas duas etapas, ser\u00e3o encaminhadas as <strong>obras de terraplanagem, arruamento e drenagem do terreno<\/strong> acompanhadas pelo diretor de ci\u00eancia e tecnologia da Secretaria, Jos\u00e9 Dimas Gon\u00e7alves, tamb\u00e9m presidente do Conselho Municipal de Ci\u00eancia, Tecnologia e Inova\u00e7\u00e3o.<\/p>\n<p><strong>Credenciamento<\/strong><br \/>\nO novo passo operacional representa o <strong>reconhecimento pelo Estado da defini\u00e7\u00e3o do <a href=\"http:\/\/www.sincomerciojundiai.com.br\/\" target=\"_blank\">Sindicato do Com\u00e9rcio Varejista de Jundia\u00ed (Sincomercio)<\/a> como gestor externo do Centro de Inova\u00e7\u00e3o Tecnol\u00f3gica de Jundia\u00ed (CITJun), conforme resolu\u00e7\u00e3o publicada no <a href=\"https:\/\/www.imprensaoficial.com.br\/PortalIO\/DO\/HomeDO_2_0.aspx#\" target=\"_blank\">Di\u00e1rio Oficial do Estado<\/a> na quarta-feira (10)<\/strong>.<\/p>\n<p>Com a medida, <strong>Jundia\u00ed torna-se a primeira cidade credenciada na RPITec. \u201c\u00c9 com grande satisfa\u00e7\u00e3o que informo que o CITJUN foi credenciado na rede. Fico orgulhosa, pois a cidade foi pioneira\u201d<\/strong>, assinalou Margarete A. O. Lopes Leal, da subsecretaria de ci\u00eancia da Secretaria de Estado de Desenvolvimento Econ\u00f4mico, Ci\u00eancia, Tecnologia e Inova\u00e7\u00e3o, em comunicado.<\/p>\n<p><strong>Gest\u00e3o conjunta <\/strong><br \/>\n<strong>Mediante conv\u00eanio com a Prefeitura de Jundia\u00ed, o Sincom\u00e9rcio foi autorizado pelo governo estadual a gerir a Incubadora Tecnol\u00f3gica e o Centro de Inova\u00e7\u00e3o<\/strong>, partes essenciais da fase inicial do Parque Tecnol\u00f3gico. Al\u00e9m da <strong>gest\u00e3o do espa\u00e7o f\u00edsico<\/strong>, a entidade ficar\u00e1 respons\u00e1vel pela <strong>capacita\u00e7\u00e3o de incubados, treinamento de profissionais e assessoria t\u00e9cnica para as empresas<\/strong>.<\/p>\n<p><strong>O credenciamento \u00e9 pauta da pr\u00f3xima reuni\u00e3o do Conselho Municipal de Ci\u00eancia, Tecnologia e Inova\u00e7\u00e3o (CMCTI), agendada para a quinta-feira (25) no audit\u00f3rio do Pa\u00e7o Municipal.<\/strong> Institu\u00eddo em agosto de 2014 pelo prefeito Pedro Bigardi, \u00e9 composto por <strong>30 membros entre representantes do poder p\u00fablico, sociedade civil, sindicatos, universidades e demais institui\u00e7\u00f5es<\/strong>.<\/p>\n<p><strong>Parque Tecnol\u00f3gico<\/strong><br \/>\n<strong>O projeto do parque \u00e9 uma das metas do governo Pedro Bigardi e representa o maior esfor\u00e7o da hist\u00f3ria da cidade em reunir na mesma \u00e1rea centenas de empresas de base tecnol\u00f3gica e departamentos de inova\u00e7\u00e3o e pesquisa, com objetivo de desenvolvimento social. A \u00e1rea deve integrar iniciativa privada, institui\u00e7\u00f5es de ensino acad\u00eamico e o poder p\u00fablico em busca de sinergias.<\/strong><\/p>\n<p><strong><em>Viviane Rodrigues<br \/>\nFoto: Arquivo PMJ<\/em><\/strong><\/p>\n","protected":false},"excerpt":{"rendered":"<p>Com ineditismo, cidade toma o passo aguardado e decisivo para o prosseguimento da implanta\u00e7\u00e3o do futuro Parque Tecnol\u00f3gico<\/p>\n","protected":false},"author":14,"featured_media":143365,"comment_status":"closed","ping_status":"closed","sticky":false,"template":"","format":"standard","meta":{"footnotes":""},"categories":[2],"tags":[852,365,570,138,572],"ods":[],"class_list":["post-143351","post","type-post","status-publish","format-standard","has-post-thumbnail","hentry","category-noticias","tag-conselho-de-ciencia-tecnologia-e-inovacao-cmcti","tag-desenvolvimento-economico-ciencia-e-tecnologia","tag-incubadora-de-empresas-de-jundiai-citjun","tag-paco-municipal","tag-parque-tecnologico"],"_links":{"self":[{"href":"https:\/\/jundiai.sp.gov.br\/noticias\/wp-json\/wp\/v2\/posts\/143351","targetHints":{"allow":["GET"]}}],"collection":[{"href":"https:\/\/jundiai.sp.gov.br\/noticias\/wp-json\/wp\/v2\/posts"}],"about":[{"href":"https:\/\/jundiai.sp.gov.br\/noticias\/wp-json\/wp\/v2\/types\/post"}],"author":[{"embeddable":true,"href":"https:\/\/jundiai.sp.gov.br\/noticias\/wp-json\/wp\/v2\/users\/14"}],"replies":[{"embeddable":true,"href":"https:\/\/jundiai.sp.gov.br\/noticias\/wp-json\/wp\/v2\/comments?post=143351"}],"version-history":[{"count":7,"href":"https:\/\/jundiai.sp.gov.br\/noticias\/wp-json\/wp\/v2\/posts\/143351\/revisions"}],"predecessor-version":[{"id":143464,"href":"https:\/\/jundiai.sp.gov.br\/noticias\/wp-json\/wp\/v2\/posts\/143351\/revisions\/143464"}],"wp:featuredmedia":[{"embeddable":true,"href":"https:\/\/jundiai.sp.gov.br\/noticias\/wp-json\/wp\/v2\/media\/143365"}],"wp:attachment":[{"href":"https:\/\/jundiai.sp.gov.br\/noticias\/wp-json\/wp\/v2\/media?parent=143351"}],"wp:term":[{"taxonomy":"category","embeddable":true,"href":"https:\/\/jundiai.sp.gov.br\/noticias\/wp-json\/wp\/v2\/categories?post=143351"},{"taxonomy":"post_tag","embeddable":true,"href":"https:\/\/jundiai.sp.gov.br\/noticias\/wp-json\/wp\/v2\/tags?post=143351"},{"taxonomy":"ods","embeddable":true,"href":"https:\/\/jundiai.sp.gov.br\/noticias\/wp-json\/wp\/v2\/ods?post=143351"}],"curies":[{"name":"wp","href":"https:\/\/api.w.org\/{rel}","templated":true}]}}