{"id":143485,"date":"2015-06-17T16:27:56","date_gmt":"2015-06-17T19:27:56","guid":{"rendered":"https:\/\/jundiai.sp.gov.br\/noticias\/?p=143485"},"modified":"2016-11-04T11:40:43","modified_gmt":"2016-11-04T13:40:43","slug":"zeca-da-casa-verde-sera-homenageado-em-roda-de-samba-no-domingo","status":"publish","type":"post","link":"https:\/\/jundiai.sp.gov.br\/noticias\/2015\/06\/17\/zeca-da-casa-verde-sera-homenageado-em-roda-de-samba-no-domingo\/","title":{"rendered":"Zeca da Casa Verde ser\u00e1 homenageado em roda de samba"},"content":{"rendered":"<p><strong>Mais uma edi\u00e7\u00e3o da Roda de Samba Bumbo do Japi ser\u00e1 realizada neste domingo (21), \u00e0s 15h, no Barrac\u00e3o Cultural de Capoeira Idalina, com a participa\u00e7\u00e3o do poeta Akins Kinte, renomado representante da cultura afro-brasileira dentro do universo liter\u00e1rio. O evento tem o apoio da <a href=\"http:\/\/cultura.jundiai.sp.gov.br\/\" target=\"_blank\">Secretaria de Cultura<\/a>, por meio da Diretoria de A\u00e7\u00e3o Comunit\u00e1ria. A entrada \u00e9 gratuita.<\/strong><\/p>\n<p>Na ocasi\u00e3o, <strong>ser\u00e1 exibido o document\u00e1rio \u201cZeca: o poeta da Casa Verde\u201d<\/strong>, que revela a trajet\u00f3ria de vida do sambista da d\u00e9cada de 1970, que marcou hist\u00f3ria nas escolas de samba Rosas de Ouro e Morro da Casa Verde com seus enredos.<\/p>\n<p><strong>LEIA TAMB\u00c9M<br \/>\n<a href=\"https:\/\/jundiai.sp.gov.br\/noticias\/2015\/06\/16\/2o-encontro-nacional-de-motociclistas-chega-a-jundiai-em-julho\/\" target=\"_blank\">2\u00ba Encontro de Motociclistas chega a Jundia\u00ed em julho<\/a><br \/>\n<a href=\"https:\/\/jundiai.sp.gov.br\/noticias\/2015\/06\/16\/polytheama-recebe-joao-carlos-martins-em-apresentacao-gratuita\/\" target=\"_blank\">Polytheama recebe Jo\u00e3o Carlos Martins em apresenta\u00e7\u00e3o gratuita<\/a><\/strong><\/p>\n<div id=\"attachment_143486\" style=\"width: 730px\" class=\"wp-caption aligncenter\"><a href=\"https:\/\/jundiai.sp.gov.br\/noticias\/wp-content\/uploads\/sites\/32\/2015\/06\/bumbo-1_G.jpg\"><img loading=\"lazy\" decoding=\"async\" aria-describedby=\"caption-attachment-143486\" src=\"https:\/\/jundiai.sp.gov.br\/noticias\/wp-content\/uploads\/sites\/32\/2015\/06\/bumbo-1_G-720x404.jpg\" alt=\"Bumbo do Japi se apresenta neste domingo no Barrac\u00e3o Cultural de Capoeira Idalina\" width=\"720\" height=\"404\" class=\"size-large wp-image-143486\" srcset=\"https:\/\/jundiai.sp.gov.br\/noticias\/wp-content\/uploads\/sites\/32\/2015\/06\/bumbo-1_G-720x404.jpg 720w, https:\/\/jundiai.sp.gov.br\/noticias\/wp-content\/uploads\/sites\/32\/2015\/06\/bumbo-1_G-300x168.jpg 300w, https:\/\/jundiai.sp.gov.br\/noticias\/wp-content\/uploads\/sites\/32\/2015\/06\/bumbo-1_G.jpg 1240w\" sizes=\"auto, (max-width: 720px) 100vw, 720px\" \/><\/a><p id=\"caption-attachment-143486\" class=\"wp-caption-text\">Bumbo do Japi se apresenta neste domingo no Barrac\u00e3o Cultural de Capoeira Idalina<\/p><\/div>\n<p>O filme \u00e9 feito com imagens e depoimentos de Tonikinho Batuqueiro, Jair Rodrigues e integrantes da Rosas de Ouro. O document\u00e1rio tamb\u00e9m aborda <strong>quest\u00f5es como as manifesta\u00e7\u00f5es da cultura negra, a marginaliza\u00e7\u00e3o dos sambistas, a origem das escolas de samba e a comercializa\u00e7\u00e3o do Carnaval<\/strong>.<\/p>\n<p>\u201cEssa roda \u00e9 especial. Vamos exibir um document\u00e1rio de um dos sambistas que estudamos, produzido pelo Akins Kinte, que vai contar um pouco de como foi a produ\u00e7\u00e3o do filme. \u00c9 uma oportunidade bem legal para quem ainda n\u00e3o conhece o projeto Bumbo participar desta vez\u201d, comentou Jo\u00e3o Fernandes, m\u00fasico que integra o Bumbo do Japi.<\/p>\n<p>Eliane Silva Pinto, diretora de A\u00e7\u00e3o Comunit\u00e1ria, falou sobre a <strong>iniciativa de apoiar o projeto que j\u00e1 se consolida no cen\u00e1rio cultural de Jundia\u00ed. \u201cA Secretaria de Cultura procura incentivar projetos como esse, que buscam reviver as tradi\u00e7\u00f5es culturais t\u00e3o valiosas para a forma\u00e7\u00e3o cultural e social das comunidades.\u201d<\/strong><\/p>\n<p>O Barrac\u00e3o Cultural de Capoeira Idalina fica na Rua General Martins Francisco Cruz, 96 \u2013 Jardim Ana Maria \u2013 Jundia\u00ed.<\/p>\n<p><strong><em>Assessoria de Imprensa<br \/>\nFoto: Arquivo PMJ<\/em><\/strong><\/p>\n","protected":false},"excerpt":{"rendered":"<p>Mais uma edi\u00e7\u00e3o da Roda de Samba Bumbo do Japi ser\u00e1 realizada neste domingo (21), \u00e0s 15h, no Barrac\u00e3o Cultural de Capoeira Idalina, com a participa\u00e7\u00e3o do poeta Akins Kinte, renomado representante da cultura afro-brasileira dentro do universo liter\u00e1rio. O evento tem o apoio da Secretaria de Cultura, por meio da Diretoria de A\u00e7\u00e3o Comunit\u00e1ria. [&hellip;]<\/p>\n","protected":false},"author":14,"featured_media":0,"comment_status":"closed","ping_status":"closed","sticky":false,"template":"","format":"standard","meta":{"footnotes":""},"categories":[2],"tags":[29],"ods":[],"class_list":["post-143485","post","type-post","status-publish","format-standard","hentry","category-noticias","tag-cultura"],"_links":{"self":[{"href":"https:\/\/jundiai.sp.gov.br\/noticias\/wp-json\/wp\/v2\/posts\/143485","targetHints":{"allow":["GET"]}}],"collection":[{"href":"https:\/\/jundiai.sp.gov.br\/noticias\/wp-json\/wp\/v2\/posts"}],"about":[{"href":"https:\/\/jundiai.sp.gov.br\/noticias\/wp-json\/wp\/v2\/types\/post"}],"author":[{"embeddable":true,"href":"https:\/\/jundiai.sp.gov.br\/noticias\/wp-json\/wp\/v2\/users\/14"}],"replies":[{"embeddable":true,"href":"https:\/\/jundiai.sp.gov.br\/noticias\/wp-json\/wp\/v2\/comments?post=143485"}],"version-history":[{"count":3,"href":"https:\/\/jundiai.sp.gov.br\/noticias\/wp-json\/wp\/v2\/posts\/143485\/revisions"}],"predecessor-version":[{"id":143489,"href":"https:\/\/jundiai.sp.gov.br\/noticias\/wp-json\/wp\/v2\/posts\/143485\/revisions\/143489"}],"wp:attachment":[{"href":"https:\/\/jundiai.sp.gov.br\/noticias\/wp-json\/wp\/v2\/media?parent=143485"}],"wp:term":[{"taxonomy":"category","embeddable":true,"href":"https:\/\/jundiai.sp.gov.br\/noticias\/wp-json\/wp\/v2\/categories?post=143485"},{"taxonomy":"post_tag","embeddable":true,"href":"https:\/\/jundiai.sp.gov.br\/noticias\/wp-json\/wp\/v2\/tags?post=143485"},{"taxonomy":"ods","embeddable":true,"href":"https:\/\/jundiai.sp.gov.br\/noticias\/wp-json\/wp\/v2\/ods?post=143485"}],"curies":[{"name":"wp","href":"https:\/\/api.w.org\/{rel}","templated":true}]}}