{"id":143895,"date":"2015-06-21T13:10:42","date_gmt":"2015-06-21T16:10:42","guid":{"rendered":"https:\/\/jundiai.sp.gov.br\/noticias\/?p=143895"},"modified":"2016-11-04T11:22:43","modified_gmt":"2016-11-04T13:22:43","slug":"prefeito-prestigia-festival-de-ginastica-no-bolao","status":"publish","type":"post","link":"https:\/\/jundiai.sp.gov.br\/noticias\/2015\/06\/21\/prefeito-prestigia-festival-de-ginastica-no-bolao\/","title":{"rendered":"Prefeito prestigia Festival de Gin\u00e1stica Art\u00edstica no Bol\u00e3o"},"content":{"rendered":"<p><strong>O prefeito Pedro Bigardi e a primeira-dama, Margarete Geraldo Bigardi, prestigiaram na manh\u00e3 deste domingo (21) o Festival de Gin\u00e1stica Art\u00edstica, realizado no gin\u00e1sio do conjunto poliesportivo Dr. Nicolino de Lucca, o Bol\u00e3o.<\/p>\n<p>O evento reuniu cerca de 500 atletas que praticam a modalidade nos centros esportivos de Jundia\u00ed, al\u00e9m das equipes convidadas de duas escolas particulares da cidade e da Prefeitura de Cajamar.<\/p>\n<p>\u201c\u00c9 uma alegria participar desse momento em que nossos atletas mostram para o p\u00fablico o que aprenderam\u201d, disse o prefeito. Ele tamb\u00e9m lembrou que Jundia\u00ed ser\u00e1 sede este ano dos <a href=\"http:\/\/jogosregionais.jundiai.sp.gov.br\/\" target=\"_blank\">Jogos Regionais<\/a> e convidou a todos para prestigiar as competi\u00e7\u00f5es, que come\u00e7am no pr\u00f3ximo dia 1\u00ba de julho.<\/strong><\/p>\n<p><strong>LEIA TAMB\u00c9M<br \/>\n<a href=\"https:\/\/jundiai.sp.gov.br\/noticias\/2015\/06\/19\/handebol-feminino-comemora-30-anos-de-sucesso-em-jundiai\/\" target=\"_blank\">Handebol feminino comemora 30 anos de sucesso em Jundia\u00ed<\/a><br \/>\n<a href=\"https:\/\/jundiai.sp.gov.br\/noticias\/2015\/06\/17\/jogadoras-do-divino-sao-convocadas-para-a-selecao-de-basquete-sub-19\/\" target=\"_blank\">Jogadoras s\u00e3o convocadas para a sele\u00e7\u00e3o de basquete sub-19<\/a><br \/>\n<a href=\"https:\/\/jundiai.sp.gov.br\/noticias\/2015\/06\/18\/secretario-convida-alunos-do-senac-para-participar-dos-jogos-regionais\/\" target=\"_blank\">Secret\u00e1rio convida alunos para trabalho volunt\u00e1rio nos Regionais<\/a><\/strong><\/p>\n<div id=\"attachment_143897\" style=\"width: 1250px\" class=\"wp-caption aligncenter\"><a href=\"https:\/\/jundiai.sp.gov.br\/noticias\/wp-content\/uploads\/sites\/32\/2015\/06\/festival_ginastica_artistica_no_bolao_P_84G.jpg\"><img loading=\"lazy\" decoding=\"async\" aria-describedby=\"caption-attachment-143897\" src=\"https:\/\/jundiai.sp.gov.br\/noticias\/wp-content\/uploads\/sites\/32\/2015\/06\/festival_ginastica_artistica_no_bolao_P_84G.jpg\" alt=\" O prefeito destacou a import\u00e2ncia do esporte para as crian\u00e7as \" width=\"1240\" height=\"784\" class=\"size-full wp-image-143897\" srcset=\"https:\/\/jundiai.sp.gov.br\/noticias\/wp-content\/uploads\/sites\/32\/2015\/06\/festival_ginastica_artistica_no_bolao_P_84G.jpg 1240w, https:\/\/jundiai.sp.gov.br\/noticias\/wp-content\/uploads\/sites\/32\/2015\/06\/festival_ginastica_artistica_no_bolao_P_84G-300x189.jpg 300w, https:\/\/jundiai.sp.gov.br\/noticias\/wp-content\/uploads\/sites\/32\/2015\/06\/festival_ginastica_artistica_no_bolao_P_84G-720x455.jpg 720w\" sizes=\"auto, (max-width: 1240px) 100vw, 1240px\" \/><\/a><p id=\"caption-attachment-143897\" class=\"wp-caption-text\"><br \/>O prefeito destacou a import\u00e2ncia do esporte para as crian\u00e7as<br \/><\/p><\/div>\n<p><strong>A primeira-dama fez quest\u00e3o de parabenizar os pais por incentivarem seus filhos a praticarem esporte. \u201cEsporte \u00e9 sa\u00fade. Esse \u00e9 o caminho\u201d<\/strong>, disse.<\/p>\n<p>O secret\u00e1rio de Esportes e Lazer, Cristiano Lopes, destacou a <strong>import\u00e2ncia do evento. \u201cEsse \u00e9 um momento especial para as crian\u00e7as. \u00c9 quando os pais, os amigos e todo o p\u00fablico t\u00eam a oportunidade de assistir e acompanhar todo o trabalho feito ao longo do semestre\u201d<\/strong>, destacou.<\/p>\n<p><strong>As aulas de gin\u00e1stica art\u00edstica s\u00e3o oferecidas em diversos centros esportivos da cidade para crian\u00e7as a partir de 5 anos de idade. O objetivo \u00e9 levar educa\u00e7\u00e3o atrav\u00e9s da modalidade e tamb\u00e9m detectar poss\u00edveis talentos. Atualmente, cerca de 700 crian\u00e7as participam do projeto em toda a cidade.<\/strong><\/p>\n<div id=\"attachment_143898\" style=\"width: 1250px\" class=\"wp-caption aligncenter\"><a href=\"https:\/\/jundiai.sp.gov.br\/noticias\/wp-content\/uploads\/sites\/32\/2015\/06\/festival_ginastica_artistica_no_bolao_P_130G.jpg\"><img loading=\"lazy\" decoding=\"async\" aria-describedby=\"caption-attachment-143898\" src=\"https:\/\/jundiai.sp.gov.br\/noticias\/wp-content\/uploads\/sites\/32\/2015\/06\/festival_ginastica_artistica_no_bolao_P_130G.jpg\" alt=\"Atletas de toda a cidade se apresentaram no festival\" width=\"1240\" height=\"840\" class=\"size-full wp-image-143898\" srcset=\"https:\/\/jundiai.sp.gov.br\/noticias\/wp-content\/uploads\/sites\/32\/2015\/06\/festival_ginastica_artistica_no_bolao_P_130G.jpg 1240w, https:\/\/jundiai.sp.gov.br\/noticias\/wp-content\/uploads\/sites\/32\/2015\/06\/festival_ginastica_artistica_no_bolao_P_130G-300x203.jpg 300w, https:\/\/jundiai.sp.gov.br\/noticias\/wp-content\/uploads\/sites\/32\/2015\/06\/festival_ginastica_artistica_no_bolao_P_130G-720x487.jpg 720w\" sizes=\"auto, (max-width: 1240px) 100vw, 1240px\" \/><\/a><p id=\"caption-attachment-143898\" class=\"wp-caption-text\">Atletas de toda a cidade se apresentaram no festival<\/p><\/div>\n<p><strong><em>Niza Souza<br \/>\nFotos: Paulo Gr\u00e9gio<\/em><\/strong><\/p>\n","protected":false},"excerpt":{"rendered":"<p>Pedro Bigardi aproveitou para convidar a todos para participar dos 59\u00ba Jogos Regionais, que come\u00e7am em 1\u00ba de julho<\/p>\n","protected":false},"author":14,"featured_media":143910,"comment_status":"closed","ping_status":"closed","sticky":false,"template":"","format":"standard","meta":{"footnotes":""},"categories":[2],"tags":[110,35,136,468,469,610,521,58,417],"ods":[],"class_list":["post-143895","post","type-post","status-publish","format-standard","has-post-thumbnail","hentry","category-noticias","tag-bolao","tag-esporte-e-lazer","tag-ginastica-artistica","tag-ginastica-artistica-feminina","tag-ginastica-artistica-masculina","tag-jogos-regionais","tag-jogos-regionais-jundiai-2015","tag-prefeito","tag-primeira-dama"],"_links":{"self":[{"href":"https:\/\/jundiai.sp.gov.br\/noticias\/wp-json\/wp\/v2\/posts\/143895","targetHints":{"allow":["GET"]}}],"collection":[{"href":"https:\/\/jundiai.sp.gov.br\/noticias\/wp-json\/wp\/v2\/posts"}],"about":[{"href":"https:\/\/jundiai.sp.gov.br\/noticias\/wp-json\/wp\/v2\/types\/post"}],"author":[{"embeddable":true,"href":"https:\/\/jundiai.sp.gov.br\/noticias\/wp-json\/wp\/v2\/users\/14"}],"replies":[{"embeddable":true,"href":"https:\/\/jundiai.sp.gov.br\/noticias\/wp-json\/wp\/v2\/comments?post=143895"}],"version-history":[{"count":4,"href":"https:\/\/jundiai.sp.gov.br\/noticias\/wp-json\/wp\/v2\/posts\/143895\/revisions"}],"predecessor-version":[{"id":143912,"href":"https:\/\/jundiai.sp.gov.br\/noticias\/wp-json\/wp\/v2\/posts\/143895\/revisions\/143912"}],"wp:featuredmedia":[{"embeddable":true,"href":"https:\/\/jundiai.sp.gov.br\/noticias\/wp-json\/wp\/v2\/media\/143910"}],"wp:attachment":[{"href":"https:\/\/jundiai.sp.gov.br\/noticias\/wp-json\/wp\/v2\/media?parent=143895"}],"wp:term":[{"taxonomy":"category","embeddable":true,"href":"https:\/\/jundiai.sp.gov.br\/noticias\/wp-json\/wp\/v2\/categories?post=143895"},{"taxonomy":"post_tag","embeddable":true,"href":"https:\/\/jundiai.sp.gov.br\/noticias\/wp-json\/wp\/v2\/tags?post=143895"},{"taxonomy":"ods","embeddable":true,"href":"https:\/\/jundiai.sp.gov.br\/noticias\/wp-json\/wp\/v2\/ods?post=143895"}],"curies":[{"name":"wp","href":"https:\/\/api.w.org\/{rel}","templated":true}]}}