{"id":144170,"date":"2015-06-22T16:13:11","date_gmt":"2015-06-22T19:13:11","guid":{"rendered":"https:\/\/jundiai.sp.gov.br\/noticias\/?p=144170"},"modified":"2016-11-04T11:22:45","modified_gmt":"2016-11-04T13:22:45","slug":"testes-com-leira-avancam-no-processo-de-compostagem","status":"publish","type":"post","link":"https:\/\/jundiai.sp.gov.br\/noticias\/2015\/06\/22\/testes-com-leira-avancam-no-processo-de-compostagem\/","title":{"rendered":"Testes com leira avan\u00e7am no processo de compostagem"},"content":{"rendered":"<p><strong>Ap\u00f3s 21 dias de per\u00edodo para compostagem do material org\u00e2nico que est\u00e1 sendo tratado no Centro de Gerenciamento de Res\u00edduos S\u00f3lidos (Geresol), a leira, equipamento alem\u00e3o em teste, foi aberta nesta segunda-feira (22) para que o composto fosse novamente misturado. O processo \u00e9 chamado de revolvimento.<\/strong><\/p>\n<p>A ideia, segundo o secret\u00e1rio de Servi\u00e7os P\u00fablicos Aguinaldo Leite, foi <strong>avaliar como est\u00e1 o processo e fazer uma mistura homog\u00eanea. \u201cNotamos que seria necess\u00e1rio adicionar mais \u00e1gua e material org\u00e2nico para aumentar a produ\u00e7\u00e3o de nitrog\u00eanio. As bact\u00e9rias precisam desse elemento para que o composto produzido seja de qualidade.\u201d<\/strong><\/p>\n<p><strong>LEIA TAMB\u00c9M<br \/>\n<a href=\"https:\/\/jundiai.sp.gov.br\/noticias\/2015\/06\/18\/conselho-da-cidade-recebe-analise-de-governo\/\" target=\"_blank\">Conselho da Cidade recebe an\u00e1lise de governo<\/a><br \/>\n<a href=\"https:\/\/jundiai.sp.gov.br\/noticias\/2015\/06\/16\/escadao-e-alvo-de-plano-de-manejo-ambiental\/\" target=\"_blank\">\u2018Escad\u00e3o\u2019 \u00e9 alvo de plano de manejo ambiental<\/a><br \/>\n<a href=\"https:\/\/jundiai.sp.gov.br\/noticias\/2015\/06\/17\/prefeitura-em-acao-pavimentacao-e-novo-parque-para-o-jardim-do-lago\/\" target=\"_blank\">Prefeitura em A\u00e7\u00e3o: pavimenta\u00e7\u00e3o e novo parque no Jardim do Lago<\/a><\/strong><\/p>\n<div id=\"attachment_144174\" style=\"width: 1250px\" class=\"wp-caption aligncenter\"><a href=\"https:\/\/jundiai.sp.gov.br\/noticias\/wp-content\/uploads\/sites\/32\/2015\/06\/descoberta_Lheira_no_GERESOL_c_12_G.jpg\"><img loading=\"lazy\" decoding=\"async\" aria-describedby=\"caption-attachment-144174\" src=\"https:\/\/jundiai.sp.gov.br\/noticias\/wp-content\/uploads\/sites\/32\/2015\/06\/descoberta_Lheira_no_GERESOL_c_12_G.jpg\" alt=\"Leira foi aberta para revolvimento do material\" width=\"1240\" height=\"885\" class=\"size-full wp-image-144174\" srcset=\"https:\/\/jundiai.sp.gov.br\/noticias\/wp-content\/uploads\/sites\/32\/2015\/06\/descoberta_Lheira_no_GERESOL_c_12_G.jpg 1240w, https:\/\/jundiai.sp.gov.br\/noticias\/wp-content\/uploads\/sites\/32\/2015\/06\/descoberta_Lheira_no_GERESOL_c_12_G-300x214.jpg 300w, https:\/\/jundiai.sp.gov.br\/noticias\/wp-content\/uploads\/sites\/32\/2015\/06\/descoberta_Lheira_no_GERESOL_c_12_G-720x513.jpg 720w\" sizes=\"auto, (max-width: 1240px) 100vw, 1240px\" \/><\/a><p id=\"caption-attachment-144174\" class=\"wp-caption-text\">Leira foi aberta para revolvimento do material<\/p><\/div>\n<p><strong>A leira, tecnologia da empresa UTV, ser\u00e1 reaberta novamente em 14 dias, quando haver\u00e1 novo revolvimento. E no prazo total de 30 dias haver\u00e1 a abertura final, quando o composto ser\u00e1 peneirado e depois levado para an\u00e1lises laboratoriais.<\/strong><\/p>\n<p>De acordo com o secret\u00e1rio, a Secretaria de Agricultura, Abastecimento e Turismo ir\u00e1 indicar <strong>agricultores que far\u00e3o o teste desse adubo, depois que a qualidade for comprovada, em planta\u00e7\u00f5es<\/strong>.<\/p>\n<p><strong>Cont\u00eainer <\/strong><br \/>\n<strong><a href=\"https:\/\/jundiai.sp.gov.br\/noticias\/2015\/06\/16\/conteiner-esta-em-teste-no-geresol\/\" target=\"_blank\">Tamb\u00e9m est\u00e1 sendo testado no Geresol um cont\u00eainer, que j\u00e1 est\u00e1 fazendo compostagem de mat\u00e9ria mista.<\/a><\/strong> O resultado ser\u00e1 um Combust\u00edvel Derivado de Res\u00edduos (CDR). A tecnologia tamb\u00e9m \u00e9 alem\u00e3, da empresa GFA.<\/p>\n<p>\u201cS\u00e3o <strong>dois processos diferentes<\/strong>, que podem tratar as mesmas fra\u00e7\u00f5es. Cada um \u00e9 eficiente \u00e0 sua maneira. Estamos felizes em poder realizar esses testes e ao mesmo tempo <strong>aprender ainda mais sobre o tratamento dos res\u00edduos<\/strong>\u201d, comentou Aguinaldo.<\/p>\n<p><strong>Ambos est\u00e3o sendo testados dentro do <a href=\"https:\/\/jundiai.sp.gov.br\/servicos-publicos\/projeto-i-nopa\/\" target=\"_blank\">projeto I-Nopa<\/a>.<\/strong><\/p>\n<div id=\"attachment_144175\" style=\"width: 1250px\" class=\"wp-caption aligncenter\"><a href=\"https:\/\/jundiai.sp.gov.br\/noticias\/wp-content\/uploads\/sites\/32\/2015\/06\/descoberta_Lheira_no_GERESOL_c_10_G.jpg\"><img loading=\"lazy\" decoding=\"async\" aria-describedby=\"caption-attachment-144175\" src=\"https:\/\/jundiai.sp.gov.br\/noticias\/wp-content\/uploads\/sites\/32\/2015\/06\/descoberta_Lheira_no_GERESOL_c_10_G.jpg\" alt=\"Em 14 dias o processo ser\u00e1 repetido\" width=\"1240\" height=\"892\" class=\"size-full wp-image-144175\" srcset=\"https:\/\/jundiai.sp.gov.br\/noticias\/wp-content\/uploads\/sites\/32\/2015\/06\/descoberta_Lheira_no_GERESOL_c_10_G.jpg 1240w, https:\/\/jundiai.sp.gov.br\/noticias\/wp-content\/uploads\/sites\/32\/2015\/06\/descoberta_Lheira_no_GERESOL_c_10_G-300x215.jpg 300w, https:\/\/jundiai.sp.gov.br\/noticias\/wp-content\/uploads\/sites\/32\/2015\/06\/descoberta_Lheira_no_GERESOL_c_10_G-720x517.jpg 720w\" sizes=\"auto, (max-width: 1240px) 100vw, 1240px\" \/><\/a><p id=\"caption-attachment-144175\" class=\"wp-caption-text\">Em 14 dias o processo ser\u00e1 repetido<\/p><\/div>\n<p><strong><em>Luana Dias<br \/>\nFotos: Cleber de Almeida<\/em><\/strong><\/p>\n","protected":false},"excerpt":{"rendered":"<p>Procedimento no Geresol faz parte de m\u00e9todo de compostagem do material org\u00e2nico e possui tecnologia alem\u00e3<\/p>\n","protected":false},"author":14,"featured_media":144354,"comment_status":"closed","ping_status":"closed","sticky":false,"template":"","format":"standard","meta":{"footnotes":""},"categories":[2],"tags":[68,535,401,341],"ods":[],"class_list":["post-144170","post","type-post","status-publish","format-standard","has-post-thumbnail","hentry","category-noticias","tag-centro-de-gerenciamento-de-residuos-solidos-geresol","tag-i-nopa","tag-residuos-solidos","tag-servicos-publicos"],"_links":{"self":[{"href":"https:\/\/jundiai.sp.gov.br\/noticias\/wp-json\/wp\/v2\/posts\/144170","targetHints":{"allow":["GET"]}}],"collection":[{"href":"https:\/\/jundiai.sp.gov.br\/noticias\/wp-json\/wp\/v2\/posts"}],"about":[{"href":"https:\/\/jundiai.sp.gov.br\/noticias\/wp-json\/wp\/v2\/types\/post"}],"author":[{"embeddable":true,"href":"https:\/\/jundiai.sp.gov.br\/noticias\/wp-json\/wp\/v2\/users\/14"}],"replies":[{"embeddable":true,"href":"https:\/\/jundiai.sp.gov.br\/noticias\/wp-json\/wp\/v2\/comments?post=144170"}],"version-history":[{"count":4,"href":"https:\/\/jundiai.sp.gov.br\/noticias\/wp-json\/wp\/v2\/posts\/144170\/revisions"}],"predecessor-version":[{"id":144359,"href":"https:\/\/jundiai.sp.gov.br\/noticias\/wp-json\/wp\/v2\/posts\/144170\/revisions\/144359"}],"wp:featuredmedia":[{"embeddable":true,"href":"https:\/\/jundiai.sp.gov.br\/noticias\/wp-json\/wp\/v2\/media\/144354"}],"wp:attachment":[{"href":"https:\/\/jundiai.sp.gov.br\/noticias\/wp-json\/wp\/v2\/media?parent=144170"}],"wp:term":[{"taxonomy":"category","embeddable":true,"href":"https:\/\/jundiai.sp.gov.br\/noticias\/wp-json\/wp\/v2\/categories?post=144170"},{"taxonomy":"post_tag","embeddable":true,"href":"https:\/\/jundiai.sp.gov.br\/noticias\/wp-json\/wp\/v2\/tags?post=144170"},{"taxonomy":"ods","embeddable":true,"href":"https:\/\/jundiai.sp.gov.br\/noticias\/wp-json\/wp\/v2\/ods?post=144170"}],"curies":[{"name":"wp","href":"https:\/\/api.w.org\/{rel}","templated":true}]}}