{"id":144429,"date":"2015-06-23T11:59:14","date_gmt":"2015-06-23T14:59:14","guid":{"rendered":"https:\/\/jundiai.sp.gov.br\/noticias\/?p=144429"},"modified":"2016-11-04T11:28:31","modified_gmt":"2016-11-04T13:28:31","slug":"conselho-de-meio-ambiente-recebe-inscricoes-ate-a-terca-feira-30","status":"publish","type":"post","link":"https:\/\/jundiai.sp.gov.br\/noticias\/2015\/06\/23\/conselho-de-meio-ambiente-recebe-inscricoes-ate-a-terca-feira-30\/","title":{"rendered":"Conselho de Meio Ambiente recebe inscri\u00e7\u00e3o at\u00e9 ter\u00e7a-feira (30)"},"content":{"rendered":"<p><strong>A participa\u00e7\u00e3o de entidades da sociedade civil no Conselho Municipal de Defesa do Meio Ambiente (Comdema), um dos mais importantes colegiados participativos da cidade, est\u00e1 com inscri\u00e7\u00f5es abertas at\u00e9 a ter\u00e7a-feira (30).<\/strong> <\/p>\n<p>Para participar do processo, as entidades relacionadas podem fazer seu cadastramento <strong>de segunda a sexta-feira, das 9h \u00e0s 17h, na ala sul do 5\u00ba andar do Pa\u00e7o Municipal, na Secretaria de Planejamento e Meio Ambiente<\/strong>.<\/p>\n<p><strong>CONFIRA O <a href=\"https:\/\/jundiai.sp.gov.br\/planejamento-e-meio-ambiente\/wp-content\/uploads\/sites\/15\/2014\/09\/COMDEMA_Reg_Interno_Decr_25001_14.pdf\" target=\"_blank\">REGIMENTO INTERNO DO COMDEMA<\/a> E A <a href=\"https:\/\/jundiai.sp.gov.br\/planejamento-e-meio-ambiente\/wp-content\/uploads\/sites\/15\/2014\/09\/COMDEMA_Ficha_Cadastro_2015-2017.pdf\" target=\"_blank\">FICHA DE CADASTRO<\/a><\/strong><\/p>\n<p><strong>LEIA TAMB\u00c9M<br \/>\n<a href=\"https:\/\/jundiai.sp.gov.br\/noticias\/2015\/06\/21\/prefeito-entrega-matriculas-individualizadas-no-agua-doce\/\" target=\"_blank\">Prefeito entrega matr\u00edculas individualizadas no \u00c1gua Doce<\/a><br \/>\n<a href=\"https:\/\/jundiai.sp.gov.br\/noticias\/2015\/06\/23\/cidades-emocionais-sao-alvo-de-oficinas-no-centro\/\" target=\"_blank\">\u2018Cidades Emocionais\u2019 s\u00e3o alvo das novas oficinas no Centro<\/a><\/strong><\/p>\n<div id=\"attachment_144443\" style=\"width: 1250px\" class=\"wp-caption aligncenter\"><a href=\"https:\/\/jundiai.sp.gov.br\/noticias\/wp-content\/uploads\/sites\/32\/2015\/06\/arvores_G.jpg\"><img loading=\"lazy\" decoding=\"async\" aria-describedby=\"caption-attachment-144443\" src=\"https:\/\/jundiai.sp.gov.br\/noticias\/wp-content\/uploads\/sites\/32\/2015\/06\/arvores_G.jpg\" alt=\"O meio ambiente \u00e9 o alvo do trabalho do conselho\" width=\"1240\" height=\"824\" class=\"size-full wp-image-144443\" srcset=\"https:\/\/jundiai.sp.gov.br\/noticias\/wp-content\/uploads\/sites\/32\/2015\/06\/arvores_G.jpg 1240w, https:\/\/jundiai.sp.gov.br\/noticias\/wp-content\/uploads\/sites\/32\/2015\/06\/arvores_G-300x199.jpg 300w, https:\/\/jundiai.sp.gov.br\/noticias\/wp-content\/uploads\/sites\/32\/2015\/06\/arvores_G-720x478.jpg 720w\" sizes=\"auto, (max-width: 1240px) 100vw, 1240px\" \/><\/a><p id=\"caption-attachment-144443\" class=\"wp-caption-text\">O meio ambiente \u00e9 o alvo do trabalho do conselho<\/p><\/div>\n<p>As exig\u00eancias s\u00e3o b\u00e1sicas como <strong>estar regularmente constitu\u00eddas h\u00e1 mais de dois anos no munic\u00edpio, breves resumos sobre sua atua\u00e7\u00e3o e de seu representante indicado e n\u00e3o ter em sua diretoria nenhuma pessoa em cargo comissionado na Prefeitura de Jundia\u00ed. As entidades que j\u00e1 participam ou participaram do conselho tamb\u00e9m devem renovar seus cadastros.<\/strong><\/p>\n<p>Para o <strong>bi\u00eanio 2015-2017<\/strong> ser\u00e3o <strong>vinte representantes da sociedade<\/strong>, definidos pela legisla\u00e7\u00e3o em <strong>quatro para os sindicatos de trabalhadores, dois para os sindicatos patronais, seis para as entidades comunit\u00e1rias dos bairros, cinco para as demais associa\u00e7\u00f5es diversas<\/strong> (estudantis, religiosas, de minorias), <strong>dois de organiza\u00e7\u00f5es n\u00e3o-governamentais ligadas ao meio ambiente e um do setor de escolas particulares<\/strong>.<\/p>\n<p>Os documentos necess\u00e1rios pela institui\u00e7\u00e3o s\u00e3o a <strong><a href=\"https:\/\/jundiai.sp.gov.br\/planejamento-e-meio-ambiente\/wp-content\/uploads\/sites\/15\/2014\/09\/COMDEMA_Ficha_Cadastro_2015-2017.pdf\" target=\"_blank\">ficha de cadastro<\/a> e c\u00f3pias de CNPJ, Estatuto, ata da atual diretoria e comprovante de endere\u00e7o, al\u00e9m de documentos do representante indicado como c\u00f3pia do RG e comprovante de endere\u00e7o.<\/strong><\/p>\n<p><strong><em>Jos\u00e9 Arnaldo de Oliveira<br \/>\nFoto: Arquivo PMJ<\/em><\/strong><\/p>\n","protected":false},"excerpt":{"rendered":"<p>Para participar, entidades podem se cadastrar de segunda a sexta, das 9h \u00e0s 17h, no Planejamento e Meio Ambiente<\/p>\n","protected":false},"author":14,"featured_media":144437,"comment_status":"closed","ping_status":"closed","sticky":false,"template":"","format":"standard","meta":{"footnotes":""},"categories":[2],"tags":[498,32],"ods":[],"class_list":["post-144429","post","type-post","status-publish","format-standard","has-post-thumbnail","hentry","category-noticias","tag-conselho-de-defesa-do-meio-ambiente-comdema","tag-planejamento-e-meio-ambiente"],"_links":{"self":[{"href":"https:\/\/jundiai.sp.gov.br\/noticias\/wp-json\/wp\/v2\/posts\/144429","targetHints":{"allow":["GET"]}}],"collection":[{"href":"https:\/\/jundiai.sp.gov.br\/noticias\/wp-json\/wp\/v2\/posts"}],"about":[{"href":"https:\/\/jundiai.sp.gov.br\/noticias\/wp-json\/wp\/v2\/types\/post"}],"author":[{"embeddable":true,"href":"https:\/\/jundiai.sp.gov.br\/noticias\/wp-json\/wp\/v2\/users\/14"}],"replies":[{"embeddable":true,"href":"https:\/\/jundiai.sp.gov.br\/noticias\/wp-json\/wp\/v2\/comments?post=144429"}],"version-history":[{"count":14,"href":"https:\/\/jundiai.sp.gov.br\/noticias\/wp-json\/wp\/v2\/posts\/144429\/revisions"}],"predecessor-version":[{"id":144598,"href":"https:\/\/jundiai.sp.gov.br\/noticias\/wp-json\/wp\/v2\/posts\/144429\/revisions\/144598"}],"wp:featuredmedia":[{"embeddable":true,"href":"https:\/\/jundiai.sp.gov.br\/noticias\/wp-json\/wp\/v2\/media\/144437"}],"wp:attachment":[{"href":"https:\/\/jundiai.sp.gov.br\/noticias\/wp-json\/wp\/v2\/media?parent=144429"}],"wp:term":[{"taxonomy":"category","embeddable":true,"href":"https:\/\/jundiai.sp.gov.br\/noticias\/wp-json\/wp\/v2\/categories?post=144429"},{"taxonomy":"post_tag","embeddable":true,"href":"https:\/\/jundiai.sp.gov.br\/noticias\/wp-json\/wp\/v2\/tags?post=144429"},{"taxonomy":"ods","embeddable":true,"href":"https:\/\/jundiai.sp.gov.br\/noticias\/wp-json\/wp\/v2\/ods?post=144429"}],"curies":[{"name":"wp","href":"https:\/\/api.w.org\/{rel}","templated":true}]}}