{"id":144477,"date":"2015-06-23T14:16:39","date_gmt":"2015-06-23T17:16:39","guid":{"rendered":"https:\/\/jundiai.sp.gov.br\/noticias\/?p=144477"},"modified":"2016-11-04T11:28:31","modified_gmt":"2016-11-04T13:28:31","slug":"terceira-edicao-da-roda-de-causos-sera-no-vista-alegre","status":"publish","type":"post","link":"https:\/\/jundiai.sp.gov.br\/noticias\/2015\/06\/23\/terceira-edicao-da-roda-de-causos-sera-no-vista-alegre\/","title":{"rendered":"Terceira edi\u00e7\u00e3o da Roda de Causos ser\u00e1 no Vista Alegre"},"content":{"rendered":"<p><strong>A j\u00e1 consagrada Roda de Causos, evento promovido pela <a href=\"http:\/\/cultura.jundiai.sp.gov.br\/\" target=\"_blank\">Secretaria de Cultura<\/a> por meio da Diretoria de A\u00e7\u00e3o Comunit\u00e1ria, tem data marcada: ser\u00e1 neste s\u00e1bado (27), das 15h \u00e0s 17h, no Centro Comunit\u00e1rio do bairro Vista Alegre. Os moradores da regi\u00e3o poder\u00e3o, atrav\u00e9s de um causo, uma anedota interpretada, um verso declamado, ou ainda uma can\u00e7\u00e3o, compartilhar suas hist\u00f3rias de vida.<\/strong><\/p>\n<p><strong>LEIA TAMB\u00c9M<br \/>\n<a href=\"https:\/\/jundiai.sp.gov.br\/noticias\/2015\/06\/18\/cultura-promove-curso-de-capacitacao-para-servidores\/\" target=\"_blank\">Cultura promove curso de capacita\u00e7\u00e3o para servidores<\/a><br \/>\n<a href=\"https:\/\/jundiai.sp.gov.br\/noticias\/2015\/06\/23\/maestro-joao-carlos-martins-se-apresenta-no-polytheama\/\" target=\"_blank\">Maestro Jo\u00e3o Carlos Martins se apresenta no Polytheama<\/a><\/strong><\/p>\n<div id=\"attachment_144479\" style=\"width: 1250px\" class=\"wp-caption aligncenter\"><a href=\"https:\/\/jundiai.sp.gov.br\/noticias\/wp-content\/uploads\/sites\/32\/2015\/06\/Roda-de-Causos-1g.jpg\"><img loading=\"lazy\" decoding=\"async\" aria-describedby=\"caption-attachment-144479\" src=\"https:\/\/jundiai.sp.gov.br\/noticias\/wp-content\/uploads\/sites\/32\/2015\/06\/Roda-de-Causos-1g.jpg\" alt=\"S\u00e3o Camilo recebeu a primeira edi\u00e7\u00e3o da Roda de Causos\" width=\"1240\" height=\"761\" class=\"size-full wp-image-144479\" srcset=\"https:\/\/jundiai.sp.gov.br\/noticias\/wp-content\/uploads\/sites\/32\/2015\/06\/Roda-de-Causos-1g.jpg 1240w, https:\/\/jundiai.sp.gov.br\/noticias\/wp-content\/uploads\/sites\/32\/2015\/06\/Roda-de-Causos-1g-300x184.jpg 300w, https:\/\/jundiai.sp.gov.br\/noticias\/wp-content\/uploads\/sites\/32\/2015\/06\/Roda-de-Causos-1g-720x441.jpg 720w\" sizes=\"auto, (max-width: 1240px) 100vw, 1240px\" \/><\/a><p id=\"caption-attachment-144479\" class=\"wp-caption-text\">S\u00e3o Camilo recebeu a primeira edi\u00e7\u00e3o da Roda de Causos<\/p><\/div>\n<p>Eliane Silva Pinto, diretora de A\u00e7\u00e3o Comunit\u00e1ria, salientou a <strong>import\u00e2ncia da iniciativa no local. &#8220;Essa atividade faz parte da sensibiliza\u00e7\u00e3o comunit\u00e1ria em torno da constru\u00e7\u00e3o do CEU das Artes no bairro. A Roda de Causos permite conhecermos mais sobre os moradores, suas hist\u00f3rias e com isso implantarmos a\u00e7\u00f5es no novo equipamento p\u00fablico CEU das Artes com o perfil da comunidade.&#8221;<\/strong><\/p>\n<p>Essa terceira edi\u00e7\u00e3o da roda, que <strong>migra de comunidade em comunidade<\/strong>, vem ao encontro de um desejo do morador Geraldo Fernandes, de 50 anos, integrante da Comiss\u00e3o popular de Cultura do bairro, em continuar uma roda anterior que surgiu espontaneamente. \u201cN\u00f3s tivemos aqui no bairro um cineclube, vieram muitas crian\u00e7as e elas gostaram muito. Logo ap\u00f3s come\u00e7amos a conversar e sem querer iniciamos algo bem parecido com conta\u00e7\u00e3o de causos, da\u00ed marcamos a oficial.\u201d<\/p>\n<p><strong>O Centro Comunit\u00e1rio Vista Alegre fica na avenida Jo\u00e3o Forner s\/n\u00ba. A entrada \u00e9 gratuita. Mais informa\u00e7\u00f5es pelos telefones (11) 4521\u20131430 ou 4521\u20136922.<\/strong><\/p>\n<p><strong><em>Assessoria de Imprensa<br \/>\nFoto: Arquivo PMJ<\/em><\/strong><\/p>\n","protected":false},"excerpt":{"rendered":"<p>A j\u00e1 consagrada Roda de Causos, evento promovido pela Secretaria de Cultura por meio da Diretoria de A\u00e7\u00e3o Comunit\u00e1ria, tem data marcada: ser\u00e1 neste s\u00e1bado (27), das 15h \u00e0s 17h, no Centro Comunit\u00e1rio do bairro Vista Alegre. Os moradores da regi\u00e3o poder\u00e3o, atrav\u00e9s de um causo, uma anedota interpretada, um verso declamado, ou ainda uma [&hellip;]<\/p>\n","protected":false},"author":14,"featured_media":0,"comment_status":"closed","ping_status":"closed","sticky":false,"template":"","format":"standard","meta":{"footnotes":""},"categories":[2],"tags":[29],"ods":[],"class_list":["post-144477","post","type-post","status-publish","format-standard","hentry","category-noticias","tag-cultura"],"_links":{"self":[{"href":"https:\/\/jundiai.sp.gov.br\/noticias\/wp-json\/wp\/v2\/posts\/144477","targetHints":{"allow":["GET"]}}],"collection":[{"href":"https:\/\/jundiai.sp.gov.br\/noticias\/wp-json\/wp\/v2\/posts"}],"about":[{"href":"https:\/\/jundiai.sp.gov.br\/noticias\/wp-json\/wp\/v2\/types\/post"}],"author":[{"embeddable":true,"href":"https:\/\/jundiai.sp.gov.br\/noticias\/wp-json\/wp\/v2\/users\/14"}],"replies":[{"embeddable":true,"href":"https:\/\/jundiai.sp.gov.br\/noticias\/wp-json\/wp\/v2\/comments?post=144477"}],"version-history":[{"count":3,"href":"https:\/\/jundiai.sp.gov.br\/noticias\/wp-json\/wp\/v2\/posts\/144477\/revisions"}],"predecessor-version":[{"id":144481,"href":"https:\/\/jundiai.sp.gov.br\/noticias\/wp-json\/wp\/v2\/posts\/144477\/revisions\/144481"}],"wp:attachment":[{"href":"https:\/\/jundiai.sp.gov.br\/noticias\/wp-json\/wp\/v2\/media?parent=144477"}],"wp:term":[{"taxonomy":"category","embeddable":true,"href":"https:\/\/jundiai.sp.gov.br\/noticias\/wp-json\/wp\/v2\/categories?post=144477"},{"taxonomy":"post_tag","embeddable":true,"href":"https:\/\/jundiai.sp.gov.br\/noticias\/wp-json\/wp\/v2\/tags?post=144477"},{"taxonomy":"ods","embeddable":true,"href":"https:\/\/jundiai.sp.gov.br\/noticias\/wp-json\/wp\/v2\/ods?post=144477"}],"curies":[{"name":"wp","href":"https:\/\/api.w.org\/{rel}","templated":true}]}}