{"id":144484,"date":"2015-06-23T14:28:39","date_gmt":"2015-06-23T17:28:39","guid":{"rendered":"https:\/\/jundiai.sp.gov.br\/noticias\/?p=144484"},"modified":"2016-11-04T11:28:33","modified_gmt":"2016-11-04T13:28:33","slug":"terra-nova-inicia-debate-sobre-rota-turistica","status":"publish","type":"post","link":"https:\/\/jundiai.sp.gov.br\/noticias\/2015\/06\/23\/terra-nova-inicia-debate-sobre-rota-turistica\/","title":{"rendered":"Terra Nova inicia debate sobre rota tur\u00edstica"},"content":{"rendered":"<p><strong>Como em outros bairros da cidade, a regi\u00e3o da Terra Nova est\u00e1 sendo avaliada como potencial rota tur\u00edstica. Um encontro realizado nesta ter\u00e7a-feira (23) pela Secretaria de Agricultura, Abastecimento e Turismo mostrou que o bairro rural abriga ainda uma forte identidade cultural e tamb\u00e9m diversos empreendimentos e potencialidades relacionadas com esse setor da economia, marcado por perspectivas de sustentabilidade.<\/p>\n<p><a href=\"http:\/\/turismo.jundiai.sp.gov.br\/\" target=\"_blank\">CONHE\u00c7A O NOVO SITE DO TURISMO<\/a><\/strong><\/p>\n<p><strong>\u201cEstamos trabalhando muito em Jundia\u00ed para fomentar os polos regionais. N\u00e3o queremos fomentar apenas produtos, mas todos os setores envolvidos, inclusive o senso de comunidade\u201d<\/strong>, afirma o secret\u00e1rio de Agricultura, Abastecimento e Turismo, Marcos Brunholi.<\/p>\n<p><strong>LEIA TAMB\u00c9M<br \/>\n<a href=\"https:\/\/jundiai.sp.gov.br\/noticias\/2015\/06\/23\/unifrutas-promove-dia-de-inovacao-agricola\/\" target=\"_blank\">Unifrutas promove dia de inova\u00e7\u00e3o agr\u00edcola<\/a><br \/>\n<a href=\"https:\/\/jundiai.sp.gov.br\/noticias\/2015\/06\/11\/jundiai-e-escolhida-para-sediar-etapa-do-sabores-de-sao-paulo\/\" target=\"_blank\">Jundia\u00ed \u00e9 escolhida para sediar etapa do \u2018Sabor de S\u00e3o Paulo\u2019<\/a><br \/>\n<a href=\"https:\/\/jundiai.sp.gov.br\/noticias\/2015\/06\/16\/troca-de-brindes-do-festival-gastronomico-comeca-com-grande-procura\/\" target=\"_blank\">Troca de pr\u00eamios do \u2018Sabores de Jundia\u00ed\u2019 come\u00e7a com grande procura<\/a><\/strong><\/p>\n<div id=\"attachment_144487\" style=\"width: 1250px\" class=\"wp-caption aligncenter\"><a href=\"https:\/\/jundiai.sp.gov.br\/noticias\/wp-content\/uploads\/sites\/32\/2015\/06\/reuniao_agricultura_D13g.jpg\"><img loading=\"lazy\" decoding=\"async\" aria-describedby=\"caption-attachment-144487\" src=\"https:\/\/jundiai.sp.gov.br\/noticias\/wp-content\/uploads\/sites\/32\/2015\/06\/reuniao_agricultura_D13g.jpg\" alt=\"Encontro reuniu profissionais da Prefeitura e empreendedores do bairro\" width=\"1240\" height=\"836\" class=\"size-full wp-image-144487\" srcset=\"https:\/\/jundiai.sp.gov.br\/noticias\/wp-content\/uploads\/sites\/32\/2015\/06\/reuniao_agricultura_D13g.jpg 1240w, https:\/\/jundiai.sp.gov.br\/noticias\/wp-content\/uploads\/sites\/32\/2015\/06\/reuniao_agricultura_D13g-300x202.jpg 300w, https:\/\/jundiai.sp.gov.br\/noticias\/wp-content\/uploads\/sites\/32\/2015\/06\/reuniao_agricultura_D13g-720x485.jpg 720w\" sizes=\"auto, (max-width: 1240px) 100vw, 1240px\" \/><\/a><p id=\"caption-attachment-144487\" class=\"wp-caption-text\">Encontro reuniu profissionais da Prefeitura e empreendedores do bairro<\/p><\/div>\n<p>A Prefeitura de Jundia\u00ed, com a Diretoria de Turismo, j\u00e1 est\u00e1 delineando <strong>oficinas t\u00e9cnicas no segundo semestre em parceria com setores como o <a href=\"http:\/\/cultura.jundiai.sp.gov.br\/espacos-culturais\/museu-historico-e-cultural-de-jundiai\/\" target=\"_blank\">Museu Hist\u00f3rico, da Secretaria de Cultura<\/a>. Os primeiros debates sobre essa regi\u00e3o apontaram aspectos ambientais e culturais que ser\u00e3o abordados novamente em encontro marcado para o dia 21 de julho, no pr\u00f3prio bairro. As defini\u00e7\u00f5es acabam sendo feitas de maneira participativa.<\/strong> <\/p>\n<p>Participaram do encontro a diretora de Turismo, Marcela Moro, as t\u00e9cnicas Edileine Leone e Val\u00e9ria de Oliveira, o operador tur\u00edstico Jos\u00e9 Luiz Rizzato (Circuito das Frutas), a coordenadora Ana L\u00edvia Reis (Senac Jundia\u00ed) e os empreendedores locais Sandra Pavan (Clamar), Isabel Harder (Viveiro Terra Nova), Romualdo Paes (Bookaf\u00e9), e Marcela Pavan (Boutique do Porco).<\/p>\n<p>\u201c<strong>H\u00e1 muitas ideias a ser discutidas<\/strong>. O pr\u00f3prio nome do bairro, que de acordo com o Jos\u00e9 Luiz Rizzato tem a ver com a ocupa\u00e7\u00e3o posterior da \u00e1rea em rela\u00e7\u00e3o \u00e0 estrada colonial para Pirapora, vai ser tema de aprofundamento\u201d, comentou Marcela Moro. <\/p>\n<p><strong>O trabalho faz parte dos esfor\u00e7os de fortalecimento do turismo urbano e principalmente rural em Jundia\u00ed, que incluem a cria\u00e7\u00e3o do fundo espec\u00edfico, dos <a href=\"https:\/\/jundiai.sp.gov.br\/noticias\/2015\/05\/14\/cicloturismo-e-nova-proposta-do-circuito-das-frutas\/\" target=\"_blank\">estudos sobre cicloturismo<\/a> e outras medidas em andamento. <\/strong><\/p>\n<p><strong>Rotas em estudo<\/strong><br \/>\nA iniciativa das rotas surgiu dos pr\u00f3prios produtores e agentes do setor. <strong>J\u00e1 h\u00e1 estudos tamb\u00e9m na regi\u00e3o dos bairros do Caxambu, Toca e Roseira para a chamada Rota da Uva e do Vinho<\/strong>. <\/p>\n<p>As demais em estudo s\u00e3o a <strong>Rota Eco Rural, na regi\u00e3o da Serra do Japi; a Rota das Tradi\u00e7\u00f5es Italianas, na regi\u00e3o do Travi\u00fa; e uma outra chamada Rota do Caf\u00e9 e da Ferrovia, no Centro.<\/strong><\/p>\n<p><em><strong>Jos\u00e9 Arnaldo de Oliveira<br \/>\nFoto: Dorival Pinheiro Filho<\/strong><\/em><\/p>\n","protected":false},"excerpt":{"rendered":"<p>Como em outros bairros da cidade, a regi\u00e3o da Terra Nova est\u00e1 sendo avaliada como potencial rota tur\u00edstica. Um encontro realizado nesta ter\u00e7a-feira (23) pela Secretaria de Agricultura, Abastecimento e Turismo mostrou que o bairro rural abriga ainda uma forte identidade cultural e tamb\u00e9m diversos empreendimentos e potencialidades relacionadas com esse setor da economia, marcado [&hellip;]<\/p>\n","protected":false},"author":14,"featured_media":0,"comment_status":"closed","ping_status":"closed","sticky":false,"template":"","format":"standard","meta":{"footnotes":""},"categories":[2],"tags":[41,29],"ods":[],"class_list":["post-144484","post","type-post","status-publish","format-standard","hentry","category-noticias","tag-agricultura-abastecimento-e-turismo","tag-cultura"],"_links":{"self":[{"href":"https:\/\/jundiai.sp.gov.br\/noticias\/wp-json\/wp\/v2\/posts\/144484","targetHints":{"allow":["GET"]}}],"collection":[{"href":"https:\/\/jundiai.sp.gov.br\/noticias\/wp-json\/wp\/v2\/posts"}],"about":[{"href":"https:\/\/jundiai.sp.gov.br\/noticias\/wp-json\/wp\/v2\/types\/post"}],"author":[{"embeddable":true,"href":"https:\/\/jundiai.sp.gov.br\/noticias\/wp-json\/wp\/v2\/users\/14"}],"replies":[{"embeddable":true,"href":"https:\/\/jundiai.sp.gov.br\/noticias\/wp-json\/wp\/v2\/comments?post=144484"}],"version-history":[{"count":5,"href":"https:\/\/jundiai.sp.gov.br\/noticias\/wp-json\/wp\/v2\/posts\/144484\/revisions"}],"predecessor-version":[{"id":144490,"href":"https:\/\/jundiai.sp.gov.br\/noticias\/wp-json\/wp\/v2\/posts\/144484\/revisions\/144490"}],"wp:attachment":[{"href":"https:\/\/jundiai.sp.gov.br\/noticias\/wp-json\/wp\/v2\/media?parent=144484"}],"wp:term":[{"taxonomy":"category","embeddable":true,"href":"https:\/\/jundiai.sp.gov.br\/noticias\/wp-json\/wp\/v2\/categories?post=144484"},{"taxonomy":"post_tag","embeddable":true,"href":"https:\/\/jundiai.sp.gov.br\/noticias\/wp-json\/wp\/v2\/tags?post=144484"},{"taxonomy":"ods","embeddable":true,"href":"https:\/\/jundiai.sp.gov.br\/noticias\/wp-json\/wp\/v2\/ods?post=144484"}],"curies":[{"name":"wp","href":"https:\/\/api.w.org\/{rel}","templated":true}]}}