{"id":144888,"date":"2015-06-24T12:50:48","date_gmt":"2015-06-24T15:50:48","guid":{"rendered":"https:\/\/jundiai.sp.gov.br\/noticias\/?p=144888"},"modified":"2016-11-04T11:28:36","modified_gmt":"2016-11-04T13:28:36","slug":"prefeito-prestigia-inauguracao-do-hotel-ibis-jundiai","status":"publish","type":"post","link":"https:\/\/jundiai.sp.gov.br\/noticias\/2015\/06\/24\/prefeito-prestigia-inauguracao-do-hotel-ibis-jundiai\/","title":{"rendered":"Prefeito prestigia inaugura\u00e7\u00e3o do Hotel Ibis Jundia\u00ed"},"content":{"rendered":"<p><strong>O prefeito Pedro Bigardi, acompanhado da primeira-dama e presidente do <a href=\"https:\/\/www.facebook.com\/fundosocialsolidariedadedejundiai?fref=ts\" target=\"_blank\">Fundo Social de Solidariedade<\/a>, Margarete Geraldo Bigardi, participou da inaugura\u00e7\u00e3o oficial do Hotel Ibis Jundia\u00ed, na noite de ter\u00e7a-feira (23), na avenida Nove de Julho. Em opera\u00e7\u00e3o desde o dia 3 de maio, o empreendimento \u00e9 o primeiro da rede instalado na cidade.<\/strong><\/p>\n<p>\u201c\u00c9 um orgulho receber um hotel com esta arquitetura bel\u00edssima, que traz<strong> vigor, for\u00e7a e dinamismo para Jundia\u00ed, e que se destaca pela for\u00e7a e desenvolvimento. Me sinto honrado como cidad\u00e3o jundiaiense de receber um empreendimento deste porte, que contribui para que a cidade cres\u00e7a ainda mais\u201d<\/strong>, discursou Bigardi.<\/p>\n<p><strong>LEIA TAMB\u00c9M<br \/>\n<a href=\"https:\/\/jundiai.sp.gov.br\/noticias\/2015\/06\/23\/terra-nova-inicia-debate-sobre-rota-turistica\/\" target=\"_blank\">Terra Nova inicia debate sobre rota tur\u00edstica<\/a><br \/>\n<a href=\"https:\/\/jundiai.sp.gov.br\/noticias\/2015\/06\/23\/tocha-dos-59o-jogos-regionais-e-entregue-ao-prefeito-de-jundiai\/\" target=\"_blank\">Tocha dos 59\u00ba Jogos Regionais \u00e9 entregue ao Prefeito<\/a><br \/>\n<a href=\"https:\/\/jundiai.sp.gov.br\/noticias\/2015\/06\/19\/inscricoes-para-incubadora-tecnologica-podem-ser-feitas-ate-terca-30\/\" target=\"_blank\">Inscri\u00e7\u00f5es para Incubadora Tecnol\u00f3gica v\u00e3o at\u00e9 ter\u00e7a (30)<\/a><\/strong><\/p>\n<div id=\"attachment_144895\" style=\"width: 1250px\" class=\"wp-caption aligncenter\"><a href=\"https:\/\/jundiai.sp.gov.br\/noticias\/wp-content\/uploads\/sites\/32\/2015\/06\/hotel_ibis_D30g.jpg\"><img loading=\"lazy\" decoding=\"async\" aria-describedby=\"caption-attachment-144895\" src=\"https:\/\/jundiai.sp.gov.br\/noticias\/wp-content\/uploads\/sites\/32\/2015\/06\/hotel_ibis_D30g.jpg\" alt=\"Em discurso, Bigardi disse que \u00e9 um orgulho para a cidade receber um empreendimento deste porte\" width=\"1240\" height=\"911\" class=\"size-full wp-image-144895\" srcset=\"https:\/\/jundiai.sp.gov.br\/noticias\/wp-content\/uploads\/sites\/32\/2015\/06\/hotel_ibis_D30g.jpg 1240w, https:\/\/jundiai.sp.gov.br\/noticias\/wp-content\/uploads\/sites\/32\/2015\/06\/hotel_ibis_D30g-300x220.jpg 300w, https:\/\/jundiai.sp.gov.br\/noticias\/wp-content\/uploads\/sites\/32\/2015\/06\/hotel_ibis_D30g-720x528.jpg 720w\" sizes=\"auto, (max-width: 1240px) 100vw, 1240px\" \/><\/a><p id=\"caption-attachment-144895\" class=\"wp-caption-text\">Em discurso, Bigardi disse que \u00e9 um orgulho para a cidade receber um empreendimento deste porte<\/p><\/div>\n<p>Para o secret\u00e1rio municipal de Desenvolvimento Econ\u00f4mico, Ci\u00eancia e Tecnologia, Marcelo Cereser, que tamb\u00e9m participou da inaugura\u00e7\u00e3o,<strong> a vinda do Hotel Ibis para Jundia\u00ed vem ao encontro do crescimento da cidade. \u201cO desenvolvimento de Jundia\u00ed sempre demandou mais do que a cidade podia oferecer no que diz respeito \u00e0 hotelaria, e a vinda do Hotel Ibis vai suprir essa necessidade das empresas de receber seus t\u00e9cnicos e executivos\u201d<\/strong>, pontuou.<\/p>\n<p>Nestor Gregori, investidor do Ibis Jundia\u00ed, disse que o <strong>hotel atende as demandas de hotelaria e eventos corporativos da cidade, que encontra-se em pleno desenvolvimento.<\/strong> \u201c\u00c9 um <strong>hotel de categoria internacional<\/strong>, que se destaca pela boa administra\u00e7\u00e3o, capacidade econ\u00f4mica, dinamismo e com um caminho positivo pela frente.\u201d<\/p>\n<p>Com investimento de R$ 47 milh\u00f5es, o hotel conta com 180 apartamentos e \u00e1rea de eventos com capacidade para 200 pessoas. O Ibis Jundia\u00ed tamb\u00e9m est\u00e1 participando do <strong><a href=\"http:\/\/www.saboresdejundiai.com.br\/\" target=\"_blank\">3\u00ba Festival Gastron\u00f4mico Sabores de Jundia\u00ed<\/a><\/strong>, organizado pela Prefeitura, por meio da Secretaria de Agricultura, Abastecimento e Turismo, com o prato &#8220;Sandu\u00edche da Nove&#8221;, servido no buf\u00ea de caf\u00e9 da manh\u00e3.<\/p>\n<p><strong><em>Viviane Rodrigues<br \/>\nFoto: Dorival Pinheiro Filho<\/em><\/strong><\/p>\n","protected":false},"excerpt":{"rendered":"<p>O prefeito Pedro Bigardi, acompanhado da primeira-dama e presidente do Fundo Social de Solidariedade, Margarete Geraldo Bigardi, participou da inaugura\u00e7\u00e3o oficial do Hotel Ibis Jundia\u00ed, na noite de ter\u00e7a-feira (23), na avenida Nove de Julho. Em opera\u00e7\u00e3o desde o dia 3 de maio, o empreendimento \u00e9 o primeiro da rede instalado na cidade. \u201c\u00c9 um [&hellip;]<\/p>\n","protected":false},"author":14,"featured_media":0,"comment_status":"closed","ping_status":"closed","sticky":false,"template":"","format":"standard","meta":{"footnotes":""},"categories":[2],"tags":[558,41,365,58,417,299],"ods":[],"class_list":["post-144888","post","type-post","status-publish","format-standard","hentry","category-noticias","tag-3o-sabores-de-jundiai","tag-agricultura-abastecimento-e-turismo","tag-desenvolvimento-economico-ciencia-e-tecnologia","tag-prefeito","tag-primeira-dama","tag-sabores-de-jundiai"],"_links":{"self":[{"href":"https:\/\/jundiai.sp.gov.br\/noticias\/wp-json\/wp\/v2\/posts\/144888","targetHints":{"allow":["GET"]}}],"collection":[{"href":"https:\/\/jundiai.sp.gov.br\/noticias\/wp-json\/wp\/v2\/posts"}],"about":[{"href":"https:\/\/jundiai.sp.gov.br\/noticias\/wp-json\/wp\/v2\/types\/post"}],"author":[{"embeddable":true,"href":"https:\/\/jundiai.sp.gov.br\/noticias\/wp-json\/wp\/v2\/users\/14"}],"replies":[{"embeddable":true,"href":"https:\/\/jundiai.sp.gov.br\/noticias\/wp-json\/wp\/v2\/comments?post=144888"}],"version-history":[{"count":6,"href":"https:\/\/jundiai.sp.gov.br\/noticias\/wp-json\/wp\/v2\/posts\/144888\/revisions"}],"predecessor-version":[{"id":144909,"href":"https:\/\/jundiai.sp.gov.br\/noticias\/wp-json\/wp\/v2\/posts\/144888\/revisions\/144909"}],"wp:attachment":[{"href":"https:\/\/jundiai.sp.gov.br\/noticias\/wp-json\/wp\/v2\/media?parent=144888"}],"wp:term":[{"taxonomy":"category","embeddable":true,"href":"https:\/\/jundiai.sp.gov.br\/noticias\/wp-json\/wp\/v2\/categories?post=144888"},{"taxonomy":"post_tag","embeddable":true,"href":"https:\/\/jundiai.sp.gov.br\/noticias\/wp-json\/wp\/v2\/tags?post=144888"},{"taxonomy":"ods","embeddable":true,"href":"https:\/\/jundiai.sp.gov.br\/noticias\/wp-json\/wp\/v2\/ods?post=144888"}],"curies":[{"name":"wp","href":"https:\/\/api.w.org\/{rel}","templated":true}]}}