{"id":145466,"date":"2015-06-25T15:47:26","date_gmt":"2015-06-25T18:47:26","guid":{"rendered":"https:\/\/jundiai.sp.gov.br\/noticias\/?p=145466"},"modified":"2020-02-10T10:32:52","modified_gmt":"2020-02-10T12:32:52","slug":"concertos-de-inverno-voltam-ao-solar-do-barao-em-julho","status":"publish","type":"post","link":"https:\/\/jundiai.sp.gov.br\/noticias\/2015\/06\/25\/concertos-de-inverno-voltam-ao-solar-do-barao-em-julho\/","title":{"rendered":"Concertos de Inverno voltam ao Solar do Bar\u00e3o em julho"},"content":{"rendered":"<p><strong>O <a href=\"http:\/\/cultura.jundiai.sp.gov.br\/espacos-culturais\/museu-historico-e-cultural-de-jundiai\/\" target=\"_blank\" rel=\"noopener noreferrer\">Museu Hist\u00f3rico e Cultural de Jundia\u00ed Solar do Bar\u00e3o<\/a> promove em julho uma nova temporada dos Concertos de Inverno, que ocupam o audit\u00f3rio do museu (sala Jayr Accioly de Souza), \u00e0s quintas-feiras (2, 16, 23 e 30), sempre \u00e0s 20h. Como no ano passado, a edi\u00e7\u00e3o 2015 vai reunir uma grande diversidade de ritmos musicais.<\/strong><\/p>\n<p>Na abertura do dia <strong>2 de julho<\/strong>, a atra\u00e7\u00e3o ser\u00e1 o<strong> Coral Municipal de Jundia\u00ed, com reg\u00eancia de Cl\u00e1udia de Queiroz<\/strong>, mostrando um repert\u00f3rio variado que mescla desde <strong>MPB at\u00e9 m\u00fasica sacra<\/strong>. Algumas das can\u00e7\u00f5es ser\u00e3o &#8220;Freedom is Coming&#8221; (da \u00c1frica do Sul), Maracangalha (Dorival Caymmi), Gentileza (Marisa Monte) e Ave Maria (Faur\u00e9), entre outras.<\/p>\n<p><strong>LEIA TAMB\u00c9M<br \/>\n<a href=\"https:\/\/jundiai.sp.gov.br\/noticias\/2015\/06\/23\/terra-nova-inicia-debate-sobre-rota-turistica\/\" target=\"_blank\" rel=\"noopener noreferrer\">Terra Nova inicia debate sobre rota tur\u00edstica<\/a><br \/>\n<a href=\"https:\/\/jundiai.sp.gov.br\/noticias\/2015\/06\/24\/japito-e-mascote-de-exposicao-do-museu-solar-do-barao\/\" target=\"_blank\" rel=\"noopener noreferrer\">\u2018Japito\u2019 \u00e9 mascote de exposi\u00e7\u00e3o do Museu Solar do Bar\u00e3o<\/a><\/strong><\/p>\n<div id=\"attachment_145471\" style=\"width: 1250px\" class=\"wp-caption aligncenter\"><a href=\"https:\/\/jundiai.sp.gov.br\/noticias\/wp-content\/uploads\/sites\/32\/2015\/06\/coral-municipal_G.jpg\"><img loading=\"lazy\" decoding=\"async\" aria-describedby=\"caption-attachment-145471\" src=\"https:\/\/jundiai.sp.gov.br\/noticias\/wp-content\/uploads\/sites\/32\/2015\/06\/coral-municipal_G.jpg\" alt=\"O Coral Municipal abre a temporada\" width=\"1240\" height=\"824\" class=\"size-full wp-image-145471\" srcset=\"https:\/\/jundiai.sp.gov.br\/noticias\/wp-content\/uploads\/sites\/32\/2015\/06\/coral-municipal_G.jpg 1240w, https:\/\/jundiai.sp.gov.br\/noticias\/wp-content\/uploads\/sites\/32\/2015\/06\/coral-municipal_G-300x199.jpg 300w, https:\/\/jundiai.sp.gov.br\/noticias\/wp-content\/uploads\/sites\/32\/2015\/06\/coral-municipal_G-720x478.jpg 720w\" sizes=\"auto, (max-width: 1240px) 100vw, 1240px\" \/><\/a><p id=\"caption-attachment-145471\" class=\"wp-caption-text\">O Coral Municipal abre a temporada<\/p><\/div>\n<p>A apresenta\u00e7\u00e3o ser\u00e1 complementada tamb\u00e9m pela presen\u00e7a dos convidados do coral <strong>&#8220;Divino em Canto&#8221;<\/strong>, ligado ao Col\u00e9gio Divino Salvador. \u201cEles levar\u00e3o um <strong>repert\u00f3rio sacro, junto ao popular<\/strong>, como Agnus Dei, da Missa Pontificalis (Laurentio Perosi), Pro dia Nascer Feliz, do int\u00e9rprete Cazuza e Love of My Life do int\u00e9rprete Freddie Mercury\u201d, explica a regente.<\/p>\n<p><div id=\"attachment_145473\" style=\"width: 410px\" class=\"wp-caption alignleft\"><a href=\"https:\/\/jundiai.sp.gov.br\/noticias\/wp-content\/uploads\/sites\/32\/2015\/06\/concertos_de_inverno_02_g.jpg\"><img loading=\"lazy\" decoding=\"async\" aria-describedby=\"caption-attachment-145473\" src=\"https:\/\/jundiai.sp.gov.br\/noticias\/wp-content\/uploads\/sites\/32\/2015\/06\/concertos_de_inverno_02_g.jpg\" alt=\"Sala repleta no Museu Solar do Bar\u00e3o para Concertos de Inverno 2014\" width=\"400\" height=\"350\" class=\"size-full wp-image-145473\" \/><\/a><p id=\"caption-attachment-145473\" class=\"wp-caption-text\">Sala repleta no Museu Solar do Bar\u00e3o para Concertos de Inverno 2014<\/p><\/div>O diretor de Museus, Edgar Borges J\u00fanior, salienta a <strong>import\u00e2ncia da realiza\u00e7\u00e3o dos concertos durante o per\u00edodo proposto. \u201cEsse programa, j\u00e1 realizado em outros anos, possibilita que se voltem as aten\u00e7\u00f5es para os artistas locais e que a popula\u00e7\u00e3o visite o museu em um hor\u00e1rio alternativo, pois as exposi\u00e7\u00f5es tamb\u00e9m estar\u00e3o abertas para visita\u00e7\u00e3o no per\u00edodo noturno dos concertos\u201d<\/strong>, destaca.<\/p>\n<p><strong>A programa\u00e7\u00e3o das quintas-feiras de julho ser\u00e1 interrompida apenas no feriado do dia 9, compensado pela volta do programa Sexta no Centro, marcada para o dia 10. O Solar do Bar\u00e3o fica na rua Bar\u00e3o de Jundia\u00ed, 762, no Centro. A entrada \u00e9 gratuita. Para mais informa\u00e7\u00f5es (11) 4521\u20136259 ou 4586\u2013 8414.<\/strong><\/p>\n<p><strong><em>Assessoria de Imprensa<br \/>\nFotos: Arquivo PMJ<\/em><\/strong><\/p>\n","protected":false},"excerpt":{"rendered":"<p>Na abertura na quinta-feira, 2 de julho, a atra\u00e7\u00e3o ser\u00e1 o Coral Municipal, com repert\u00f3rio variado. Apresenta\u00e7\u00f5es s\u00e3o sempre gratuitas<\/p>\n","protected":false},"author":14,"featured_media":138576,"comment_status":"closed","ping_status":"closed","sticky":false,"template":"","format":"standard","meta":{"footnotes":""},"categories":[2],"tags":[698,275,29,290,294],"ods":[],"class_list":["post-145466","post","type-post","status-publish","format-standard","has-post-thumbnail","hentry","category-noticias","tag-concertos-de-inverno","tag-coral-municipal-de-jundiai","tag-cultura","tag-museu-historico-e-cultural-solar-do-barao","tag-sexta-no-centro"],"_links":{"self":[{"href":"https:\/\/jundiai.sp.gov.br\/noticias\/wp-json\/wp\/v2\/posts\/145466","targetHints":{"allow":["GET"]}}],"collection":[{"href":"https:\/\/jundiai.sp.gov.br\/noticias\/wp-json\/wp\/v2\/posts"}],"about":[{"href":"https:\/\/jundiai.sp.gov.br\/noticias\/wp-json\/wp\/v2\/types\/post"}],"author":[{"embeddable":true,"href":"https:\/\/jundiai.sp.gov.br\/noticias\/wp-json\/wp\/v2\/users\/14"}],"replies":[{"embeddable":true,"href":"https:\/\/jundiai.sp.gov.br\/noticias\/wp-json\/wp\/v2\/comments?post=145466"}],"version-history":[{"count":6,"href":"https:\/\/jundiai.sp.gov.br\/noticias\/wp-json\/wp\/v2\/posts\/145466\/revisions"}],"predecessor-version":[{"id":244676,"href":"https:\/\/jundiai.sp.gov.br\/noticias\/wp-json\/wp\/v2\/posts\/145466\/revisions\/244676"}],"wp:featuredmedia":[{"embeddable":true,"href":"https:\/\/jundiai.sp.gov.br\/noticias\/wp-json\/wp\/v2\/media\/138576"}],"wp:attachment":[{"href":"https:\/\/jundiai.sp.gov.br\/noticias\/wp-json\/wp\/v2\/media?parent=145466"}],"wp:term":[{"taxonomy":"category","embeddable":true,"href":"https:\/\/jundiai.sp.gov.br\/noticias\/wp-json\/wp\/v2\/categories?post=145466"},{"taxonomy":"post_tag","embeddable":true,"href":"https:\/\/jundiai.sp.gov.br\/noticias\/wp-json\/wp\/v2\/tags?post=145466"},{"taxonomy":"ods","embeddable":true,"href":"https:\/\/jundiai.sp.gov.br\/noticias\/wp-json\/wp\/v2\/ods?post=145466"}],"curies":[{"name":"wp","href":"https:\/\/api.w.org\/{rel}","templated":true}]}}