{"id":145591,"date":"2015-06-25T18:35:19","date_gmt":"2015-06-25T21:35:19","guid":{"rendered":"https:\/\/jundiai.sp.gov.br\/noticias\/?p=145591"},"modified":"2016-11-04T11:28:48","modified_gmt":"2016-11-04T13:28:48","slug":"jogos-regionais-jundiai-prepara-alimentacao-especial-para-atletas","status":"publish","type":"post","link":"https:\/\/jundiai.sp.gov.br\/noticias\/2015\/06\/25\/jogos-regionais-jundiai-prepara-alimentacao-especial-para-atletas\/","title":{"rendered":"Jogos Regionais: Jundia\u00ed prepara alimenta\u00e7\u00e3o especial para atletas"},"content":{"rendered":"<p><strong>Se depender do card\u00e1pio, os <a href=\"http:\/\/jogosregionais.jundiai.sp.gov.br\/\" target=\"_blank\">Jogos Regionais de 2015<\/a> ser\u00e3o um prato cheio para que Jundia\u00ed comprove o status de pot\u00eancia do esporte. Os atletas, que defender\u00e3o a cidade em 43 modalidades a partir de 1 de julho, receber\u00e3o durante os 11 dias de disputas uma alimenta\u00e7\u00e3o balanceada, rica em prote\u00ednas e carboidratos. O card\u00e1pio foi anunciado pela coordenadora de alimenta\u00e7\u00e3o da equipe de Jundia\u00ed, Solange de Barros.<\/strong><\/p>\n<p>A programa\u00e7\u00e3o prev\u00ea <strong>quatro refei\u00e7\u00f5es di\u00e1rias para 660 atletas, t\u00e9cnicos e administradores que ficar\u00e3o alojados na Escola Estadual Professor Adoniro Ladeira, na Vila Hortol\u00e2ndia<\/strong>. O <strong>caf\u00e9 da manh\u00e3<\/strong> ser\u00e1 servido <strong>das 6h \u00e0s 8h30 e o almo\u00e7o, das 11h \u00e0s 13h<\/strong>. O <strong>jantar sai entre 18h30 e 19h30<\/strong> e, antes de ir para cama, os competidores ainda ter\u00e3o o <strong>caf\u00e9 noturno, das 21h \u00e0s 22h<\/strong>.<\/p>\n<p><strong>LEIA TAMB\u00c9M<br \/>\n<a href=\"https:\/\/jundiai.sp.gov.br\/noticias\/2015\/06\/23\/jogos-regionais-atletas-do-tenis-recebem-uniformes\/\" target=\"_blank\">Jogos Regionais: atletas do t\u00eanis recebem uniformes<\/a><br \/>\n<a href=\"https:\/\/jundiai.sp.gov.br\/noticias\/2015\/06\/23\/tocha-dos-59o-jogos-regionais-e-entregue-ao-prefeito-de-jundiai\/\" target=\"_blank\">Tocha dos 59\u00ba Jogos Regionais \u00e9 entregue ao Prefeito<\/a><br \/>\n<a href=\"https:\/\/jundiai.sp.gov.br\/noticias\/2015\/06\/25\/jogos-regionais-cancha-de-bocha-recebe-piso-emborrachado\/\" target=\"_blank\">Jogos Regionais: cancha de bocha recebe piso emborrachado<\/a><\/strong><\/p>\n<div id=\"attachment_145613\" style=\"width: 1250px\" class=\"wp-caption aligncenter\"><a href=\"https:\/\/jundiai.sp.gov.br\/noticias\/wp-content\/uploads\/sites\/32\/2015\/06\/Refeitorio1g.jpg\"><img loading=\"lazy\" decoding=\"async\" aria-describedby=\"caption-attachment-145613\" class=\"size-full wp-image-145613\" src=\"https:\/\/jundiai.sp.gov.br\/noticias\/wp-content\/uploads\/sites\/32\/2015\/06\/Refeitorio1g.jpg\" alt=\"No refeit\u00f3rio de Jundia\u00ed, 660 pessoas far\u00e3o quatro alimenta\u00e7\u00f5es por dia \" width=\"1240\" height=\"695\" srcset=\"https:\/\/jundiai.sp.gov.br\/noticias\/wp-content\/uploads\/sites\/32\/2015\/06\/Refeitorio1g.jpg 1240w, https:\/\/jundiai.sp.gov.br\/noticias\/wp-content\/uploads\/sites\/32\/2015\/06\/Refeitorio1g-300x168.jpg 300w, https:\/\/jundiai.sp.gov.br\/noticias\/wp-content\/uploads\/sites\/32\/2015\/06\/Refeitorio1g-720x403.jpg 720w\" sizes=\"auto, (max-width: 1240px) 100vw, 1240px\" \/><\/a><p id=\"caption-attachment-145613\" class=\"wp-caption-text\">No refeit\u00f3rio de Jundia\u00ed, 660 pessoas far\u00e3o quatro alimenta\u00e7\u00f5es por dia<\/p><\/div>\n<p>Para atender a demanda, <strong>15 profissionais<\/strong> que esbajam talento na cozinha se dedicar\u00e3o ao preparo das refei\u00e7\u00f5es. <strong>Arroz, feij\u00e3o, massas, carnes, legumes e frutas<\/strong> formam a base do card\u00e1pio. \u201cTemos uma <strong>variedade grande para que agrade toda a delega\u00e7\u00e3o<\/strong>\u201d, diz Solange, que garante ter um plano B caso apare\u00e7a imprevistos. \u201cRaramente acontece, mas <strong>estamos preparados. Para uma atleta vegetariano ou com rejei\u00e7\u00e3o a qualquer alimento, por exemplo, n\u00f3s temos como oferecer uma op\u00e7\u00e3o que lhe agrade<\/strong>\u201d, comenta.<\/p>\n<p>Solange sustenta que <strong>o card\u00e1pio \u00e9 preparado com base em sua experi\u00eancia em Jogos Regionais<\/strong>. \u201cJ\u00e1 s\u00e3o <strong>nove edi\u00e7\u00f5es<\/strong>, o que traz a seguran\u00e7a de acertar a melhor op\u00e7\u00e3o de alimentos para a delega\u00e7\u00e3o. Mesmo assim, caso haja uma d\u00favida, pe\u00e7o ajuda a uma nutricionista\u201d, conta.<\/p>\n<p><strong>A variedade e organiza\u00e7\u00e3o do card\u00e1pio impressionam<\/strong>. Logo no <strong>primeiro dia<\/strong>, os atletas de Jundia\u00ed ter\u00e3o no almo\u00e7o <strong>arroz branco, feij\u00e3o, macarr\u00e3o, bife \u00e0 milanesa, couve refogada, salada de alface e tomate e suco de caju. E tem sobremesa: para come\u00e7ar, doce de p\u00eassego em caldas com creme de leite. No jantar, exce\u00e7\u00e3o do arroz e feij\u00e3o, o menu muda radicalmente. Fil\u00e9 de frango grelhado, pur\u00ea de batata, salada de berinjela e r\u00facula, suco e abacaxi e o tradicional doce da Tia estar\u00e3o \u00e0 disposi\u00e7\u00e3o da equipe<\/strong>.<\/p>\n<p>O <strong>card\u00e1pio diversificado<\/strong> preenche a exig\u00eancia necess\u00e1ria para o <strong>bom desempenho dos atletas dentro das quadras, pistas e gramados<\/strong>. O menu recheado tem, por exemplo, <strong>lagarto ao molho madeira, fil\u00e9 de peixe ao forno, bife \u00e0 ca\u00e7arola, rocambole de carne, lasanha, escondidinho de frango, entre outras op\u00e7\u00f5es<\/strong>. O caf\u00e9 dos atletas de Jundia\u00ed tamb\u00e9m ser\u00e1 de primeira linha, servido pela manh\u00e3 e \u00e0 noite. <strong>Leite, caf\u00e9, chocolate, suco, mu\u00e7arela, bolos, geleias, entre outros.<\/strong> Solange lembra que embora haja hor\u00e1rio estipulado para que as refei\u00e7\u00f5es sejam servidas, <strong>respons\u00e1veis pela cozinha do alojamento de Jundia\u00ed abrir\u00e3o exce\u00e7\u00f5es de acordo com o hor\u00e1rio das competi\u00e7\u00f5es<\/strong>.<\/p>\n<p><strong>S\u00f3 elogios <\/strong><br \/>\nA piv\u00f4 Gabriela Celine da Silva, 29 anos, um dos destaques da equipe feminina de handebol de Jundia\u00ed, tem motivos de sobra para elogiar a<strong> preocupa\u00e7\u00e3o que Jundia\u00ed tem com a alimenta\u00e7\u00e3o dos atletas<\/strong>.<strong> Gabi, que foi rainha do Carnaval de 2014, defende o handebol da cidade desde 9 anos de idade. \u201cDesde pequena tenho rejei\u00e7\u00e3o \u00e0 lactose. Sou al\u00e9rgica, mas nunca tive problemas com a alimenta\u00e7\u00e3o durante as disputas\u201d<\/strong>, diz.<\/p>\n<p>Gabi conta que durante as competi\u00e7\u00f5es, <strong>dirigentes conversam e procuram atender com aten\u00e7\u00e3o as necessidades dos atletas.<\/strong> \u201cN\u00e3o costumo comer carne vermelha. Ent\u00e3o, eles me perguntam a minha sugest\u00e3o e a substituem, com uma omelete, por exemplo. <strong>Toda essa dedica\u00e7\u00e3o nos permite treinar com tranquilidade e conseguir o melhor desempenho poss\u00edvel dentro da quadra<\/strong>\u201d, comenta Gabriela.<\/p>\n<p><strong>A piv\u00f4 aposta numa \u00f3tima exibi\u00e7\u00e3o do handebol de Jundia\u00ed nos Jogos Regionais.<\/strong> \u201cA infraestrutura nos permite sonhar alto, <strong>sonhar em conquistar a medalha de ouro. Temos consci\u00eancia do potencial de nossos advers\u00e1rios, mas estamos bem preparadas. Com a retaguarda da Prefeitura e o apoio dos torcemos, nossas chances s\u00e3o \u00f3timas\u201d<\/strong>, aposta Gabriela.<\/p>\n<p><strong><em>Ivan Lopes<br \/>\nFoto: Dorival Pinheiro Filho<\/em><\/strong><\/p>\n","protected":false},"excerpt":{"rendered":"<p>MAIS JOGOS REGIONAIS JUNDIA\u00cd 2015: Canchas de bocha do Centro Esportivo Ant\u00f4nio de Lima recebem piso emborrachado<\/p>\n","protected":false},"author":14,"featured_media":145615,"comment_status":"closed","ping_status":"closed","sticky":false,"template":"","format":"standard","meta":{"footnotes":""},"categories":[2],"tags":[35,610,521],"ods":[],"class_list":["post-145591","post","type-post","status-publish","format-standard","has-post-thumbnail","hentry","category-noticias","tag-esporte-e-lazer","tag-jogos-regionais","tag-jogos-regionais-jundiai-2015"],"_links":{"self":[{"href":"https:\/\/jundiai.sp.gov.br\/noticias\/wp-json\/wp\/v2\/posts\/145591","targetHints":{"allow":["GET"]}}],"collection":[{"href":"https:\/\/jundiai.sp.gov.br\/noticias\/wp-json\/wp\/v2\/posts"}],"about":[{"href":"https:\/\/jundiai.sp.gov.br\/noticias\/wp-json\/wp\/v2\/types\/post"}],"author":[{"embeddable":true,"href":"https:\/\/jundiai.sp.gov.br\/noticias\/wp-json\/wp\/v2\/users\/14"}],"replies":[{"embeddable":true,"href":"https:\/\/jundiai.sp.gov.br\/noticias\/wp-json\/wp\/v2\/comments?post=145591"}],"version-history":[{"count":15,"href":"https:\/\/jundiai.sp.gov.br\/noticias\/wp-json\/wp\/v2\/posts\/145591\/revisions"}],"predecessor-version":[{"id":145659,"href":"https:\/\/jundiai.sp.gov.br\/noticias\/wp-json\/wp\/v2\/posts\/145591\/revisions\/145659"}],"wp:featuredmedia":[{"embeddable":true,"href":"https:\/\/jundiai.sp.gov.br\/noticias\/wp-json\/wp\/v2\/media\/145615"}],"wp:attachment":[{"href":"https:\/\/jundiai.sp.gov.br\/noticias\/wp-json\/wp\/v2\/media?parent=145591"}],"wp:term":[{"taxonomy":"category","embeddable":true,"href":"https:\/\/jundiai.sp.gov.br\/noticias\/wp-json\/wp\/v2\/categories?post=145591"},{"taxonomy":"post_tag","embeddable":true,"href":"https:\/\/jundiai.sp.gov.br\/noticias\/wp-json\/wp\/v2\/tags?post=145591"},{"taxonomy":"ods","embeddable":true,"href":"https:\/\/jundiai.sp.gov.br\/noticias\/wp-json\/wp\/v2\/ods?post=145591"}],"curies":[{"name":"wp","href":"https:\/\/api.w.org\/{rel}","templated":true}]}}