{"id":145910,"date":"2015-06-26T16:58:23","date_gmt":"2015-06-26T19:58:23","guid":{"rendered":"https:\/\/jundiai.sp.gov.br\/noticias\/?p=145910"},"modified":"2016-11-04T11:28:54","modified_gmt":"2016-11-04T13:28:54","slug":"programacao-projeto-ferias-no-teatro-2015","status":"publish","type":"post","link":"https:\/\/jundiai.sp.gov.br\/noticias\/2015\/06\/26\/programacao-projeto-ferias-no-teatro-2015\/","title":{"rendered":"Programa\u00e7\u00e3o Projeto &#8216;F\u00e9rias no Teatro&#8217; 2015"},"content":{"rendered":"<p><strong>Programa\u00e7\u00e3o Projeto \u2018F\u00e9rias no Teatro\u2019 2015 <\/strong><\/p>\n<p><strong>\uf0a7 4 de julho \u2013 11h e 16h<\/strong><br \/>\nBEM DO SEU TAMANHO (teatro)<br \/>\nCooperativa Paulista de Teatro<br \/>\nClassifica\u00e7\u00e3o et\u00e1ria: Livre. Entrada franca.<br \/>\nObs: ESSA PROGRAMA\u00c7\u00c3O SER\u00c1 REALIZADA NO POLYTHEAMA<\/p>\n<p><strong>\uf0a7 5 de julho \u2013 11h<\/strong><br \/>\nSR. DOD\u00d3I (teatro)<br \/>\nSecretaria Municipal de Cultura<br \/>\nClassifica\u00e7\u00e3o et\u00e1ria: Livre. Entrada Franca. }<br \/>\nObs: ESSA PROGRAMA\u00c7\u00c3O SER\u00c1 REALIZADA NO POLYTHEAMA<\/p>\n<p><strong>\uf0a7 5 de julho \u2013 das 16h \u00e0s 19h<\/strong><br \/>\nMOSTRA DE CINEMA INFANTIL (cinema)<br \/>\nCineclube na Cidade &#8211; Cine a Vapor Produ\u00e7\u00f5es<br \/>\nClassifica\u00e7\u00e3o livre. Entrada Franca<br \/>\nObs: ESSA PROGRAMA\u00c7\u00c3O SER\u00c1 REALIZADA NO POLYTHEAMA<\/p>\n<p><strong>\uf0a7 7 de julho \u2013 10h<\/strong><br \/>\nOFICINA TEATRO DE SOMBRAS (oficina)<br \/>\nS\u00e9rgio Serrano<br \/>\nObs: ESSA PROGRAMA\u00c7\u00c3O SER\u00c1 REALIZADA NA PINACOTECA E NECESSITA DE INSCRI\u00c7\u00c3O PR\u00c9VIA \u2013 4586-2326 ou 4522-0555<\/p>\n<p><strong>\uf0a7 7 de julho \u2013 15h<\/strong><br \/>\nMUKASHI MUKASHI\u2026\u2026ERA UMA VEZ NO JAP\u00c3O (conta\u00e7\u00e3o de hist\u00f3ria)<br \/>\nS\u00e9rgio Serrano<br \/>\nClassifica\u00e7\u00e3o Livre. Entrada Franca.<br \/>\nObs: ESSA PROGRAMA\u00c7\u00c3O SER\u00c1 REALIZADA NA PINACOTECA E NECESSITA DE INSCRI\u00c7\u00c3O PR\u00c9VIA \u2013 4586-2326 ou 4522-0555<\/p>\n<p><strong>\uf0a7 8 de julho \u2013 10h, 13h e 15h<\/strong><br \/>\nPINTORES BRASILEIROS (conta\u00e7\u00e3o de hist\u00f3rias)<br \/>\nCia Sabre de Luz<br \/>\nClassifica\u00e7\u00e3o Livre. Necess\u00e1rio realizar inscri\u00e7\u00f5es.<br \/>\nObs: ESSA PROGRAMA\u00c7\u00c3O SER\u00c1 REALIZADA NA PINACOTECA E NECESSITA DE INSCRI\u00c7\u00c3O PR\u00c9VIA \u2013 4586-2326 ou 4522-0555<\/p>\n<p><strong>\uf0a7 8 de julho \u2013 16h30 (m\u00fasica)<\/strong><br \/>\nENSAIO ABERTO DA ORQUESTRA MUNICIPAL DE JUNDIA\u00cd PARA CRIAN\u00c7AS<br \/>\nClassifica\u00e7\u00e3o Livre. Entrada Franca.<br \/>\nObs: ESSA PROGRAMA\u00c7\u00c3O SER\u00c1 REALIZADA NO POLYTHEAMA<\/p>\n<p><strong>\uf0a7 09 de julho \u2013 10h (dan\u00e7a)<\/strong><br \/>\nA HIST\u00d3RIA DA DAN\u00c7A PARA CRIAN\u00c7AS<br \/>\nCia. De dan\u00e7a de Jundia\u00ed<br \/>\nClassifica\u00e7\u00e3o Livre. Entrada Franca<br \/>\nObs: ESSA PROGRAMA\u00c7\u00c3O SER\u00c1 REALIZADA NO POLYTHEAMA<\/p>\n<p><strong>\uf0a7 10 de julho \u2013 14h30 (m\u00fasica)<\/strong><br \/>\nENSAIO ABERTO DA ORQUESTRA MUNICIPAL DE JUNDIA\u00cd PARA PROFESSORES E P\u00daBLICO EM GERAL com Arc\u00e1dio Minczuk (obo\u00e9)<br \/>\nClassifica\u00e7\u00e3o Livre. Entrada Franca.<br \/>\nObs: ESSA PROGRAMA\u00c7\u00c3O SER\u00c1 REALIZADA NO POLYTHEAMA<\/p>\n<p><strong>\uf0a7 10 de julho \u2013 19h<\/strong><br \/>\nPRINCIPE FELIZ (teatro)<br \/>\nCia Paulista de Artes<br \/>\nClassifica\u00e7\u00e3o Livre. Entrada Franca.<br \/>\nObs: ESSA PROGRAMA\u00c7\u00c3O SER\u00c1 REALIZADA NO POLYTHEAMA<\/p>\n<p><strong>\uf0a7 11 de julho \u2013 16h<\/strong><br \/>\nFELPO FILVA (teatro)<br \/>\nT3rceiro Sinal Produ\u00e7\u00f5es<br \/>\nClassifica\u00e7\u00e3o Livre. Entrada Franca.<br \/>\nObs: ESSA PROGRAMA\u00c7\u00c3O SER\u00c1 REALIZADA NO POLYTHEAMA<\/p>\n<p><strong>\uf0a7 12 de julho \u2013 16h<\/strong><br \/>\nFELIZARDO \u2013 Banda Mirim (teatro musical)<br \/>\nClassifica\u00e7\u00e3o Livre. Entrada Franca.<br \/>\nObs: ESSA PROGRAMA\u00c7\u00c3O SER\u00c1 REALIZADA NO POLYTHEAMA<\/p>\n<p><em><strong>Assessoria de Imprensa<\/strong><\/em><\/p>\n","protected":false},"excerpt":{"rendered":"<p>Programa\u00e7\u00e3o Projeto \u2018F\u00e9rias no Teatro\u2019 2015 \uf0a7 4 de julho \u2013 11h e 16h BEM DO SEU TAMANHO (teatro) Cooperativa Paulista de Teatro Classifica\u00e7\u00e3o et\u00e1ria: Livre. Entrada franca. Obs: ESSA PROGRAMA\u00c7\u00c3O SER\u00c1 REALIZADA NO POLYTHEAMA \uf0a7 5 de julho \u2013 11h SR. DOD\u00d3I (teatro) Secretaria Municipal de Cultura Classifica\u00e7\u00e3o et\u00e1ria: Livre. Entrada Franca. } Obs: [&hellip;]<\/p>\n","protected":false},"author":14,"featured_media":0,"comment_status":"closed","ping_status":"closed","sticky":false,"template":"","format":"standard","meta":{"footnotes":""},"categories":[2],"tags":[29,370,98],"ods":[],"class_list":["post-145910","post","type-post","status-publish","format-standard","hentry","category-noticias","tag-cultura","tag-pinacoteca-municipal-diogenes-duarte-paes","tag-teatro-polytheama"],"_links":{"self":[{"href":"https:\/\/jundiai.sp.gov.br\/noticias\/wp-json\/wp\/v2\/posts\/145910","targetHints":{"allow":["GET"]}}],"collection":[{"href":"https:\/\/jundiai.sp.gov.br\/noticias\/wp-json\/wp\/v2\/posts"}],"about":[{"href":"https:\/\/jundiai.sp.gov.br\/noticias\/wp-json\/wp\/v2\/types\/post"}],"author":[{"embeddable":true,"href":"https:\/\/jundiai.sp.gov.br\/noticias\/wp-json\/wp\/v2\/users\/14"}],"replies":[{"embeddable":true,"href":"https:\/\/jundiai.sp.gov.br\/noticias\/wp-json\/wp\/v2\/comments?post=145910"}],"version-history":[{"count":6,"href":"https:\/\/jundiai.sp.gov.br\/noticias\/wp-json\/wp\/v2\/posts\/145910\/revisions"}],"predecessor-version":[{"id":146913,"href":"https:\/\/jundiai.sp.gov.br\/noticias\/wp-json\/wp\/v2\/posts\/145910\/revisions\/146913"}],"wp:attachment":[{"href":"https:\/\/jundiai.sp.gov.br\/noticias\/wp-json\/wp\/v2\/media?parent=145910"}],"wp:term":[{"taxonomy":"category","embeddable":true,"href":"https:\/\/jundiai.sp.gov.br\/noticias\/wp-json\/wp\/v2\/categories?post=145910"},{"taxonomy":"post_tag","embeddable":true,"href":"https:\/\/jundiai.sp.gov.br\/noticias\/wp-json\/wp\/v2\/tags?post=145910"},{"taxonomy":"ods","embeddable":true,"href":"https:\/\/jundiai.sp.gov.br\/noticias\/wp-json\/wp\/v2\/ods?post=145910"}],"curies":[{"name":"wp","href":"https:\/\/api.w.org\/{rel}","templated":true}]}}