{"id":146329,"date":"2015-06-30T19:00:36","date_gmt":"2015-06-30T22:00:36","guid":{"rendered":"https:\/\/jundiai.sp.gov.br\/noticias\/?p=146329"},"modified":"2016-11-04T11:35:47","modified_gmt":"2016-11-04T13:35:47","slug":"cerimonia-de-abertura-na-sexta-3-vai-diversas-atracoes","status":"publish","type":"post","link":"https:\/\/jundiai.sp.gov.br\/noticias\/2015\/06\/30\/cerimonia-de-abertura-na-sexta-3-vai-diversas-atracoes\/","title":{"rendered":"Cerim\u00f4nia de abertura dos Jogos vai ter diversas atra\u00e7\u00f5es"},"content":{"rendered":"<p><strong>A Prefeitura de Jundia\u00ed, por meio da Secretaria de Esportes e Lazer, convida toda a popula\u00e7\u00e3o para participar da Cerim\u00f4nia Oficial de Abertura dos <a href=\"http:\/\/jogosregionais.jundiai.sp.gov.br\/\" target=\"_blank\">59\u00ba Jogos Regionais de Jundia\u00ed<\/a>. A festa vai ser na sexta-feira (3), no Parque Comendador Ant\u00f4nio Carbonari (Parque da Uva), a partir das 18h, e vai contar com diversas atra\u00e7\u00f5es para entreter o p\u00fablico e marcar o maior evento esportivo da regi\u00e3o.<\/strong><\/p>\n<p><strong>\u201cEsperamos que todos se envolvam nos Jogos. Mais que a competi\u00e7\u00e3o esse \u00e9 um momento de integra\u00e7\u00e3o e acolhimento. A abertura ser\u00e1 uma linda festa em homenagem ao esporte, aos atletas e a todo p\u00fablico, que vai desfrutar das apresenta\u00e7\u00f5es gratuitamente\u201d<\/strong>, disse o secret\u00e1rio de Esportes e Lazer, Cristiano Lopes.<\/p>\n<p><strong>MAIS JOGOS REGIONAIS<br \/>\n<a href=\"https:\/\/jundiai.sp.gov.br\/noticias\/2015\/06\/30\/jogos-regionais-bolao-ja-respira-clima-da-disputa\/\" target=\"_blank\">Bol\u00e3o j\u00e1 respira clima da disputa<\/a><br \/>\n<a href=\"https:\/\/jundiai.sp.gov.br\/noticias\/2015\/06\/30\/mesmo-em-casa-jundiai-vai-manter-atletas-alojados-para-os-regionais\/\" target=\"_blank\">Mesmo em \u2018casa\u2019, Jundia\u00ed vai manter atletas alojados<\/a><\/strong><br \/>\n<a href=\"https:\/\/jundiai.sp.gov.br\/noticias\/2015\/07\/01\/transportes-cria-linhas-especiais-para-os-jogos\/\" target=\"_blank\"><strong>Transportes cria linhas especiais para os Jogos<\/strong><\/a><\/p>\n<div id=\"attachment_146330\" style=\"width: 1250px\" class=\"wp-caption aligncenter\"><a href=\"https:\/\/jundiai.sp.gov.br\/noticias\/wp-content\/uploads\/sites\/32\/2015\/06\/Convite-Jogos-Regionais_Aberturag.jpg\"><img loading=\"lazy\" decoding=\"async\" aria-describedby=\"caption-attachment-146330\" class=\"size-full wp-image-146330\" src=\"https:\/\/jundiai.sp.gov.br\/noticias\/wp-content\/uploads\/sites\/32\/2015\/06\/Convite-Jogos-Regionais_Aberturag.jpg\" alt=\"A festa da abertura vai ser nesta sexta-feira (3), no Parque da Uva, a partir das 18h\" width=\"1240\" height=\"889\" srcset=\"https:\/\/jundiai.sp.gov.br\/noticias\/wp-content\/uploads\/sites\/32\/2015\/06\/Convite-Jogos-Regionais_Aberturag.jpg 1240w, https:\/\/jundiai.sp.gov.br\/noticias\/wp-content\/uploads\/sites\/32\/2015\/06\/Convite-Jogos-Regionais_Aberturag-300x215.jpg 300w, https:\/\/jundiai.sp.gov.br\/noticias\/wp-content\/uploads\/sites\/32\/2015\/06\/Convite-Jogos-Regionais_Aberturag-720x516.jpg 720w\" sizes=\"auto, (max-width: 1240px) 100vw, 1240px\" \/><\/a><p id=\"caption-attachment-146330\" class=\"wp-caption-text\">A festa da abertura vai ser nesta sexta-feira (3), no Parque da Uva, a partir das 18h<\/p><\/div>\n<p><strong>A piv\u00f4 de handebol Gabriela Celine da Silva, de 29 anos, foi escolhida pela comiss\u00e3o dos Jogos para representar os atletas no juramento da solenidade<\/strong>. \u201cFiquei muito feliz, n\u00e3o esperava o convite. Jogo por Jundia\u00ed desde 2005, quando os Regionais foram aqui, e sinto <strong>muito prazer em representar minha cidade<\/strong>. Nos alojamentos sempre tento interagir com todo mundo e tornar o ambiente mais leve. Talvez essas caracter\u00edsticas tenham influenciado a escolha. Independentemente do que tenha motivado a escolha, fiquei muito feliz\u201d, refor\u00e7ou a jogadora.<\/p>\n<p><iframe loading=\"lazy\" class=\"alignleft\" src=\"https:\/\/www.youtube.com\/embed\/Vpf4TRhBh4g\" width=\"460\" height=\"315\" frameborder=\"0\" allowfullscreen=\"allowfullscreen\"><\/iframe>A noite de sexta-feira (3) vai contar ainda com <strong>demonstra\u00e7\u00f5es de slackline, teatro de sombras, paintball, apresenta\u00e7\u00e3o de bicicross, trupe circense, labirinto das sensa\u00e7\u00f5es e tenda eletr\u00f4nica com dj, show pirot\u00e9cnico e a atra\u00e7\u00e3o do Robotron Maximus<\/strong>.<\/p>\n<p>Depois de dez anos sem sediar a competi\u00e7\u00e3o, <strong>Jundia\u00ed se preparou para receber <a href=\"http:\/\/jogosregionais.jundiai.sp.gov.br\/relacao-de-municipios-participantes\/\" target=\"_blank\">participantes de 56 munic\u00edpios<\/a>, competindo em 43 modalidades com o intuito de incentivar e promover a pr\u00e1tica esportiva na 59\u00ba edi\u00e7\u00e3o da competi\u00e7\u00e3o da 8\u00aa regi\u00e3o esportiva<\/strong>.<\/p>\n<p><strong>O munic\u00edpio est\u00e1 pronto para receber cerca de 9 mil participantes entre atletas, dirigentes e t\u00e9cnico das equipes de competi\u00e7\u00e3o e mais 12 mil pessoas envolvidas indiretamente, como imprensa, volunt\u00e1rios e p\u00fablico em geral. Ser\u00e3o 23 locais entre centros esportivos, clubes e entidades parceiras.<\/strong><\/p>\n<p>&#8220;\u00c9 com <strong>muito orgulho e uma dose extra de motiva\u00e7\u00e3o que Jundia\u00ed abre suas portas para sediar uma competi\u00e7\u00e3o t\u00e3o importante e tradicional quanto os Jogos Regionais do Interior<\/strong>. Basta gostar um pouco de esporte para saber o quanto ela foi e \u00e9 fundamental para o desenvolvimento de todas as modalidades nacionais.<strong> Boa competi\u00e7\u00e3o a todos e que o esp\u00edrito esportivo norteie o cora\u00e7\u00e3o de todos os envolvidos&#8221;, comentou o prefeito Pedro Bigardi, lembrando que a cidade est\u00e1 em festa para o evento. <\/strong><\/p>\n<p>Confira a programa\u00e7\u00e3o completa de abertura:<\/p>\n<ul>\n<li><strong>Das 18h \u00e0s 19h30<\/strong> &#8211; <em>slackline, teatro de sombras, paintball, apresenta\u00e7\u00e3o de bicicross, trupe circense, labirinto das sensa\u00e7\u00f5es<\/em>;<\/li>\n<li><strong>Das 19h30 \u00e0s 21h<\/strong> \u2013 <em><strong>Cerim\u00f4nia Oficial de Abertura<\/strong> (desfile de delega\u00e7\u00f5es, hino nacional, acendimento da pira e palavra das autoridades)<\/em>;<\/li>\n<li><strong>Das 21h \u00e0s 23h<\/strong> \u2013 <em>tenda eletr\u00f4nica Disco Esporte com Dj, show pirot\u00e9cnico, Robotron Maximus e as atra\u00e7\u00f5es em todo parque de slackline, teatro de sombras, paintball, apresenta\u00e7\u00e3o de bicicross, trupe circense, labirinto das sensa\u00e7\u00f5es<\/em>.<\/li>\n<\/ul>\n<p><strong><em>Assessoria de Imprensa<\/em><\/strong><\/p>\n","protected":false},"excerpt":{"rendered":"<p>LEIA MAIS: Secretaria de Transportes cria linhas especiais para os Jogos Regionais; acesse o site do evento<\/p>\n","protected":false},"author":14,"featured_media":146341,"comment_status":"closed","ping_status":"closed","sticky":false,"template":"","format":"standard","meta":{"footnotes":""},"categories":[2],"tags":[35,610,521,276],"ods":[],"class_list":["post-146329","post","type-post","status-publish","format-standard","has-post-thumbnail","hentry","category-noticias","tag-esporte-e-lazer","tag-jogos-regionais","tag-jogos-regionais-jundiai-2015","tag-parque-da-uva"],"_links":{"self":[{"href":"https:\/\/jundiai.sp.gov.br\/noticias\/wp-json\/wp\/v2\/posts\/146329","targetHints":{"allow":["GET"]}}],"collection":[{"href":"https:\/\/jundiai.sp.gov.br\/noticias\/wp-json\/wp\/v2\/posts"}],"about":[{"href":"https:\/\/jundiai.sp.gov.br\/noticias\/wp-json\/wp\/v2\/types\/post"}],"author":[{"embeddable":true,"href":"https:\/\/jundiai.sp.gov.br\/noticias\/wp-json\/wp\/v2\/users\/14"}],"replies":[{"embeddable":true,"href":"https:\/\/jundiai.sp.gov.br\/noticias\/wp-json\/wp\/v2\/comments?post=146329"}],"version-history":[{"count":16,"href":"https:\/\/jundiai.sp.gov.br\/noticias\/wp-json\/wp\/v2\/posts\/146329\/revisions"}],"predecessor-version":[{"id":146771,"href":"https:\/\/jundiai.sp.gov.br\/noticias\/wp-json\/wp\/v2\/posts\/146329\/revisions\/146771"}],"wp:featuredmedia":[{"embeddable":true,"href":"https:\/\/jundiai.sp.gov.br\/noticias\/wp-json\/wp\/v2\/media\/146341"}],"wp:attachment":[{"href":"https:\/\/jundiai.sp.gov.br\/noticias\/wp-json\/wp\/v2\/media?parent=146329"}],"wp:term":[{"taxonomy":"category","embeddable":true,"href":"https:\/\/jundiai.sp.gov.br\/noticias\/wp-json\/wp\/v2\/categories?post=146329"},{"taxonomy":"post_tag","embeddable":true,"href":"https:\/\/jundiai.sp.gov.br\/noticias\/wp-json\/wp\/v2\/tags?post=146329"},{"taxonomy":"ods","embeddable":true,"href":"https:\/\/jundiai.sp.gov.br\/noticias\/wp-json\/wp\/v2\/ods?post=146329"}],"curies":[{"name":"wp","href":"https:\/\/api.w.org\/{rel}","templated":true}]}}