{"id":146399,"date":"2015-07-01T15:41:18","date_gmt":"2015-07-01T18:41:18","guid":{"rendered":"https:\/\/jundiai.sp.gov.br\/noticias\/?p=146399"},"modified":"2016-11-04T11:35:48","modified_gmt":"2016-11-04T13:35:48","slug":"jogos-regionais-feira-de-artesanato-e-atracao-no-bolao-durante-competicao","status":"publish","type":"post","link":"https:\/\/jundiai.sp.gov.br\/noticias\/2015\/07\/01\/jogos-regionais-feira-de-artesanato-e-atracao-no-bolao-durante-competicao\/","title":{"rendered":"Feira de artesanato \u00e9 atra\u00e7\u00e3o no Bol\u00e3o durante Jogos Regionais"},"content":{"rendered":"<p><strong>Atletas, dirigentes, torcedores e turistas que vir\u00e3o a Jundia\u00ed para participar ou simplesmente torcer por suas cidades nos <a href=\"http:\/\/jogosregionais.jundiai.sp.gov.br\/\" target=\"_blank\">59\u00ba Jogos Regionais<\/a> ter\u00e3o a chance de visitar a feirinha de artesanato montada na \u00e1rea interna do Conjunto Poliesportivo Nicolino de Lucca, o Bol\u00e3o, e que foi aberta na manh\u00e3 desta quarta-feira (1\u00ba). Uma barraca de frutas tamb\u00e9m opera para atender quem passar pelo complexo.<\/strong><\/p>\n<p><strong>MAIS JOGOS REGIONAIS:<br \/>\n<a href=\"https:\/\/jundiai.sp.gov.br\/noticias\/2015\/06\/30\/jogos-regionais-bolao-ja-respira-clima-da-disputa\/\" target=\"_blank\">Bol\u00e3o j\u00e1 respira clima da disputa<\/a><br \/>\n<a href=\"https:\/\/jundiai.sp.gov.br\/noticias\/2015\/07\/01\/transportes-cria-linhas-especiais-para-os-jogos\/\" target=\"_blank\">Transportes cria linhas especiais para os Jogos<\/a><br \/>\n<a href=\"https:\/\/jundiai.sp.gov.br\/noticias\/2015\/06\/30\/cerimonia-de-abertura-na-sexta-3-vai-diversas-atracoes\/\" target=\"_blank\">Cerim\u00f4nia de abertura dos Jogos vai ter diversas atra\u00e7\u00f5es<\/a><\/strong><\/p>\n<div id=\"attachment_146437\" style=\"width: 730px\" class=\"wp-caption aligncenter\"><a href=\"https:\/\/jundiai.sp.gov.br\/noticias\/wp-content\/uploads\/sites\/32\/2015\/07\/jundiai_feito_Virginia-e-Mirian_P_55G.jpg\"><img loading=\"lazy\" decoding=\"async\" aria-describedby=\"caption-attachment-146437\" src=\"https:\/\/jundiai.sp.gov.br\/noticias\/wp-content\/uploads\/sites\/32\/2015\/07\/jundiai_feito_Virginia-e-Mirian_P_55G.jpg\" alt=\"O mascote Jundi\u00e1 tamb\u00e9m \u00e9 destaque no artesanato\" width=\"720\" height=\"513\" class=\"size-full wp-image-146437\" \/><\/a><p id=\"caption-attachment-146437\" class=\"wp-caption-text\">O mascote Jundi\u00e1 tamb\u00e9m \u00e9 destaque no artesanato<\/p><\/div>\n<p><strong>S\u00e3o nove expositores que se organizaram em oito barracas<\/strong> e que oferecem ao p\u00fablico produtos das mais diferentes t\u00e9cnicas materiais, como patchwork, pintura em tecido, croch\u00ea, tric\u00f4, bijuterias, bonecas de tecido, brinquedos pedag\u00f3gicos, arte recicl\u00e1vel, biscuit, acess\u00f3rios feitos em ponto cruz e ponto russo, trabalho em ep\u00f3xi, entalhe de madeira, origamis de papel, entre outros.<\/p>\n<p><strong>Todos os artes\u00e3os fazem parte do Programa Jundia\u00ed Feito \u00e0 M\u00e3o<\/strong><strong>, criado pela Secretaria de Agricultura, Abastecimento e Turismo em 2013<\/strong>. A atividade tem como proposta fomentar a atividade artesanal e valorizar a rica cultura material encontrada na cidade. O programa conta atualmente com 193 artes\u00e3os inscritos.<\/p>\n<p>\u201cProcuramos usar materiais que podem ser reusados e cada detalhe \u00e9 feito com a t\u00e9cnica de cada artes\u00e3o. Aqui voc\u00ea n\u00e3o encontra nada industrializado\u201d, destaca Fl\u00e1vio Leone, artes\u00e3o que seguiu os passos de fam\u00edlia.<\/p>\n<p>Os expositores elogiaram o fato de Jundia\u00ed voltar a sediar os Jogos regionais depois de 10 anos. \u201cA expectativa \u00e9 a melhor poss\u00edvel. <strong>S\u00e3o mais de 20 mil pessoas que estar\u00e3o envolvidas direta e indiretamente nesta competi\u00e7\u00e3o e para n\u00f3s \u00e9 a chance de mostrar o nosso trabalho<\/strong>\u201d, comenta Maria Fernandes, a Mia Vov\u00f3, conhecida artes\u00e3 de Jundia\u00ed.<\/p>\n<p>Para entrar no clima dos Regionais, os artes\u00e3os desenvolveram uma novidade: souvenirs do mascote da competi\u00e7\u00e3o, o peixinho Jundi\u00e1, que pode ser encontrado em diversos tipos de artesanato. \u201cUma lembran\u00e7a para quem jogar ou passar pelo Bol\u00e3o levar para casa e se lembrar do evento por muitos anos\u201d, diz Odila Grella, que aposta no sucesso das vendas.<\/p>\n<p><strong>A feirinha de artesanato do Bol\u00e3o vai funcionar durante os 11 dias do evento, das 8h \u00e0s 17h.<\/strong> \u201c\u00c9 claro que podemos esticar o hor\u00e1rio de atendimento de acordo com a movimenta\u00e7\u00e3o. Se os jogos forem at\u00e9 \u00e0 noite, vamos ficar. Estamos preparados para isso\u201d, conta Fl\u00e1vio Leone.<\/p>\n<div id=\"attachment_146438\" style=\"width: 410px\" class=\"wp-caption alignright\"><a href=\"https:\/\/jundiai.sp.gov.br\/noticias\/wp-content\/uploads\/sites\/32\/2015\/07\/bolao_roseli-com-o-filho-e-Odila_13G.jpg\"><img loading=\"lazy\" decoding=\"async\" aria-describedby=\"caption-attachment-146438\" src=\"https:\/\/jundiai.sp.gov.br\/noticias\/wp-content\/uploads\/sites\/32\/2015\/07\/bolao_roseli-com-o-filho-e-Odila_13G.jpg\" alt=\"Pedro e Roseli se encantaram com a r\u00e9pica da Ponte Torta\" width=\"400\" height=\"400\" class=\"size-full wp-image-146438\" \/><\/a><p id=\"caption-attachment-146438\" class=\"wp-caption-text\">Pedro e Roseli se encantaram com a r\u00e9pica da Ponte Torta<\/p><\/div>\n<p><strong>Olho vivo <\/strong><br \/>\nA feirinha de artesanato do Bol\u00e3o chamou a aten\u00e7\u00e3o de Pedro Henrique, de 10 anos, que estava acompanhado pela m\u00e3e, a assistente administrativa Roseli dos Santos Santana. O menino, vestido com o agasalho do Corinthians, bateu olhos na barraca da artes\u00e3 Odila Grella e enxergou a Ponte Torta, um dos s\u00edmbolos de Jundia\u00ed, feita de acr\u00edlico.<\/p>\n<p>Roseli ficou impressionada com trabalho. \u201c\u00c9 perfeita. Igualzinha a original instalada no Vianelo. Muito bem feita, um grande trabalho. J\u00e1 havia visto muita coisa na feirinha, mas nada como esta Ponte Torta\u201d, elogia emocionada. Ela diz que costuma visitar as feirinhas e acha que o fato de os Jogos Regionais acontecerem em Jundia\u00ed vai fazer com que o trabalhos dos artes\u00e3os sejam promovidos. \u201cVem muita gente de fora e com certeza todos v\u00e3o aprovar a feira.\u201d, diz.<\/p>\n<p><em><strong>Ivan Lopes<br \/>\nFotos: Paulo Gr\u00e9gio<\/strong><\/em><\/p>\n","protected":false},"excerpt":{"rendered":"<p>Atletas, dirigentes, torcedores e turistas que vir\u00e3o a Jundia\u00ed para participar ou simplesmente torcer por suas cidades nos 59\u00ba Jogos Regionais ter\u00e3o a chance de visitar a feirinha de artesanato montada na \u00e1rea interna do Conjunto Poliesportivo Nicolino de Lucca, o Bol\u00e3o, e que foi aberta na manh\u00e3 desta quarta-feira (1\u00ba). Uma barraca de frutas [&hellip;]<\/p>\n","protected":false},"author":21,"featured_media":0,"comment_status":"closed","ping_status":"closed","sticky":false,"template":"","format":"standard","meta":{"footnotes":""},"categories":[2],"tags":[41,35,610,521,293],"ods":[],"class_list":["post-146399","post","type-post","status-publish","format-standard","hentry","category-noticias","tag-agricultura-abastecimento-e-turismo","tag-esporte-e-lazer","tag-jogos-regionais","tag-jogos-regionais-jundiai-2015","tag-jundiai-feito-a-mao"],"_links":{"self":[{"href":"https:\/\/jundiai.sp.gov.br\/noticias\/wp-json\/wp\/v2\/posts\/146399","targetHints":{"allow":["GET"]}}],"collection":[{"href":"https:\/\/jundiai.sp.gov.br\/noticias\/wp-json\/wp\/v2\/posts"}],"about":[{"href":"https:\/\/jundiai.sp.gov.br\/noticias\/wp-json\/wp\/v2\/types\/post"}],"author":[{"embeddable":true,"href":"https:\/\/jundiai.sp.gov.br\/noticias\/wp-json\/wp\/v2\/users\/21"}],"replies":[{"embeddable":true,"href":"https:\/\/jundiai.sp.gov.br\/noticias\/wp-json\/wp\/v2\/comments?post=146399"}],"version-history":[{"count":4,"href":"https:\/\/jundiai.sp.gov.br\/noticias\/wp-json\/wp\/v2\/posts\/146399\/revisions"}],"predecessor-version":[{"id":146440,"href":"https:\/\/jundiai.sp.gov.br\/noticias\/wp-json\/wp\/v2\/posts\/146399\/revisions\/146440"}],"wp:attachment":[{"href":"https:\/\/jundiai.sp.gov.br\/noticias\/wp-json\/wp\/v2\/media?parent=146399"}],"wp:term":[{"taxonomy":"category","embeddable":true,"href":"https:\/\/jundiai.sp.gov.br\/noticias\/wp-json\/wp\/v2\/categories?post=146399"},{"taxonomy":"post_tag","embeddable":true,"href":"https:\/\/jundiai.sp.gov.br\/noticias\/wp-json\/wp\/v2\/tags?post=146399"},{"taxonomy":"ods","embeddable":true,"href":"https:\/\/jundiai.sp.gov.br\/noticias\/wp-json\/wp\/v2\/ods?post=146399"}],"curies":[{"name":"wp","href":"https:\/\/api.w.org\/{rel}","templated":true}]}}