{"id":146600,"date":"2015-07-01T17:58:57","date_gmt":"2015-07-01T20:58:57","guid":{"rendered":"https:\/\/jundiai.sp.gov.br\/noticias\/?p=146600"},"modified":"2016-11-04T11:35:49","modified_gmt":"2016-11-04T13:35:49","slug":"jogos-regionais-medalhas-e-trofeus-roubam-a-cena-no-bolao","status":"publish","type":"post","link":"https:\/\/jundiai.sp.gov.br\/noticias\/2015\/07\/01\/jogos-regionais-medalhas-e-trofeus-roubam-a-cena-no-bolao\/","title":{"rendered":"Jogos Regionais: medalhas e trof\u00e9us roubam a cena no Bol\u00e3o"},"content":{"rendered":"<p><strong>Objetos de desejo dos quase 9 mil atletas, t\u00e9cnicos e dirigentes das 56 cidades participantes, as medalhas e os trof\u00e9us dos Jogos foram apresentados nesta quarta-feira (1\u00ba), no Conjunto Poliesportivo Dr. Nicolino de Lucca, o Bol\u00e3o, pela equipe do cerimonial dos Jogos Regionais de Jundia\u00ed.<\/strong><\/p>\n<p>Caixas com <strong>2 mil medalhas de ouro, prata e bronze e os 77 trof\u00e9us para campe\u00e3o, vice e 3\u00ba colocado de cada modalidade, al\u00e9m dos dois cobi\u00e7ados trof\u00e9us de campe\u00e3o geral ( 1\u00aa e 2\u00aa divis\u00f5es)<\/strong> atraiam os olhares de atletas que circulavam pela pra\u00e7a esportiva em <strong>dia destinado ao credenciamento e \u00faltimos preparativos<\/strong>.<\/p>\n<p><strong>MAIS JOGOS REGIONAIS<br \/>\n<a href=\"https:\/\/jundiai.sp.gov.br\/noticias\/2015\/07\/01\/dirigente-da-secretaria-estadual-elogia-estrutura-de-jundiai\/\" target=\"_blank\">Dirigente da secretaria estadual elogia estrutura de Jundia\u00ed<\/a><br \/>\n<a href=\"https:\/\/jundiai.sp.gov.br\/noticias\/2015\/07\/01\/jogos-regionais-feira-de-artesanato-e-atracao-no-bolao-durante-competicao\/\" target=\"_blank\">Feira de artesanato \u00e9 atra\u00e7\u00e3o no Bol\u00e3o durante Jogos Regionais<\/a><br \/>\n<a href=\"https:\/\/jundiai.sp.gov.br\/noticias\/2015\/07\/01\/mais-de-30-voluntarios-da-anhanguera-no-apoio-a-comunicacao\/\" target=\"_blank\">Mais de 30 volunt\u00e1rios da Anhanguera no apoio \u00e0 comunica\u00e7\u00e3o<\/a><\/strong><\/p>\n<div id=\"attachment_146607\" style=\"width: 1250px\" class=\"wp-caption aligncenter\"><a href=\"https:\/\/jundiai.sp.gov.br\/noticias\/wp-content\/uploads\/sites\/32\/2015\/07\/chegada-medalhas_trofeus_D-5g.jpg\"><img loading=\"lazy\" decoding=\"async\" aria-describedby=\"caption-attachment-146607\" src=\"https:\/\/jundiai.sp.gov.br\/noticias\/wp-content\/uploads\/sites\/32\/2015\/07\/chegada-medalhas_trofeus_D-5g.jpg\" alt=\"Lia e Ronaldo com as medalhas que estar\u00e3o em disputa\" width=\"1240\" height=\"1024\" class=\"size-full wp-image-146607\" srcset=\"https:\/\/jundiai.sp.gov.br\/noticias\/wp-content\/uploads\/sites\/32\/2015\/07\/chegada-medalhas_trofeus_D-5g.jpg 1240w, https:\/\/jundiai.sp.gov.br\/noticias\/wp-content\/uploads\/sites\/32\/2015\/07\/chegada-medalhas_trofeus_D-5g-300x247.jpg 300w, https:\/\/jundiai.sp.gov.br\/noticias\/wp-content\/uploads\/sites\/32\/2015\/07\/chegada-medalhas_trofeus_D-5g-720x594.jpg 720w\" sizes=\"auto, (max-width: 1240px) 100vw, 1240px\" \/><\/a><p id=\"caption-attachment-146607\" class=\"wp-caption-text\">Lia e Ronaldo com as medalhas que estar\u00e3o em disputa<\/p><\/div>\n<p>\u201cNossa, \u00e9 uma medalha muito bonita. Gostaria muito de ganhar para completar a minha cole\u00e7\u00e3o, que j\u00e1 passa de 20\u201d, comenta Lia Oliveira, atleta do heptatlo de Jundia\u00ed. Lia n\u00e3o esconde a ansiedade pela aproxima\u00e7\u00e3o das disputas.<\/p>\n<p>\u201cEstou muito nervosa. Al\u00e9m de atleta, sou t\u00e9cnica e saber que meus alunos v\u00e3o estar nas disputas faz subir a adrenalina\u201d, comenta. \u201cA ideia \u00e9 fazermos nossa parte para manter em casa este <strong>trof\u00e9u de campe\u00e3o geral, que \u00e9 maravilhoso<\/strong>\u201d, observa.<\/p>\n<p>Outro que descobriu que medalhas e trof\u00e9us haviam chegado e fez quest\u00e3o de espiar foi Ronaldo Pereira, inscrito nas prova dos 100 metros rasos e revezamento 4&#215;100 por Jundia\u00ed. <strong>\u201cUm sonho. Seria a minha primeira medalha nos Regionais. Foi por ela que treinei exaustivamente&#8221;<\/strong>, explica.<\/p>\n<p>In\u00eas Salles, da organiza\u00e7\u00e3o do cerimonial h\u00e1 20 anos, diz que os trof\u00e9us t\u00eam o mesmo design dos Jogos Regionais de Sorocaba no ano passado. <strong>\u201cA novidade mesmo s\u00e3o as medalhas. S\u00e3o In\u00e9ditas e lindas. Qualquer atleta gostaria de ter uma dessas\u201d<\/strong>, diz.<\/p>\n<p>Os designs das medalhas e dos trof\u00e9us s\u00e3o obras de profissionais da \u00e1rea, segundo informou Marisa Cortez e Maria Christina Rodrigues, que tamb\u00e9m fazem parte do cerimonial dos Regionais.<\/p>\n<div id=\"attachment_146608\" style=\"width: 1250px\" class=\"wp-caption aligncenter\"><a href=\"https:\/\/jundiai.sp.gov.br\/noticias\/wp-content\/uploads\/sites\/32\/2015\/07\/chegada-medalhas_trofeus_D-21g.jpg\"><img loading=\"lazy\" decoding=\"async\" aria-describedby=\"caption-attachment-146608\" src=\"https:\/\/jundiai.sp.gov.br\/noticias\/wp-content\/uploads\/sites\/32\/2015\/07\/chegada-medalhas_trofeus_D-21g.jpg\" alt=\"Trof\u00e9us e medalhas chegam ao Bol\u00e3o: objeto de desejo de todos os atletas\" width=\"1240\" height=\"997\" class=\"size-full wp-image-146608\" srcset=\"https:\/\/jundiai.sp.gov.br\/noticias\/wp-content\/uploads\/sites\/32\/2015\/07\/chegada-medalhas_trofeus_D-21g.jpg 1240w, https:\/\/jundiai.sp.gov.br\/noticias\/wp-content\/uploads\/sites\/32\/2015\/07\/chegada-medalhas_trofeus_D-21g-300x241.jpg 300w, https:\/\/jundiai.sp.gov.br\/noticias\/wp-content\/uploads\/sites\/32\/2015\/07\/chegada-medalhas_trofeus_D-21g-720x578.jpg 720w\" sizes=\"auto, (max-width: 1240px) 100vw, 1240px\" \/><\/a><p id=\"caption-attachment-146608\" class=\"wp-caption-text\">Trof\u00e9us e medalhas chegam ao Bol\u00e3o: objeto de desejo de todos os atletas<\/p><\/div>\n<p><strong><em>Ivan Lopes<br \/>\nFotos: Dorival Pinheiro Filho<\/em><\/strong><\/p>\n","protected":false},"excerpt":{"rendered":"<p>Objetos de desejo dos quase 9 mil atletas, t\u00e9cnicos e dirigentes das 56 cidades participantes, as medalhas e os trof\u00e9us dos Jogos foram apresentados nesta quarta-feira (1\u00ba), no Conjunto Poliesportivo Dr. Nicolino de Lucca, o Bol\u00e3o, pela equipe do cerimonial dos Jogos Regionais de Jundia\u00ed. Caixas com 2 mil medalhas de ouro, prata e bronze [&hellip;]<\/p>\n","protected":false},"author":14,"featured_media":0,"comment_status":"closed","ping_status":"closed","sticky":false,"template":"","format":"standard","meta":{"footnotes":""},"categories":[2],"tags":[110,35,610,521],"ods":[],"class_list":["post-146600","post","type-post","status-publish","format-standard","hentry","category-noticias","tag-bolao","tag-esporte-e-lazer","tag-jogos-regionais","tag-jogos-regionais-jundiai-2015"],"_links":{"self":[{"href":"https:\/\/jundiai.sp.gov.br\/noticias\/wp-json\/wp\/v2\/posts\/146600","targetHints":{"allow":["GET"]}}],"collection":[{"href":"https:\/\/jundiai.sp.gov.br\/noticias\/wp-json\/wp\/v2\/posts"}],"about":[{"href":"https:\/\/jundiai.sp.gov.br\/noticias\/wp-json\/wp\/v2\/types\/post"}],"author":[{"embeddable":true,"href":"https:\/\/jundiai.sp.gov.br\/noticias\/wp-json\/wp\/v2\/users\/14"}],"replies":[{"embeddable":true,"href":"https:\/\/jundiai.sp.gov.br\/noticias\/wp-json\/wp\/v2\/comments?post=146600"}],"version-history":[{"count":4,"href":"https:\/\/jundiai.sp.gov.br\/noticias\/wp-json\/wp\/v2\/posts\/146600\/revisions"}],"predecessor-version":[{"id":146623,"href":"https:\/\/jundiai.sp.gov.br\/noticias\/wp-json\/wp\/v2\/posts\/146600\/revisions\/146623"}],"wp:attachment":[{"href":"https:\/\/jundiai.sp.gov.br\/noticias\/wp-json\/wp\/v2\/media?parent=146600"}],"wp:term":[{"taxonomy":"category","embeddable":true,"href":"https:\/\/jundiai.sp.gov.br\/noticias\/wp-json\/wp\/v2\/categories?post=146600"},{"taxonomy":"post_tag","embeddable":true,"href":"https:\/\/jundiai.sp.gov.br\/noticias\/wp-json\/wp\/v2\/tags?post=146600"},{"taxonomy":"ods","embeddable":true,"href":"https:\/\/jundiai.sp.gov.br\/noticias\/wp-json\/wp\/v2\/ods?post=146600"}],"curies":[{"name":"wp","href":"https:\/\/api.w.org\/{rel}","templated":true}]}}