{"id":146714,"date":"2015-07-02T16:15:21","date_gmt":"2015-07-02T19:15:21","guid":{"rendered":"https:\/\/jundiai.sp.gov.br\/noticias\/?p=146714"},"modified":"2016-11-04T11:40:41","modified_gmt":"2016-11-04T13:40:41","slug":"volei-une-familia-nos-regionais","status":"publish","type":"post","link":"https:\/\/jundiai.sp.gov.br\/noticias\/2015\/07\/02\/volei-une-familia-nos-regionais\/","title":{"rendered":"V\u00f4lei une fam\u00edlia nos Regionais"},"content":{"rendered":"<p><strong>O amor pelo v\u00f4lei une ainda mais uma fam\u00edlia de Cajati, S\u00e3o Paulo. No time feminino de Registro, cada um tem sua fun\u00e7\u00e3o. Rog\u00e9rio Carriel \u00e9 o t\u00e9cnico. A esposa Elaine Carriel e a filha Julia Carriel s\u00e3o atletas do time.<\/strong><\/p>\n<p><strong><a href=\"https:\/\/www.flickr.com\/photos\/prefeituradejundiai\/sets\/72157655361333881\" target=\"_blank\">CONFIRA AS FOTOS DOS JOGOS<\/a><\/strong><\/p>\n<p><strong>MAIS JOGOS REGIONAIS<br \/>\n<a href=\"https:\/\/jundiai.sp.gov.br\/noticias\/2015\/07\/01\/jogos-regionais-medalhas-e-trofeus-roubam-a-cena-no-bolao\/\" target=\"_blank\">Medalhas e trof\u00e9us roubam a cena no Bol\u00e3o<\/a><br \/>\n<a href=\"https:\/\/jundiai.sp.gov.br\/noticias\/2015\/07\/01\/jogos-regionais-wi-fi-no-bolao-e-parque-da-uva-vai-ficar-como-legado\/\" target=\"_blank\">Wi-Fi no Bol\u00e3o e Parque da Uva vai ficar como legado<\/a><br \/>\n<a href=\"https:\/\/jundiai.sp.gov.br\/noticias\/2015\/07\/02\/atleta-marca-12-pontos-seguidos-em-saque-e-garante-vitoria-de-porto-feliz\/\" target=\"_blank\">Atleta marca 12 pontos seguidos e garante vit\u00f3ria de Porto Feliz<\/a><\/strong><\/p>\n<p><strong>Al\u00e9m de animada, a fam\u00edlia elogiou a recep\u00e7\u00e3o em Jundia\u00ed. \u201cA estrutura \u00e9 excelente e a recep\u00e7\u00e3o muito boa. Estamos felizes com essa oportunidad<\/strong>e.\u201d O jogador e t\u00e9cnico tem quase duas d\u00e9cadas de experi\u00eancia e conta que se sente realizado em ter toda a fam\u00edlia reunida em um mesmo ideal. <\/p>\n<p>E o amor dessa fam\u00edlia <strong>j\u00e1 rendeu bons resultados. Na estreia, no Centro Esportivo Ant\u00f4nio de Lima na manh\u00e3 desta quinta (2), Registro ganhou por 2X1 da equipe de Ita\u00ed<\/strong>.<\/p>\n<div id=\"attachment_1250\" style=\"width: 1232px\" class=\"wp-caption aligncenter\"><a href=\"http:\/\/jogosregionais.jundiai.sp.gov.br\/wp-content\/uploads\/2015\/07\/Volei-Feminino-Registro-x-Ita\u00ed-14_G.jpg\"><img loading=\"lazy\" decoding=\"async\" aria-describedby=\"caption-attachment-1250\" src=\"http:\/\/jogosregionais.jundiai.sp.gov.br\/wp-content\/uploads\/2015\/07\/Volei-Feminino-Registro-x-Ita\u00ed-14_G.jpg\" alt=\"Fam\u00edlia unida est\u00e1 alojada em Jundia\u00ed\" width=\"1222\" height=\"815\" class=\"size-full wp-image-1250\" \/><\/a><p id=\"caption-attachment-1250\" class=\"wp-caption-text\">Fam\u00edlia unida est\u00e1 alojada em Jundia\u00ed<\/p><\/div>\n<p><strong><em>Assessoria de Imprensa<br \/>\nFoto: Divulga\u00e7\u00e3o<\/em><\/strong><\/p>\n","protected":false},"excerpt":{"rendered":"<p>O amor pelo v\u00f4lei une ainda mais uma fam\u00edlia de Cajati, S\u00e3o Paulo. No time feminino de Registro, cada um tem sua fun\u00e7\u00e3o. Rog\u00e9rio Carriel \u00e9 o t\u00e9cnico. A esposa Elaine Carriel e a filha Julia Carriel s\u00e3o atletas do time. CONFIRA AS FOTOS DOS JOGOS MAIS JOGOS REGIONAIS Medalhas e trof\u00e9us roubam a cena [&hellip;]<\/p>\n","protected":false},"author":14,"featured_media":0,"comment_status":"closed","ping_status":"closed","sticky":false,"template":"","format":"standard","meta":{"footnotes":""},"categories":[2],"tags":[35,610,521,109,394],"ods":[],"class_list":["post-146714","post","type-post","status-publish","format-standard","hentry","category-noticias","tag-esporte-e-lazer","tag-jogos-regionais","tag-jogos-regionais-jundiai-2015","tag-volei","tag-volei-feminino"],"_links":{"self":[{"href":"https:\/\/jundiai.sp.gov.br\/noticias\/wp-json\/wp\/v2\/posts\/146714","targetHints":{"allow":["GET"]}}],"collection":[{"href":"https:\/\/jundiai.sp.gov.br\/noticias\/wp-json\/wp\/v2\/posts"}],"about":[{"href":"https:\/\/jundiai.sp.gov.br\/noticias\/wp-json\/wp\/v2\/types\/post"}],"author":[{"embeddable":true,"href":"https:\/\/jundiai.sp.gov.br\/noticias\/wp-json\/wp\/v2\/users\/14"}],"replies":[{"embeddable":true,"href":"https:\/\/jundiai.sp.gov.br\/noticias\/wp-json\/wp\/v2\/comments?post=146714"}],"version-history":[{"count":2,"href":"https:\/\/jundiai.sp.gov.br\/noticias\/wp-json\/wp\/v2\/posts\/146714\/revisions"}],"predecessor-version":[{"id":146718,"href":"https:\/\/jundiai.sp.gov.br\/noticias\/wp-json\/wp\/v2\/posts\/146714\/revisions\/146718"}],"wp:attachment":[{"href":"https:\/\/jundiai.sp.gov.br\/noticias\/wp-json\/wp\/v2\/media?parent=146714"}],"wp:term":[{"taxonomy":"category","embeddable":true,"href":"https:\/\/jundiai.sp.gov.br\/noticias\/wp-json\/wp\/v2\/categories?post=146714"},{"taxonomy":"post_tag","embeddable":true,"href":"https:\/\/jundiai.sp.gov.br\/noticias\/wp-json\/wp\/v2\/tags?post=146714"},{"taxonomy":"ods","embeddable":true,"href":"https:\/\/jundiai.sp.gov.br\/noticias\/wp-json\/wp\/v2\/ods?post=146714"}],"curies":[{"name":"wp","href":"https:\/\/api.w.org\/{rel}","templated":true}]}}