{"id":146999,"date":"2015-07-04T19:29:40","date_gmt":"2015-07-04T22:29:40","guid":{"rendered":"https:\/\/jundiai.sp.gov.br\/noticias\/?p=146999"},"modified":"2016-11-04T11:41:18","modified_gmt":"2016-11-04T13:41:18","slug":"capoeira-traz-o-primeiro-titulo-de-campea-para-jundiai","status":"publish","type":"post","link":"https:\/\/jundiai.sp.gov.br\/noticias\/2015\/07\/04\/capoeira-traz-o-primeiro-titulo-de-campea-para-jundiai\/","title":{"rendered":"Capoeira conquista t\u00edtulo e empolga torcida na ADC Sifco"},"content":{"rendered":"<p><strong>A capoeira de Jundia\u00ed fez bonito nos <a href=\"http:\/\/jogosregionais.jundiai.sp.gov.br\/\" target=\"_blank\">59\u00ba Jogos Regionais<\/a> e trouxe o primeiro t\u00edtulo de campe\u00e3 para a cidade neste s\u00e1bado (4), no ADC Sifco. A equipe comandada pelo mestre Kau\u00ea ficou com a primeira coloca\u00e7\u00e3o geral na modalidade ap\u00f3s bons resultados.<\/p>\n<p>Nas rodas masculinas estavam os jundiaienses Robson Silva Bernades, jogando pela categoria meio pesado, que ficou com ouro; F\u00e1bio Henrique, categoria leve, ficou em terceiro lugar, levando a medalha de bronze; Samuel Gustavo Ferreira conquistou a segunda posi\u00e7\u00e3o; e Welton Gon\u00e7alves Barboza, categoria pesado, recebeu a medalha de ouro. <\/strong><\/p>\n<p><strong><a href=\"https:\/\/www.flickr.com\/photos\/prefeituradejundiai\/sets\/72157655380010406\" target=\"_blank\">CONFIRA AS FOTOS DESTE S\u00c1BADO (4)<\/a><\/strong><\/p>\n<p><strong>MAIS JOGOS REGIONAIS<br \/>\n<a href=\"https:\/\/jundiai.sp.gov.br\/noticias\/2015\/07\/04\/mesmo-sem-jogar-bem-jundiai-avanca-na-malha-e-vai-enfrentar-boituva\/\" target=\"_blank\">Mesmo sem jogar bem, Jundia\u00ed avan\u00e7a na malha<\/a><br \/>\n<a href=\"https:\/\/jundiai.sp.gov.br\/noticias\/2015\/07\/04\/futebol-se-classifica-com-0-a-0-e-vai-encarar-mairinque\/\" target=\"_blank\">Futebol se classifica com 0 a 0 contra Tiet\u00ea e avan\u00e7a<\/a><\/strong><\/p>\n<div id=\"attachment_1581\" style=\"width: 1250px\" class=\"wp-caption aligncenter\"><a href=\"http:\/\/jogosregionais.jundiai.sp.gov.br\/wp-content\/uploads\/2015\/07\/Robson-Silva-Bernardes-36-anos-Jundia\u00ed-e-Alex-Sander-Soares-29-anons-Ara\u00e7oiaba-da-SerraG.jpg\"><img loading=\"lazy\" decoding=\"async\" aria-describedby=\"caption-attachment-1581\" src=\"http:\/\/jogosregionais.jundiai.sp.gov.br\/wp-content\/uploads\/2015\/07\/Robson-Silva-Bernardes-36-anos-Jundia\u00ed-e-Alex-Sander-Soares-29-anons-Ara\u00e7oiaba-da-SerraG.jpg\" alt=\"Robson Bernardes conquistou a medalha de ouro\" width=\"1240\" height=\"802\" class=\"size-full wp-image-1581\" \/><\/a><p id=\"caption-attachment-1581\" class=\"wp-caption-text\">Robson Bernardes conquistou a medalha de ouro<\/p><\/div>\n<p>Welton tem 36 anos e \u00e9 hexacampe\u00e3o nos Jogos Regionais. Iniciou como atleta reserva em 2003 e em 2007 estreou na competi\u00e7\u00e3o. Um ano depois, conquistou o bronze e de 2009 para c\u00e1 n\u00e3o desceu do lugar mais alto do p\u00f3dio. \u201cOs jogos v\u00eam crescendo. Todos est\u00e3o se concentrando bem e evoluindo de acordo com a regra. Antes havia muita gente que n\u00e3o entendia o regulamento, agora <strong>a seguran\u00e7a aumentou juntamente com a evolu\u00e7\u00e3o t\u00e9cnica da competi\u00e7\u00e3o<\/strong>\u201d, disse o capoeirista.<\/p>\n<p><strong>A comemora\u00e7\u00e3o durante a capoeira n\u00e3o foi apenas pelos resultados da disputa<\/strong>. K\u00e1tia Beatriz Gon\u00e7alves da Silva, ou Bia, como gosta de ser chamada, <strong>completou mais um ano de vida hoje e ganhou de presente a medalha de ouro. \u201cVim em busca do meu presente de anivers\u00e1rio e consegui\u201d<\/strong>, disse a atleta.<\/p>\n<p>Ainda na equipe feminina estavam Camila Munhoz, na categoria peso pesado, que tamb\u00e9m ganhou a medalha de ouro; e Ester Oliveira, peso m\u00e9dio, que levou a medalha de prata para casa.<\/p>\n<div id=\"attachment_1583\" style=\"width: 1250px\" class=\"wp-caption aligncenter\"><a href=\"http:\/\/jogosregionais.jundiai.sp.gov.br\/wp-content\/uploads\/2015\/07\/Equipe-Jundia\u00ed-Foto-Oficial-ap\u00f3s-a-apresenta\u00e7\u00e3o-G.jpg\"><img loading=\"lazy\" decoding=\"async\" aria-describedby=\"caption-attachment-1583\" src=\"http:\/\/jogosregionais.jundiai.sp.gov.br\/wp-content\/uploads\/2015\/07\/Equipe-Jundia\u00ed-Foto-Oficial-ap\u00f3s-a-apresenta\u00e7\u00e3o-G.jpg\" alt=\"A equipe de Jundia\u00ed ficou com a primeiro lugar na coloca\u00e7\u00e3o geral\" width=\"1240\" height=\"895\" class=\"size-full wp-image-1583\" \/><\/a><p id=\"caption-attachment-1583\" class=\"wp-caption-text\">A equipe de Jundia\u00ed ficou com a primeiro lugar na coloca\u00e7\u00e3o geral<\/p><\/div>\n<p><strong><em>Assessoria de Imprensa<br \/>\nFotos: Fot\u00f3grafos PMJ<\/em><\/strong><\/p>\n","protected":false},"excerpt":{"rendered":"<p>Equipe comandada pelo mestre Kau\u00ea ficou com a primeira coloca\u00e7\u00e3o geral nas categorias masculina e feminina<\/p>\n","protected":false},"author":14,"featured_media":147000,"comment_status":"closed","ping_status":"closed","sticky":false,"template":"","format":"standard","meta":{"footnotes":""},"categories":[2],"tags":[703,704,705,35,610,521],"ods":[],"class_list":["post-146999","post","type-post","status-publish","format-standard","has-post-thumbnail","hentry","category-noticias","tag-capoeira","tag-capoeira-feminino","tag-capoeira-masculino","tag-esporte-e-lazer","tag-jogos-regionais","tag-jogos-regionais-jundiai-2015"],"_links":{"self":[{"href":"https:\/\/jundiai.sp.gov.br\/noticias\/wp-json\/wp\/v2\/posts\/146999","targetHints":{"allow":["GET"]}}],"collection":[{"href":"https:\/\/jundiai.sp.gov.br\/noticias\/wp-json\/wp\/v2\/posts"}],"about":[{"href":"https:\/\/jundiai.sp.gov.br\/noticias\/wp-json\/wp\/v2\/types\/post"}],"author":[{"embeddable":true,"href":"https:\/\/jundiai.sp.gov.br\/noticias\/wp-json\/wp\/v2\/users\/14"}],"replies":[{"embeddable":true,"href":"https:\/\/jundiai.sp.gov.br\/noticias\/wp-json\/wp\/v2\/comments?post=146999"}],"version-history":[{"count":3,"href":"https:\/\/jundiai.sp.gov.br\/noticias\/wp-json\/wp\/v2\/posts\/146999\/revisions"}],"predecessor-version":[{"id":147006,"href":"https:\/\/jundiai.sp.gov.br\/noticias\/wp-json\/wp\/v2\/posts\/146999\/revisions\/147006"}],"wp:featuredmedia":[{"embeddable":true,"href":"https:\/\/jundiai.sp.gov.br\/noticias\/wp-json\/wp\/v2\/media\/147000"}],"wp:attachment":[{"href":"https:\/\/jundiai.sp.gov.br\/noticias\/wp-json\/wp\/v2\/media?parent=146999"}],"wp:term":[{"taxonomy":"category","embeddable":true,"href":"https:\/\/jundiai.sp.gov.br\/noticias\/wp-json\/wp\/v2\/categories?post=146999"},{"taxonomy":"post_tag","embeddable":true,"href":"https:\/\/jundiai.sp.gov.br\/noticias\/wp-json\/wp\/v2\/tags?post=146999"},{"taxonomy":"ods","embeddable":true,"href":"https:\/\/jundiai.sp.gov.br\/noticias\/wp-json\/wp\/v2\/ods?post=146999"}],"curies":[{"name":"wp","href":"https:\/\/api.w.org\/{rel}","templated":true}]}}