{"id":147011,"date":"2015-07-04T20:14:56","date_gmt":"2015-07-04T23:14:56","guid":{"rendered":"https:\/\/jundiai.sp.gov.br\/noticias\/?p=147011"},"modified":"2016-11-04T11:41:17","modified_gmt":"2016-11-04T13:41:17","slug":"ciclismo-estreia-com-frio-e-garoa-no-paco-municipal","status":"publish","type":"post","link":"https:\/\/jundiai.sp.gov.br\/noticias\/2015\/07\/04\/ciclismo-estreia-com-frio-e-garoa-no-paco-municipal\/","title":{"rendered":"Time masculino de ciclismo de velocidade vence competi\u00e7\u00e3o"},"content":{"rendered":"<p><strong>Jundia\u00ed levou a melhor na competi\u00e7\u00e3o de ciclismo de velocidade, realizada na tarde desse s\u00e1bado (4), no Thera Park, no bairro Medeiros.<\/strong><\/p>\n<p><strong>A equipe<\/strong>, composta por F\u00e1bio Barone, Alexandre Rossi e F\u00e1bio Vaz <strong>conquistou o t\u00edtulo com t\u00e9cnica e habilidade<\/strong>. &#8220;Nos preparamos muito. Para n\u00f3s, os Regionais se equiparam a um campeonato paulista da modalidade&#8221;, afirmou F\u00e1bio Vaz.<\/p>\n<p><strong><a href=\"https:\/\/www.flickr.com\/photos\/prefeituradejundiai\/sets\/72157655380010406\" target=\"_blank\">CONFIRA AS FOTOS DESTE S\u00c1BADO (4)<\/a><\/strong><\/p>\n<p><strong><strong>MAIS JOGOS REGIONAIS<br \/>\n<a href=\"https:\/\/jundiai.sp.gov.br\/noticias\/2015\/07\/04\/meninas-do-futebol-goleiam-e-agora-encaram-itupeva\/\" target=\"_blank\">Meninas do futebol goleiam e agora encaram Itupeva<\/a><br \/>\n<a href=\"https:\/\/jundiai.sp.gov.br\/noticias\/2015\/07\/04\/atleta-de-sao-roque-mostra-que-talento-supera-preconceito\/\" target=\"_blank\">Atleta de S\u00e3o Roque mostra que talento supera preconceito<\/a><\/strong><\/strong><\/p>\n<div id=\"attachment_147012\" style=\"width: 730px\" class=\"wp-caption aligncenter\"><a href=\"https:\/\/jundiai.sp.gov.br\/noticias\/wp-content\/uploads\/sites\/32\/2015\/07\/2\u00b0divis\u00e3o_ciclismo_masc-3_G.jpg\"><img loading=\"lazy\" decoding=\"async\" aria-describedby=\"caption-attachment-147012\" class=\"size-full wp-image-147012\" src=\"https:\/\/jundiai.sp.gov.br\/noticias\/wp-content\/uploads\/sites\/32\/2015\/07\/2\u00b0divis\u00e3o_ciclismo_masc-3_G.jpg\" alt=\"No Pa\u00e7o Municipal, a chuva n\u00e3o atrapalhou desempenho de atletas\" width=\"720\" height=\"513\" \/><\/a><p id=\"caption-attachment-147012\" class=\"wp-caption-text\">No Pa\u00e7o Municipal, a chuva n\u00e3o atrapalhou desempenho de atletas<\/p><\/div>\n<p>J\u00e1 a equipe feminina ficou em 4\u00ba lugar. De acordo com o t\u00e9cnico Edmilson de Souza Lima, o grupo se prepara h\u00e1 um ano para os Regionais. &#8220;Essa competi\u00e7\u00e3o \u00e9 um verdadeiro celeiro de atletas. Aqui temos a oportunidade de mostrar o nosso trabalho.&#8221; Ele falou ainda da dificuldade para formar o grupo. &#8220;Como a prova \u00e9 perigosa, fica complicado montar um time feminino.&#8221;<\/p>\n<p><strong>Mais cedo<\/strong><br \/>\nNem o frio e muito menos a garoa fina deixaram os atletas do ciclismo de crit\u00e9rio (prova que define o vencedor a partir de pontos) desanimados durante a competi\u00e7\u00e3o realizada na manh\u00e3 deste s\u00e1bado (4), no Pa\u00e7o Municipal. Com velocidade e adrenalina, a prova foi disputada por 68 atletas, nas categorias de primeira e segunda divis\u00e3o do masculino e feminino.<\/p>\n<p>Jundia\u00ed ficou em 4\u00ba lugar na classifica\u00e7\u00e3o feminina com os 5 pontos alcan\u00e7ados por Mirella Ramos Nascimento. As tr\u00eas primeira coloca\u00e7\u00f5es ficaram com Sorocaba. No masculino os atletas jundiaienses tamb\u00e9m n\u00e3o conseguiram bons resultados e ficaram com o 5\u00ba, 6\u00ba e 7\u00ba lugar. Novamente Sorocaba e Boituva ficaram com as primeiras coloca\u00e7\u00f5es.<\/p>\n<div id=\"attachment_147013\" style=\"width: 730px\" class=\"wp-caption aligncenter\"><a href=\"https:\/\/jundiai.sp.gov.br\/noticias\/wp-content\/uploads\/sites\/32\/2015\/07\/Ciclismo-velocidade-44_G.jpg\"><img loading=\"lazy\" decoding=\"async\" aria-describedby=\"caption-attachment-147013\" class=\"size-full wp-image-147013\" src=\"https:\/\/jundiai.sp.gov.br\/noticias\/wp-content\/uploads\/sites\/32\/2015\/07\/Ciclismo-velocidade-44_G.jpg\" alt=\"Equipe de Jundia\u00ed levou a melhor no ciclismo de velocidade\" width=\"720\" height=\"513\" \/><\/a><p id=\"caption-attachment-147013\" class=\"wp-caption-text\">Equipe de Jundia\u00ed levou a melhor no ciclismo de velocidade<\/p><\/div>\n<p><em><strong>Assessoria de Imprensa<br \/>\nFotos: Fot\u00f3grafos PMJ<\/strong><\/em><\/p>\n","protected":false},"excerpt":{"rendered":"<p>Jundia\u00ed levou a melhor na competi\u00e7\u00e3o de ciclismo de velocidade, realizada na tarde desse s\u00e1bado (4), no Thera Park, no bairro Medeiros. A equipe, composta por F\u00e1bio Barone, Alexandre Rossi e F\u00e1bio Vaz conquistou o t\u00edtulo com t\u00e9cnica e habilidade. &#8220;Nos preparamos muito. Para n\u00f3s, os Regionais se equiparam a um campeonato paulista da modalidade&#8221;, [&hellip;]<\/p>\n","protected":false},"author":21,"featured_media":0,"comment_status":"closed","ping_status":"closed","sticky":false,"template":"","format":"standard","meta":{"footnotes":""},"categories":[2],"tags":[133,35,610,521],"ods":[],"class_list":["post-147011","post","type-post","status-publish","format-standard","hentry","category-noticias","tag-ciclismo","tag-esporte-e-lazer","tag-jogos-regionais","tag-jogos-regionais-jundiai-2015"],"_links":{"self":[{"href":"https:\/\/jundiai.sp.gov.br\/noticias\/wp-json\/wp\/v2\/posts\/147011","targetHints":{"allow":["GET"]}}],"collection":[{"href":"https:\/\/jundiai.sp.gov.br\/noticias\/wp-json\/wp\/v2\/posts"}],"about":[{"href":"https:\/\/jundiai.sp.gov.br\/noticias\/wp-json\/wp\/v2\/types\/post"}],"author":[{"embeddable":true,"href":"https:\/\/jundiai.sp.gov.br\/noticias\/wp-json\/wp\/v2\/users\/21"}],"replies":[{"embeddable":true,"href":"https:\/\/jundiai.sp.gov.br\/noticias\/wp-json\/wp\/v2\/comments?post=147011"}],"version-history":[{"count":4,"href":"https:\/\/jundiai.sp.gov.br\/noticias\/wp-json\/wp\/v2\/posts\/147011\/revisions"}],"predecessor-version":[{"id":147017,"href":"https:\/\/jundiai.sp.gov.br\/noticias\/wp-json\/wp\/v2\/posts\/147011\/revisions\/147017"}],"wp:attachment":[{"href":"https:\/\/jundiai.sp.gov.br\/noticias\/wp-json\/wp\/v2\/media?parent=147011"}],"wp:term":[{"taxonomy":"category","embeddable":true,"href":"https:\/\/jundiai.sp.gov.br\/noticias\/wp-json\/wp\/v2\/categories?post=147011"},{"taxonomy":"post_tag","embeddable":true,"href":"https:\/\/jundiai.sp.gov.br\/noticias\/wp-json\/wp\/v2\/tags?post=147011"},{"taxonomy":"ods","embeddable":true,"href":"https:\/\/jundiai.sp.gov.br\/noticias\/wp-json\/wp\/v2\/ods?post=147011"}],"curies":[{"name":"wp","href":"https:\/\/api.w.org\/{rel}","templated":true}]}}