{"id":147019,"date":"2015-07-04T21:12:07","date_gmt":"2015-07-05T00:12:07","guid":{"rendered":"https:\/\/jundiai.sp.gov.br\/noticias\/?p=147019"},"modified":"2016-11-04T11:41:19","modified_gmt":"2016-11-04T13:41:19","slug":"jogos-handebol-feminino-massacra-de-novo-marcando-73-a-0","status":"publish","type":"post","link":"https:\/\/jundiai.sp.gov.br\/noticias\/2015\/07\/04\/jogos-handebol-feminino-massacra-de-novo-marcando-73-a-0\/","title":{"rendered":"Handebol feminino massacra de novo, marcando 73 a 0"},"content":{"rendered":"<p><strong>Jundia\u00ed fez bonito novamente no handebol feminino, goleando Mairinque por impressionantes 73 a 0 e confirmando, sem nenhuma dificuldade, a primeira coloca\u00e7\u00e3o no grupo. O jogo deste s\u00e1bado (4) atraiu diversos jundiaienses para as quadras do anexo do Bol\u00e3o. Logo nos primeiros minutos de jogo, Jundia\u00ed j\u00e1 estava com uma dist\u00e2ncia segura no placar e, sem dar chances ao advers\u00e1rio, chegou facilmente aos 33 a 0.<\/strong><\/p>\n<p>No segundo tempo,<strong> Mairinque passou a melhorar na defesa e no ataque, mas Jundia\u00ed continuou fazendo gols sem d\u00f3<\/strong>. Ainda no segundo tempo, Bruna Marujo, camisa 14, sofreu uma contus\u00e3o no rosto ao levar um tapa em decorr\u00eancia de uma jogada, e Rafaela Fernandes, camisa 4, foi expulsa ap\u00f3s levar dois cart\u00f5es amarelos, ambas do time de Mairinque. <strong>O que facilitou ainda mais para o time jundiaiense chegar aos 73 gols.<\/strong><\/p>\n<p><strong><a href=\"https:\/\/www.flickr.com\/photos\/prefeituradejundiai\/sets\/72157655380010406\" target=\"_blank\">CONFIRA AS FOTOS DESTE S\u00c1BADO (4)<\/a><\/strong><\/p>\n<p><strong>MAIS JOGOS REGIONAIS<br \/>\n<a href=\"https:\/\/jundiai.sp.gov.br\/noticias\/2015\/07\/04\/mesmo-sem-jogar-bem-jundiai-avanca-na-malha-e-vai-enfrentar-boituva\/\" target=\"_blank\">Mesmo sem jogar bem, Jundia\u00ed avan\u00e7a na malha<\/a><br \/>\n<a href=\"https:\/\/jundiai.sp.gov.br\/noticias\/2015\/07\/04\/futebol-se-classifica-com-0-a-0-e-vai-encarar-mairinque\/\" target=\"_blank\">Futebol se classifica com 0 a 0 contra Tiet\u00ea e avan\u00e7a<\/a><br \/>\n<a href=\"https:\/\/jundiai.sp.gov.br\/noticias\/2015\/07\/04\/capoeira-traz-o-primeiro-titulo-de-campea-para-jundiai\/\" target=\"_blank\">Capoeira traz o primeiro t\u00edtulo de campe\u00e3 para Jundia\u00ed<\/a><\/strong><\/p>\n<div id=\"attachment_1624\" style=\"width: 1250px\" class=\"wp-caption aligncenter\"><a href=\"http:\/\/jogosregionais.jundiai.sp.gov.br\/wp-content\/uploads\/2015\/07\/Handebbol-Feminino-Jundia\u00ed-x-Mairinque-D-34g.jpg\"><img loading=\"lazy\" decoding=\"async\" aria-describedby=\"caption-attachment-1624\" src=\"http:\/\/jogosregionais.jundiai.sp.gov.br\/wp-content\/uploads\/2015\/07\/Handebbol-Feminino-Jundia\u00ed-x-Mairinque-D-34g.jpg\" alt=\"Mariana fez tr\u00eas gols e foi um dos destaques na goleada\" width=\"1240\" height=\"893\" class=\"size-full wp-image-1624\" \/><\/a><p id=\"caption-attachment-1624\" class=\"wp-caption-text\">Mariana fez tr\u00eas gols e foi um dos destaques na goleada<\/p><\/div>\n<p>Segundo Rita de C\u00e1ssia Orsi, t\u00e9cnica do time de Jundia\u00ed, <strong>esse placar n\u00e3o \u00e9 bom para o handebol como modalidade. \u201cEu fico muito chateada de ver um placar desse, mas isso n\u00e3o \u00e9 um panorama geral da modalidade no Estado e no Pa\u00eds<\/strong>\u201d. Ela ainda afirma que <strong>o time tem muito incentivo da cidade, o que motiva a continuar buscando gols<\/strong>. \u201cA nossa atividade \u00e9 sistem\u00e1tica, planejada e tem uma continuidade de anos. O programa de handebol feminino na cidade tem caracter\u00edsticas de forma\u00e7\u00e3o. Ent\u00e3o, <strong>esse resultado n\u00e3o acontece por acaso. Ele vem de rotinas planejadas e estruturadas, com o apoio total da administra\u00e7\u00e3o e parecerias de patrocinadores. Mas teremos jogos muito interessantes contra Itupeva e Tiet\u00ea, que s\u00e3o dois times mais fortes\u201d.<\/strong><\/p>\n<p><strong>O pr\u00f3ximo jogo ser\u00e1 contra Tiet\u00ea, neste domingo (5), no gin\u00e1sio anexo do Bol\u00e3o.<\/strong><\/p>\n<p>A goleira Gabriela Moreschi, de 20 anos, defende Jundia\u00ed ap\u00f3s uma temporada na Dinamarca. Ela jogar\u00e1 pela cidade por mais seis meses e depois segue para a Noruega. Gabriela e todo o time de handebol feminino t\u00eam grandes expectativas para os Jogos Regionais. \u201cA gente quer muito ganhar o ouro. A tradi\u00e7\u00e3o de Jundia\u00ed \u00e9 vencer os Regionais\u201d, disse. <\/p>\n<p><strong>Os gols foram feitos por Francielle (3), Mariana (3), Amanda (9), Clara (3), Milena (6), Gabriela (8), Larissa (4), Jacilene (6), Luana (4), Jaqueline (5), Mariana (3), Jana\u00edna (7), K\u00e1tia Dilmondes (8) e Raelle (3).<\/p>\n<p>Os outros resultados da 1\u00aa Divis\u00e3o deste s\u00e1bado foram: Sorocaba 17 x 19 Itu: Tiet\u00ea 20 x 12 Itupeva; Louveira 18 x 6 Itapeva<\/strong>.<\/p>\n<p><strong><em>Assessoria de Imprensa<br \/>\nFoto: Dorival Pinheiro Filho<\/em><\/strong><\/p>\n","protected":false},"excerpt":{"rendered":"<p>O pr\u00f3ximo jogo da equipe ser\u00e1 contra Tiet\u00ea, neste domingo (5), no gin\u00e1sio anexo do Bol\u00e3o<\/p>\n","protected":false},"author":14,"featured_media":147036,"comment_status":"closed","ping_status":"closed","sticky":false,"template":"","format":"standard","meta":{"footnotes":""},"categories":[2],"tags":[35,121,393,610,521],"ods":[],"class_list":["post-147019","post","type-post","status-publish","format-standard","has-post-thumbnail","hentry","category-noticias","tag-esporte-e-lazer","tag-handebol","tag-handebol-feminino","tag-jogos-regionais","tag-jogos-regionais-jundiai-2015"],"_links":{"self":[{"href":"https:\/\/jundiai.sp.gov.br\/noticias\/wp-json\/wp\/v2\/posts\/147019","targetHints":{"allow":["GET"]}}],"collection":[{"href":"https:\/\/jundiai.sp.gov.br\/noticias\/wp-json\/wp\/v2\/posts"}],"about":[{"href":"https:\/\/jundiai.sp.gov.br\/noticias\/wp-json\/wp\/v2\/types\/post"}],"author":[{"embeddable":true,"href":"https:\/\/jundiai.sp.gov.br\/noticias\/wp-json\/wp\/v2\/users\/14"}],"replies":[{"embeddable":true,"href":"https:\/\/jundiai.sp.gov.br\/noticias\/wp-json\/wp\/v2\/comments?post=147019"}],"version-history":[{"count":2,"href":"https:\/\/jundiai.sp.gov.br\/noticias\/wp-json\/wp\/v2\/posts\/147019\/revisions"}],"predecessor-version":[{"id":147037,"href":"https:\/\/jundiai.sp.gov.br\/noticias\/wp-json\/wp\/v2\/posts\/147019\/revisions\/147037"}],"wp:featuredmedia":[{"embeddable":true,"href":"https:\/\/jundiai.sp.gov.br\/noticias\/wp-json\/wp\/v2\/media\/147036"}],"wp:attachment":[{"href":"https:\/\/jundiai.sp.gov.br\/noticias\/wp-json\/wp\/v2\/media?parent=147019"}],"wp:term":[{"taxonomy":"category","embeddable":true,"href":"https:\/\/jundiai.sp.gov.br\/noticias\/wp-json\/wp\/v2\/categories?post=147019"},{"taxonomy":"post_tag","embeddable":true,"href":"https:\/\/jundiai.sp.gov.br\/noticias\/wp-json\/wp\/v2\/tags?post=147019"},{"taxonomy":"ods","embeddable":true,"href":"https:\/\/jundiai.sp.gov.br\/noticias\/wp-json\/wp\/v2\/ods?post=147019"}],"curies":[{"name":"wp","href":"https:\/\/api.w.org\/{rel}","templated":true}]}}