{"id":147179,"date":"2015-07-06T19:11:43","date_gmt":"2015-07-06T22:11:43","guid":{"rendered":"https:\/\/jundiai.sp.gov.br\/noticias\/?p=147179"},"modified":"2016-11-04T11:41:33","modified_gmt":"2016-11-04T13:41:33","slug":"equipe-feminina-conquista-duas-medalhas-no-mountain-bike","status":"publish","type":"post","link":"https:\/\/jundiai.sp.gov.br\/noticias\/2015\/07\/06\/equipe-feminina-conquista-duas-medalhas-no-mountain-bike\/","title":{"rendered":"Regionais: Equipe feminina conquista duas medalhas no mountain bike"},"content":{"rendered":"<p><strong>A prova de mountain bike, uma das modalidades do atletismo, foi realizada na manh\u00e3 desta segunda-feira (6), na Fazenda Montanhas do Japi, um  circuito desenhado e desenvolvido exclusivamente para a 59\u00b0 edi\u00e7\u00e3o dos Jogos Regionais, num espa\u00e7o particular com 80% de mata atl\u00e2ntica preservada e bem cuidada pela propriet\u00e1ria Hanah Traudi, de 40 anos. <\/p>\n<p>\u201cNa verdade, o Cristiano me&#8217; intimou&#8217;, mais foi bem bacana a vinda dos Jogos aqui. Estou muito feliz por ter ajudado de certa forma\u201d, disse Hanah de forma bem humorada.<\/strong><\/p>\n<p><strong><a href=\"https:\/\/www.flickr.com\/photos\/prefeituradejundiai\/sets\/72157655508550342\" target=\"_blank\">CONFIRA AS FOTOS DESTA SEGUNDA-FEIRA (6)<\/a><\/strong><\/p>\n<p><strong><strong>MAIS JOGOS REGIONAISF<br \/>\n<a href=\"https:\/\/jundiai.sp.gov.br\/noticias\/2015\/07\/05\/futsal-estreia-com-vitoria-em-jogo-empolgante\/\" target=\"_blank\">Futsal estreia com vit\u00f3ria em jogo empolgante<\/a><br \/>\n<strong><a href=\"https:\/\/jundiai.sp.gov.br\/noticias\/2015\/07\/06\/arbitro-apita-os-regionais-de-olho-nas-olimpiadas\/\" target=\"_blank\">\u00c1rbitro apita os Regionais de olho nas Olimp\u00edadas<\/a><br \/>\n<\/strong><a href=\"https:\/\/jundiai.sp.gov.br\/noticias\/2015\/07\/06\/atletas-do-peama-aproveitam-dia-de-sol-e-treinam-no-bolao\/\" target=\"_blank\">Atletas do Peama aproveitam dia de sol e treinam no Bol\u00e3o<\/a><\/strong><\/strong><\/p>\n<div id=\"attachment_1950\" style=\"width: 730px\" class=\"wp-caption aligncenter\"><a href=\"http:\/\/jogosregionais.jundiai.sp.gov.br\/wp-content\/uploads\/2015\/07\/MTB-feminino-primeira-divis\u00e3o-17_G.jpg\"><img loading=\"lazy\" decoding=\"async\" aria-describedby=\"caption-attachment-1950\" src=\"http:\/\/jogosregionais.jundiai.sp.gov.br\/wp-content\/uploads\/2015\/07\/MTB-feminino-primeira-divis\u00e3o-17_G.jpg\" alt=\"Mirella e Bianca no p\u00f3dio, ao lado da atleta de Sorocaba, vencedora da prova\" width=\"720\" height=\"513\" class=\"size-full wp-image-1950\" \/><\/a><p id=\"caption-attachment-1950\" class=\"wp-caption-text\">Mirella e Bianca no p\u00f3dio, ao lado da atleta de Sorocaba, vencedora da prova<\/p><\/div>\n<p>Essa modalidade \u00e9 de muito barro e velocidade e Jundia\u00ed conseguiu duas medalhas, uma de prata, com Mirela Nascimento, de 32 anos, e outra de bronze com Bianca Gon\u00e7alves, de 18. A equipe masculina n\u00e3o conseguiu colocar ningu\u00e9m entre os tr\u00eas primeiros. \u201cHoje (segunda) foi o meu terceiro dia de prova. Eu j\u00e1 venho de duas corridas de speed (velocidade) e o percurso exigia muita t\u00e9cnica e resist\u00eancia nas subidas. O que faltou para mim foi um pouco de for\u00e7a nas pernas devido \u00e0s duas provas que j\u00e1 tinha competido. De qualquer forma, foi minha segunda medalha nos Jogos. Espero ter ajudado a equipe&#8221;, disse Mirela.<\/p>\n<p>J\u00e1 Bianca comemorou o desempenho acima do esperado. &#8220;Fiquei muito feliz com o meu resultado, porque meu objetivo era apenas o de somar pontos para a equipe. Ent\u00e3o, a medalha de bronze me deixou muito feliz, ainda mais com atletas de alto n\u00edvel, como os que est\u00e3o aqui.&#8221;<\/p>\n<p><em><strong>Assessoria de Imprensa<br \/>\nFotos: Fot\u00f3grafos PMJ<\/strong><\/em><\/p>\n","protected":false},"excerpt":{"rendered":"<p>A prova de mountain bike, uma das modalidades do atletismo, foi realizada na manh\u00e3 desta segunda-feira (6), na Fazenda Montanhas do Japi, um circuito desenhado e desenvolvido exclusivamente para a 59\u00b0 edi\u00e7\u00e3o dos Jogos Regionais, num espa\u00e7o particular com 80% de mata atl\u00e2ntica preservada e bem cuidada pela propriet\u00e1ria Hanah Traudi, de 40 anos. \u201cNa [&hellip;]<\/p>\n","protected":false},"author":21,"featured_media":0,"comment_status":"closed","ping_status":"closed","sticky":false,"template":"","format":"standard","meta":{"footnotes":""},"categories":[2],"tags":[104,35,610,521,102],"ods":[],"class_list":["post-147179","post","type-post","status-publish","format-standard","hentry","category-noticias","tag-atletismo","tag-esporte-e-lazer","tag-jogos-regionais","tag-jogos-regionais-jundiai-2015","tag-mountain-bike"],"_links":{"self":[{"href":"https:\/\/jundiai.sp.gov.br\/noticias\/wp-json\/wp\/v2\/posts\/147179","targetHints":{"allow":["GET"]}}],"collection":[{"href":"https:\/\/jundiai.sp.gov.br\/noticias\/wp-json\/wp\/v2\/posts"}],"about":[{"href":"https:\/\/jundiai.sp.gov.br\/noticias\/wp-json\/wp\/v2\/types\/post"}],"author":[{"embeddable":true,"href":"https:\/\/jundiai.sp.gov.br\/noticias\/wp-json\/wp\/v2\/users\/21"}],"replies":[{"embeddable":true,"href":"https:\/\/jundiai.sp.gov.br\/noticias\/wp-json\/wp\/v2\/comments?post=147179"}],"version-history":[{"count":4,"href":"https:\/\/jundiai.sp.gov.br\/noticias\/wp-json\/wp\/v2\/posts\/147179\/revisions"}],"predecessor-version":[{"id":147302,"href":"https:\/\/jundiai.sp.gov.br\/noticias\/wp-json\/wp\/v2\/posts\/147179\/revisions\/147302"}],"wp:attachment":[{"href":"https:\/\/jundiai.sp.gov.br\/noticias\/wp-json\/wp\/v2\/media?parent=147179"}],"wp:term":[{"taxonomy":"category","embeddable":true,"href":"https:\/\/jundiai.sp.gov.br\/noticias\/wp-json\/wp\/v2\/categories?post=147179"},{"taxonomy":"post_tag","embeddable":true,"href":"https:\/\/jundiai.sp.gov.br\/noticias\/wp-json\/wp\/v2\/tags?post=147179"},{"taxonomy":"ods","embeddable":true,"href":"https:\/\/jundiai.sp.gov.br\/noticias\/wp-json\/wp\/v2\/ods?post=147179"}],"curies":[{"name":"wp","href":"https:\/\/api.w.org\/{rel}","templated":true}]}}