{"id":147310,"date":"2015-07-07T20:51:04","date_gmt":"2015-07-07T23:51:04","guid":{"rendered":"https:\/\/jundiai.sp.gov.br\/noticias\/?p=147310"},"modified":"2016-11-04T11:36:05","modified_gmt":"2016-11-04T13:36:05","slug":"jundiai-estreia-com-vitoria-facil-no-basquete-masculino","status":"publish","type":"post","link":"https:\/\/jundiai.sp.gov.br\/noticias\/2015\/07\/07\/jundiai-estreia-com-vitoria-facil-no-basquete-masculino\/","title":{"rendered":"Regionais: Jundia\u00ed estreia com vit\u00f3ria f\u00e1cil no basquete masculino"},"content":{"rendered":"<p><strong>O time de basquete masculino iniciou a trajet\u00f3ria nos <a href=\"http:\/\/jogosregionais.jundiai.sp.gov.br\/\" target=\"_blank\">59\u00ba Jogos Regionais<\/a> com vit\u00f3ria f\u00e1cil sobre Boituva, por 108 a 34, no Complexo Poliesportivo Doutor Nicolino de Lucca, o Bol\u00e3o. O cestinha foi Cid\u00e3o, com 16 pontos. Jundia\u00ed volta \u00e0 quadra nesta quarta-feira (8), \u00e0s 19h, tamb\u00e9m no Bol\u00e3o, contra Avar\u00e9. <\/strong><\/p>\n<p><strong><a href=\"https:\/\/www.flickr.com\/photos\/prefeituradejundiai\/sets\/72157655169760418\" target=\"_blank\">CONFIRA AS FOTOS DESTA TER\u00c7A-FEIRA (7)<\/a><\/strong><\/p>\n<p><strong>MAIS JOGOS REGIONAIS<br \/>\n<a href=\"https:\/\/jundiai.sp.gov.br\/noticias\/2015\/07\/07\/futebol-de-jundiai-bate-sorocaba-e-conquista-ouro\/\" target=\"_blank\">Futebol de Jundia\u00ed bate Sorocaba e conquista ouro<\/a><br \/>\n<a href=\"https:\/\/jundiai.sp.gov.br\/noticias\/2015\/07\/07\/ciclismo-de-jundiai-leva-prata-e-bronze-nos-regionais\/\" target=\"_blank\">Ciclismo de Jundia\u00ed leva prata e bronze nos Regionais<\/a><br \/>\n<a href=\"https:\/\/jundiai.sp.gov.br\/noticias\/2015\/07\/07\/jundiai-estreia-com-vitoria-facil-no-basquete-masculino\/\" target=\"_blank\">Jundia\u00ed estreia com vit\u00f3ria f\u00e1cil no basquete masculino<\/a><br \/>\n<a href=\"https:\/\/jundiai.sp.gov.br\/noticias\/2015\/07\/06\/futsal-feminino-empata-na-estreia-e-nesta-terca-7-joga-apela-vaga\/\" target=\"_blank\">Futsal feminino empata e joga pela vaga na ter\u00e7a-feira(7)<\/a><br \/>\n<a href=\"https:\/\/jundiai.sp.gov.br\/noticias\/2015\/07\/07\/jogos-aos-79-anos-ovidio-montanher-se-dedica-a-marcha-atletica\/\" target=\"_blank\">Aos 79 anos, Ov\u00eddio Montanher se dedica \u00e0 marcha atl\u00e9tica<\/a><\/strong><\/p>\n<p><div id=\"attachment_147369\" style=\"width: 340px\" class=\"wp-caption alignright\"><a href=\"https:\/\/jundiai.sp.gov.br\/noticias\/wp-content\/uploads\/sites\/32\/2015\/07\/Basquete-Masculino-Jundia\u00ed-x-Boituva_D-6g.jpg\"><img loading=\"lazy\" decoding=\"async\" aria-describedby=\"caption-attachment-147369\" src=\"https:\/\/jundiai.sp.gov.br\/noticias\/wp-content\/uploads\/sites\/32\/2015\/07\/Basquete-Masculino-Jundia\u00ed-x-Boituva_D-6g.jpg\" alt=\"Basquete masclino deu show na estreia\" width=\"330\" height=\"370\" class=\"size-full wp-image-147369\" \/><\/a><p id=\"caption-attachment-147369\" class=\"wp-caption-text\">Basquete masclino deu show na estreia<\/p><\/div>Para deixar a partida mais movimentada, o t\u00e9cnico Edison Luiz Mina <strong> mexeu no time por diversas vezes ao longo da competi\u00e7\u00e3o<\/strong>. \u201cBoituva conta com atletas mais jovens e menos experientes. <strong>Fiz algumas altera\u00e7\u00f5es para deixar o jogo mais interessante e colocar ritmo, j\u00e1 que existem diferen\u00e7as gritantes entre as equipes<\/strong>.\u201d<\/p>\n<p>Jundia\u00ed fechou o primeiro quarto com <strong>30 a 4 no placar. No segundo, saltou pra 56 a 12. O terceiro terminou com 89 a 21 e fechou com 108 a 34.<\/strong><\/p>\n<p>O cestinha Cid\u00e3o destacou que <strong>a expectativa para os Regionais \u00e9 positiva. \u201cO primeiro jogo foi contra um advers\u00e1rio inferior, mas o que importa \u00e9 que iniciamos a competi\u00e7\u00e3o de maneira positiva e vamos trabalhar muito para conquistar a vit\u00f3ria\u201d<\/strong>, comentou ele, que est\u00e1 disputando os Regionais pela nona vez.<\/p>\n<p>Lucas Brasil, que marcou 13 pontos, tamb\u00e9m avaliou a partida como<strong> f\u00e1cil. \u201cConseguimos impor e manter um ritmo forte at\u00e9 o final. Agora, a tend\u00eancia \u00e9 pegarmos equipes mais dif\u00edceis pela frente.\u201d<\/strong><\/p>\n<p>Al\u00e9m de Cid\u00e3o e Lucas, tamb\u00e9m se destacaram Hudson, com 15 pontos; e Gabriel com 11. Tamb\u00e9m integram a equipe Kevin, Rafael, Vinicius, Felipe, Paulo, Luan, Guilherme e Caio.<\/p>\n<p><strong><em>Luana Dias<br \/>\nFoto: Dorival Pinheiro Filho<\/em><\/strong><\/p>\n","protected":false},"excerpt":{"rendered":"<p>O time de basquete masculino iniciou a trajet\u00f3ria nos 59\u00ba Jogos Regionais com vit\u00f3ria f\u00e1cil sobre Boituva, por 108 a 34, no Complexo Poliesportivo Doutor Nicolino de Lucca, o Bol\u00e3o. O cestinha foi Cid\u00e3o, com 16 pontos. Jundia\u00ed volta \u00e0 quadra nesta quarta-feira (8), \u00e0s 19h, tamb\u00e9m no Bol\u00e3o, contra Avar\u00e9. CONFIRA AS FOTOS DESTA [&hellip;]<\/p>\n","protected":false},"author":14,"featured_media":147362,"comment_status":"closed","ping_status":"closed","sticky":false,"template":"","format":"standard","meta":{"footnotes":""},"categories":[2],"tags":[106,404,35,610,521],"ods":[],"class_list":["post-147310","post","type-post","status-publish","format-standard","has-post-thumbnail","hentry","category-noticias","tag-basquete","tag-basquete-masculino","tag-esporte-e-lazer","tag-jogos-regionais","tag-jogos-regionais-jundiai-2015"],"_links":{"self":[{"href":"https:\/\/jundiai.sp.gov.br\/noticias\/wp-json\/wp\/v2\/posts\/147310","targetHints":{"allow":["GET"]}}],"collection":[{"href":"https:\/\/jundiai.sp.gov.br\/noticias\/wp-json\/wp\/v2\/posts"}],"about":[{"href":"https:\/\/jundiai.sp.gov.br\/noticias\/wp-json\/wp\/v2\/types\/post"}],"author":[{"embeddable":true,"href":"https:\/\/jundiai.sp.gov.br\/noticias\/wp-json\/wp\/v2\/users\/14"}],"replies":[{"embeddable":true,"href":"https:\/\/jundiai.sp.gov.br\/noticias\/wp-json\/wp\/v2\/comments?post=147310"}],"version-history":[{"count":9,"href":"https:\/\/jundiai.sp.gov.br\/noticias\/wp-json\/wp\/v2\/posts\/147310\/revisions"}],"predecessor-version":[{"id":147431,"href":"https:\/\/jundiai.sp.gov.br\/noticias\/wp-json\/wp\/v2\/posts\/147310\/revisions\/147431"}],"wp:featuredmedia":[{"embeddable":true,"href":"https:\/\/jundiai.sp.gov.br\/noticias\/wp-json\/wp\/v2\/media\/147362"}],"wp:attachment":[{"href":"https:\/\/jundiai.sp.gov.br\/noticias\/wp-json\/wp\/v2\/media?parent=147310"}],"wp:term":[{"taxonomy":"category","embeddable":true,"href":"https:\/\/jundiai.sp.gov.br\/noticias\/wp-json\/wp\/v2\/categories?post=147310"},{"taxonomy":"post_tag","embeddable":true,"href":"https:\/\/jundiai.sp.gov.br\/noticias\/wp-json\/wp\/v2\/tags?post=147310"},{"taxonomy":"ods","embeddable":true,"href":"https:\/\/jundiai.sp.gov.br\/noticias\/wp-json\/wp\/v2\/ods?post=147310"}],"curies":[{"name":"wp","href":"https:\/\/api.w.org\/{rel}","templated":true}]}}