{"id":147345,"date":"2015-07-07T20:41:05","date_gmt":"2015-07-07T23:41:05","guid":{"rendered":"https:\/\/jundiai.sp.gov.br\/noticias\/?p=147345"},"modified":"2016-11-04T11:36:04","modified_gmt":"2016-11-04T13:36:04","slug":"atletismo-jundiaiense-lidera-no-masculino-e-feminino","status":"publish","type":"post","link":"https:\/\/jundiai.sp.gov.br\/noticias\/2015\/07\/07\/atletismo-jundiaiense-lidera-no-masculino-e-feminino\/","title":{"rendered":"Regionais: Atletismo jundiaiense lidera no masculino e feminino"},"content":{"rendered":"<div id=\"attachment_147346\" style=\"width: 290px\" class=\"wp-caption alignleft\"><a href=\"https:\/\/jundiai.sp.gov.br\/noticias\/wp-content\/uploads\/sites\/32\/2015\/07\/Atletismo-326-G.jpg\"><img loading=\"lazy\" decoding=\"async\" aria-describedby=\"caption-attachment-147346\" class=\"size-full wp-image-147346\" src=\"https:\/\/jundiai.sp.gov.br\/noticias\/wp-content\/uploads\/sites\/32\/2015\/07\/Atletismo-326-G.jpg\" alt=\"Drielli ganhou ouro nos 5000 metros rasos\" width=\"280\" height=\"300\" \/><\/a><p id=\"caption-attachment-147346\" class=\"wp-caption-text\">Mayara Oliveira e sua medalha<\/p><\/div>\n<p><strong>O atletismo de Jundia\u00ed come\u00e7ou bem a disputa dos <a href=\"http:\/\/jogosregionais.jundiai.sp.gov.br\/\" target=\"_blank\"><a href=\"http:\/\/jogosregionais.jundiai.sp.gov.br\/\" target=\"_blank\">Jogos Regionais<\/a><\/a>. No primeiro dia de provas, tanto a equipe masculina quanto a feminina terminaram na primeira coloca\u00e7\u00e3o. O masculino somou 88 pontos, contra 85 de Sorocaba e 73 de S\u00e3o Roque. No feminino, Jundia\u00ed fez 126 pontos, Sorocaba 76 e S\u00e3o Roque 74.<br \/>\n<\/strong><\/p>\n<p><strong><a href=\"https:\/\/www.flickr.com\/photos\/prefeituradejundiai\/sets\/72157655169760418\" target=\"_blank\">CONFIRA AS FOTOS DESTA TER\u00c7A-FEIRA (7)<\/a><\/strong><\/p>\n<p><strong><strong>MAIS JOGOS REGIONAIS<br \/>\n<a href=\"https:\/\/jundiai.sp.gov.br\/noticias\/2015\/07\/07\/volei-de-praia-de-jundiai-vence-por-wo-na-estreia\/\" target=\"_blank\">V\u00f4lei de praia de Jundia\u00ed vence por WO na estreia<\/a><\/strong><\/strong><br \/>\n<strong><a href=\"https:\/\/jundiai.sp.gov.br\/noticias\/2015\/07\/07\/jundiai-estreia-com-vitoria-facil-no-basquete-masculino\/\" target=\"_blank\">Jundia\u00ed estreia com vit\u00f3ria f\u00e1cil no basquete masculino<\/a><br \/>\n<\/strong><br \/>\n<strong>O masculino fechou o dia de disputas com cinco medalhas de ouro<\/strong>, que vieram com Maicon Almeida (800 metros rasos), William Bonfim (lan\u00e7amento do martelo), Maikon Pedro Oliveira (400 metros rasos), Paulo Henrique (lan\u00e7amento do dardo) e Thierles dos Santos (5.000 metros rasos).<\/p>\n<p><strong>J\u00e1 o feminino ganhou seis medalhas douradas<\/strong>, com Lurdes Fernanda Souza (800 metros rasos), Drielle Nunes (5000 metros rasos), Tha\u00eds Alves Aguiar (lan\u00e7amento do dardo), Gislaine Cristina (salto com vara), Jennifer Fernandes (3 km de marcha atl\u00e9tica) e Mayra dos Santos (400 metros asos).<\/p>\n<div id=\"attachment_147347\" style=\"width: 290px\" class=\"wp-caption alignright\"><a href=\"https:\/\/jundiai.sp.gov.br\/noticias\/wp-content\/uploads\/sites\/32\/2015\/07\/Atletismo-376-G.jpg\"><img loading=\"lazy\" decoding=\"async\" aria-describedby=\"caption-attachment-147347\" class=\"size-full wp-image-147347\" src=\"https:\/\/jundiai.sp.gov.br\/noticias\/wp-content\/uploads\/sites\/32\/2015\/07\/Atletismo-376-G.jpg\" alt=\"A marcha atl\u00e9tica conseguiu prata com Gislaine e ouro com Jennifer\" width=\"280\" height=\"300\" \/><\/a><p id=\"caption-attachment-147347\" class=\"wp-caption-text\">A marcha atl\u00e9tica conseguiu prata com Gislaine e ouro com Jennifer<\/p><\/div>\n<p><strong>Jundia\u00ed ainda conquistou medalhas de prata <\/strong>com Pedro Vin\u00edcius (lan\u00e7amento de dardo) e Maykon Pedro Oliveira (800 metros rasos), Gislaine Cristina (3 km de marcha atl\u00e9tica) <strong>e bronze <\/strong>com a equipe formada por Gislaine Cristina, Lorena Silva, Mayara Oliveira e Monique Benedito (revezamento 4 x 100 metros), Mayra Odete Amorin (100 metros com barreira) e Alex Albano (400 metros rasos).<\/p>\n<p><strong>As competi\u00e7\u00f5es de atletismo prosseguem nesta quarta-feira (8), a partir das 8 horas, na pista do Complexo Poliesportivo Dr. Nicolino de Lucca, o Bol\u00e3o.<\/strong><\/p>\n<p><strong><em>Assessoria de Imprensa<br \/>\nFotos: Fot\u00f3grafos PMJ<\/em><\/strong><\/p>\n","protected":false},"excerpt":{"rendered":"<p>O atletismo de Jundia\u00ed come\u00e7ou bem a disputa dos Jogos Regionais. No primeiro dia de provas, tanto a equipe masculina quanto a feminina terminaram na primeira coloca\u00e7\u00e3o. O masculino somou 88 pontos, contra 85 de Sorocaba e 73 de S\u00e3o Roque. No feminino, Jundia\u00ed fez 126 pontos, Sorocaba 76 e S\u00e3o Roque 74. CONFIRA AS [&hellip;]<\/p>\n","protected":false},"author":21,"featured_media":0,"comment_status":"closed","ping_status":"closed","sticky":false,"template":"","format":"standard","meta":{"footnotes":""},"categories":[2],"tags":[104,546,545,35,610,521],"ods":[],"class_list":["post-147345","post","type-post","status-publish","format-standard","hentry","category-noticias","tag-atletismo","tag-atletismo-feminino","tag-atletismo-masculino","tag-esporte-e-lazer","tag-jogos-regionais","tag-jogos-regionais-jundiai-2015"],"_links":{"self":[{"href":"https:\/\/jundiai.sp.gov.br\/noticias\/wp-json\/wp\/v2\/posts\/147345","targetHints":{"allow":["GET"]}}],"collection":[{"href":"https:\/\/jundiai.sp.gov.br\/noticias\/wp-json\/wp\/v2\/posts"}],"about":[{"href":"https:\/\/jundiai.sp.gov.br\/noticias\/wp-json\/wp\/v2\/types\/post"}],"author":[{"embeddable":true,"href":"https:\/\/jundiai.sp.gov.br\/noticias\/wp-json\/wp\/v2\/users\/21"}],"replies":[{"embeddable":true,"href":"https:\/\/jundiai.sp.gov.br\/noticias\/wp-json\/wp\/v2\/comments?post=147345"}],"version-history":[{"count":22,"href":"https:\/\/jundiai.sp.gov.br\/noticias\/wp-json\/wp\/v2\/posts\/147345\/revisions"}],"predecessor-version":[{"id":147482,"href":"https:\/\/jundiai.sp.gov.br\/noticias\/wp-json\/wp\/v2\/posts\/147345\/revisions\/147482"}],"wp:attachment":[{"href":"https:\/\/jundiai.sp.gov.br\/noticias\/wp-json\/wp\/v2\/media?parent=147345"}],"wp:term":[{"taxonomy":"category","embeddable":true,"href":"https:\/\/jundiai.sp.gov.br\/noticias\/wp-json\/wp\/v2\/categories?post=147345"},{"taxonomy":"post_tag","embeddable":true,"href":"https:\/\/jundiai.sp.gov.br\/noticias\/wp-json\/wp\/v2\/tags?post=147345"},{"taxonomy":"ods","embeddable":true,"href":"https:\/\/jundiai.sp.gov.br\/noticias\/wp-json\/wp\/v2\/ods?post=147345"}],"curies":[{"name":"wp","href":"https:\/\/api.w.org\/{rel}","templated":true}]}}