{"id":147449,"date":"2015-07-08T17:32:56","date_gmt":"2015-07-08T20:32:56","guid":{"rendered":"https:\/\/jundiai.sp.gov.br\/noticias\/?p=147449"},"modified":"2016-11-04T11:36:06","modified_gmt":"2016-11-04T13:36:06","slug":"futuro-da-agua-exige-tambem-apoio-a-propriedades-rurais","status":"publish","type":"post","link":"https:\/\/jundiai.sp.gov.br\/noticias\/2015\/07\/08\/futuro-da-agua-exige-tambem-apoio-a-propriedades-rurais\/","title":{"rendered":"Futuro da \u00e1gua exige tamb\u00e9m apoio a propriedades rurais"},"content":{"rendered":"<p><strong>A no\u00e7\u00e3o de uma cidade autossuficiente em \u00e1gua \u00e9 um dos mitos atingidos por levantamentos do Plano Diretor Participativo. Em 2014, apesar de toda a estrutura avan\u00e7ada e de uma barragem com capacidade de reserva para dois meses, houve capta\u00e7\u00e3o em todos os dias do ano nas bombas instaladas no rio Atibaia. Esse alerta refor\u00e7a a import\u00e2ncia da aten\u00e7\u00e3o com o tema.<\/strong><\/p>\n<div id=\"attachment_147450\" style=\"width: 730px\" class=\"wp-caption aligncenter\"><a href=\"https:\/\/jundiai.sp.gov.br\/noticias\/wp-content\/uploads\/sites\/32\/2015\/07\/mapa-areas-agricolas_G.jpg\"><img loading=\"lazy\" decoding=\"async\" aria-describedby=\"caption-attachment-147450\" class=\"size-large wp-image-147450\" src=\"https:\/\/jundiai.sp.gov.br\/noticias\/wp-content\/uploads\/sites\/32\/2015\/07\/mapa-areas-agricolas_G-720x540.jpg\" alt=\"Mapeamento coincide boa parte das \u00e1reas agr\u00edcolas com \u00e1reas de mananciais de \u00e1gua\" width=\"720\" height=\"540\" srcset=\"https:\/\/jundiai.sp.gov.br\/noticias\/wp-content\/uploads\/sites\/32\/2015\/07\/mapa-areas-agricolas_G-720x540.jpg 720w, https:\/\/jundiai.sp.gov.br\/noticias\/wp-content\/uploads\/sites\/32\/2015\/07\/mapa-areas-agricolas_G-300x225.jpg 300w, https:\/\/jundiai.sp.gov.br\/noticias\/wp-content\/uploads\/sites\/32\/2015\/07\/mapa-areas-agricolas_G.jpg 1240w\" sizes=\"auto, (max-width: 720px) 100vw, 720px\" \/><\/a><p id=\"caption-attachment-147450\" class=\"wp-caption-text\">Mapeamento coincide boa parte das \u00e1reas agr\u00edcolas com \u00e1reas de mananciais de \u00e1gua<\/p><\/div>\n<p>O conceito excessivo sobre as reservas de \u00e1gua, usado por alguns anos na cidade, tamb\u00e9m desmorona outro mito que \u00e9 a no\u00e7\u00e3o de que a qualidade de vida prescinde do est\u00edmulo para o desenvolvimento agr\u00edcola e rural como atividade essencial no s\u00e9culo 21. Os grandes bairros rurais, n\u00e3o por acaso, coincidem com as bacias h\u00eddricas do rio Jundia\u00ed-Mirim (que abastece 98% da popula\u00e7\u00e3o) e do rio Capivari (que forma mananciais para cidades vizinhas).<\/p>\n<p>A ocupa\u00e7\u00e3o urbana desordenada nessas regi\u00f5es do munic\u00edpio pode comprometer o futuro dos moradores da cidade e de sua economia, pois empresas industriais, comerciais ou de servi\u00e7os n\u00e3o funcionam sem \u00e1gua. O cen\u00e1rio extremo de 2014 mostrou que a depend\u00eancia do rio Atibaia, parte do Sistema Cantareira, pode gerar risco de colapso diante de anormalidades clim\u00e1ticas.<\/p>\n<p>O reflorestamento das bacias desses rios, assim como o apoio para propriet\u00e1rios rurais desenvolverem novas formas de conserva\u00e7\u00e3o das nascentes, \u00e9 uma necessidade contempor\u00e2nea no munic\u00edpio. Com o entendimento de que existe uma rela\u00e7\u00e3o intensa entre produ\u00e7\u00e3o de \u00e1gua e atividades rurais tamb\u00e9m ficam claros outros servi\u00e7os ambientais, c\u00eanicos ou de turismo desempenhados nessas \u00e1reas para a comunidade como um todo.<\/p>\n<div id=\"attachment_147451\" style=\"width: 269px\" class=\"wp-caption alignright\"><a href=\"https:\/\/jundiai.sp.gov.br\/noticias\/wp-content\/uploads\/sites\/32\/2015\/07\/BonecoPD_01_G.jpg\"><img loading=\"lazy\" decoding=\"async\" aria-describedby=\"caption-attachment-147451\" class=\"size-medium wp-image-147451\" src=\"https:\/\/jundiai.sp.gov.br\/noticias\/wp-content\/uploads\/sites\/32\/2015\/07\/BonecoPD_01_G-300x347.jpg\" alt=\" S\u00e9rie traz semanalmente dados em uso na elabora\u00e7\u00e3o da proposta de governo\" width=\"259\" height=\"300\" srcset=\"https:\/\/jundiai.sp.gov.br\/noticias\/wp-content\/uploads\/sites\/32\/2015\/07\/BonecoPD_01_G-300x347.jpg 300w, https:\/\/jundiai.sp.gov.br\/noticias\/wp-content\/uploads\/sites\/32\/2015\/07\/BonecoPD_01_G-720x833.jpg 720w, https:\/\/jundiai.sp.gov.br\/noticias\/wp-content\/uploads\/sites\/32\/2015\/07\/BonecoPD_01_G.jpg 1240w\" sizes=\"auto, (max-width: 259px) 100vw, 259px\" \/><\/a><p id=\"caption-attachment-147451\" class=\"wp-caption-text\"><br \/>S\u00e9rie traz semanalmente dados em uso na elabora\u00e7\u00e3o da proposta de governo<\/p><\/div>\n<p><strong>LEIA TAMB\u00c9M<\/strong><br \/>\n<a href=\"https:\/\/jundiai.sp.gov.br\/noticias\/2015\/07\/03\/um-simbolo-de-jundiai-ilumina-o-plano-diretor\/\" target=\"_blank\"><strong> Um s\u00edmbolo de Jundia\u00ed \u2018ilumina\u2019 o Plano Diretor<\/strong><\/a><\/p>\n<p>Esses dados s\u00e3o parte dos subs\u00eddios para a elabora\u00e7\u00e3o da proposta de governo que ser\u00e1 apresentada aos moradores no 2\u00ba F\u00f3rum do Plano Diretor Participativo.<\/p>\n<p><strong>Veja os objetivos estrat\u00e9gicos definidos:<\/strong><\/p>\n<p><em>1. Preserva\u00e7\u00e3o, Conserva\u00e7\u00e3o e Recupera\u00e7\u00e3o de Ecossistemas H\u00eddricos e Naturais;<\/em><\/p>\n<p><em>2. Prote\u00e7\u00e3o, Promo\u00e7\u00e3o e recupera\u00e7\u00e3o de Bens e Im\u00f3veis de Interesse Hist\u00f3rico Cultural e iniciativas culturais;<\/em><\/p>\n<p><em>3. Prote\u00e7\u00e3o e Promo\u00e7\u00e3o do Desenvolvimento Rural e da Produ\u00e7\u00e3o Agr\u00edcola;<\/em><\/p>\n<p><em>4. Fortalecimento da Base Econ\u00f4mica local;<\/em><\/p>\n<p><em>5. Melhoria na Mobilidade Urbana e nas condi\u00e7\u00f5es de acessibilidade;<\/em><\/p>\n<p><em>6. Regula\u00e7\u00e3o do Uso e Ocupa\u00e7\u00e3o do Solo e da Produ\u00e7\u00e3o Imobili\u00e1ria;<\/em><\/p>\n<p><em>7. Conten\u00e7\u00e3o da Urbaniza\u00e7\u00e3o dispersa e desordenada;<\/em><\/p>\n<p><em>8. Aproveitamento de Im\u00f3veis Ociosos localizados em \u00e1reas urbanas consolidadas;<\/em><\/p>\n<p><em>9. Melhoria das Condi\u00e7\u00f5es Urbanas dos bairros, com oferta adequada de equipamentos de educa\u00e7\u00e3o, sa\u00fade, esporte, lazer e cultura;<\/em><\/p>\n<p><em>10. Provis\u00e3o Habitacional de Interesse Social;<\/em><\/p>\n<p><em>11. Urbaniza\u00e7\u00e3o e regulariza\u00e7\u00e3o fundi\u00e1ria de assentamentos prec\u00e1rios ocupados pela popula\u00e7\u00e3o de baixa renda e de interesse espec\u00edfico;<\/em><\/p>\n<p><em>12. Gest\u00e3o Democr\u00e1tica com fortalecimento da participa\u00e7\u00e3o popular nas decis\u00f5es dos rumos da cidade.<\/em><br \/>\n<strong><br \/>\n<em>Jos\u00e9 Arnaldo de Oliveira<\/em><br \/>\n<em> Fotos: reprodu\u00e7\u00e3o<\/em><\/strong><\/p>\n","protected":false},"excerpt":{"rendered":"<p>A no\u00e7\u00e3o de uma cidade autossuficiente em \u00e1gua \u00e9 um dos mitos atingidos por levantamentos do Plano Diretor Participativo. Em 2014, apesar de toda a estrutura avan\u00e7ada e de uma barragem com capacidade de reserva para dois meses, houve capta\u00e7\u00e3o em todos os dias do ano nas bombas instaladas no rio Atibaia. Esse alerta refor\u00e7a [&hellip;]<\/p>\n","protected":false},"author":11,"featured_media":0,"comment_status":"closed","ping_status":"closed","sticky":false,"template":"","format":"standard","meta":{"footnotes":""},"categories":[2],"tags":[32,559],"ods":[],"class_list":["post-147449","post","type-post","status-publish","format-standard","hentry","category-noticias","tag-planejamento-e-meio-ambiente","tag-plano-diretor-participativo"],"_links":{"self":[{"href":"https:\/\/jundiai.sp.gov.br\/noticias\/wp-json\/wp\/v2\/posts\/147449","targetHints":{"allow":["GET"]}}],"collection":[{"href":"https:\/\/jundiai.sp.gov.br\/noticias\/wp-json\/wp\/v2\/posts"}],"about":[{"href":"https:\/\/jundiai.sp.gov.br\/noticias\/wp-json\/wp\/v2\/types\/post"}],"author":[{"embeddable":true,"href":"https:\/\/jundiai.sp.gov.br\/noticias\/wp-json\/wp\/v2\/users\/11"}],"replies":[{"embeddable":true,"href":"https:\/\/jundiai.sp.gov.br\/noticias\/wp-json\/wp\/v2\/comments?post=147449"}],"version-history":[{"count":2,"href":"https:\/\/jundiai.sp.gov.br\/noticias\/wp-json\/wp\/v2\/posts\/147449\/revisions"}],"predecessor-version":[{"id":147453,"href":"https:\/\/jundiai.sp.gov.br\/noticias\/wp-json\/wp\/v2\/posts\/147449\/revisions\/147453"}],"wp:attachment":[{"href":"https:\/\/jundiai.sp.gov.br\/noticias\/wp-json\/wp\/v2\/media?parent=147449"}],"wp:term":[{"taxonomy":"category","embeddable":true,"href":"https:\/\/jundiai.sp.gov.br\/noticias\/wp-json\/wp\/v2\/categories?post=147449"},{"taxonomy":"post_tag","embeddable":true,"href":"https:\/\/jundiai.sp.gov.br\/noticias\/wp-json\/wp\/v2\/tags?post=147449"},{"taxonomy":"ods","embeddable":true,"href":"https:\/\/jundiai.sp.gov.br\/noticias\/wp-json\/wp\/v2\/ods?post=147449"}],"curies":[{"name":"wp","href":"https:\/\/api.w.org\/{rel}","templated":true}]}}