{"id":147599,"date":"2015-07-09T17:40:02","date_gmt":"2015-07-09T20:40:02","guid":{"rendered":"https:\/\/jundiai.sp.gov.br\/noticias\/?p=147599"},"modified":"2016-11-04T11:23:05","modified_gmt":"2016-11-04T13:23:05","slug":"tenis-fica-com-o-ouro-no-masculino-e-feminino","status":"publish","type":"post","link":"https:\/\/jundiai.sp.gov.br\/noticias\/2015\/07\/09\/tenis-fica-com-o-ouro-no-masculino-e-feminino\/","title":{"rendered":"T\u00eanis fica com o ouro no masculino e feminino"},"content":{"rendered":"<p><strong>O t\u00eanis de campo jundiaiense viveu um dia dourado nesta quinta-feira (9) nas quadras do Clube Jundiaiense. Pela manh\u00e3, o feminino venceu Itupeva por 2 a 0, garantindo o ouro. O masculino tamb\u00e9m conseguiu a vit\u00f3ria, primeiro contra S\u00e3o Roque na semifinal, tamb\u00e9m por 2 a 0, e na final, contra Sorocaba, com nova vit\u00f3ria por 2 a 0.<\/strong><\/p>\n<p><strong>O primeiro ouro veio com o feminino, contra Itupeva<\/strong>. \u00c9rica Drozd iniciou a disputa contra Verena Piccolo e <strong>venceu por 2 sets a 0<\/strong>, com parciais de 6\/0 e 6\/2. Na sequ\u00eancia, foi a vez de Raquel Iotte bater An\u00e1lia Guajardo, tamb\u00e9m por <strong>2 a 0<\/strong>, com parciais de 6\/1 e 6\/2.<\/p>\n<p><strong><a href=\"https:\/\/www.flickr.com\/photos\/prefeituradejundiai\/sets\/72157655673591685\" target=\"_blank\">CONFIRA AS FOTOS DESTA QUINTA-FEIRA (9)<\/a><\/strong><\/p>\n<p><strong>MAIS JOGOS REGIONAIS<br \/>\n<a href=\"https:\/\/jundiai.sp.gov.br\/noticias\/2015\/07\/09\/volei-de-praia-feminino-se-classifica-para-a-final-contra-sorocaba\/\" target=\"_blank\">V\u00f4lei de praia feminino se classifica para a final<\/a><br \/>\n<a href=\"https:\/\/jundiai.sp.gov.br\/noticias\/2015\/07\/08\/regionais-nas-duplas-de-tenis-de-mesa-jundiai-e-ouro-e-prata\/\" target=\"_blank\">Nas duplas de t\u00eanis de mesa, Jundia\u00ed \u00e9 ouro e prata<\/a><br \/>\n<a href=\"https:\/\/jundiai.sp.gov.br\/noticias\/2015\/07\/09\/regionais-bocha-perde-e-vai-jogar-pelo-bronze-nesta-sexta\/\" target=\"_blank\">Bocha perde e vai jogar pelo bronze nesta sexta (10)<\/a><\/strong><\/p>\n<div id=\"attachment_2441\" style=\"width: 1250px\" class=\"wp-caption aligncenter\"><a href=\"http:\/\/jogosregionais.jundiai.sp.gov.br\/wp-content\/uploads\/2015\/07\/Final-T\u00eanis-Feminino-21G.jpg\"><img loading=\"lazy\" decoding=\"async\" aria-describedby=\"caption-attachment-2441\" src=\"http:\/\/jogosregionais.jundiai.sp.gov.br\/wp-content\/uploads\/2015\/07\/Final-T\u00eanis-Feminino-21G.jpg\" alt=\"Erica Drozd venceu f\u00e1cil a partida final diante de Itupeva\" width=\"1240\" height=\"988\" class=\"size-full wp-image-2441\" \/><\/a><p id=\"caption-attachment-2441\" class=\"wp-caption-text\">Erica Drozd venceu f\u00e1cil a partida final diante de Itupeva<\/p><\/div>\n<p><strong>A jornada do masculino pelo ouro come\u00e7ou na semifinal contra S\u00e3o Roque<\/strong>. J\u00falio Silva venceu Andr\u00e9 Gutierrez por<strong> 2 a 0<\/strong>, com parciais de 6\/0 e 6\/0. Depois, Victor Valente fez <strong>2 a 0<\/strong> sobre Eduardo Stefani, parciais de 6\/0 e 6\/0. <\/p>\n<p><strong>Na final, o duelo foi contra Sorocaba<\/strong>, com previs\u00e3o de mais equil\u00edbrio, mas <strong>J\u00falio Silva e Victor Valente voltaram a mostrar sua for\u00e7a<\/strong>. Primeiro, Victor bateu Antonio Flavio Haro por <strong>2 a 0<\/strong>, parciais de 6\/2 e 6\/1. Na sequ\u00eancia, J\u00falio fechou a disputa jogando contra Rafael Souza e fazendo<strong> 2 a 0<\/strong>, com parciais de 6\/1 e 6\/0.<\/p>\n<p><strong>A alegria dos jundiaienses era evidente. &#8220;Representar a cidade \u00e9 um prazer enorme e, apesar da responsabilidade ser maior, vale muito a pena, ainda mais jogando contra alguns garotos que eu vi come\u00e7ar no t\u00eanis&#8221;<\/strong>, disse Julio Silva no alto de sua experi\u00eancia de 36 anos, mais de 20 deles dedicados ao t\u00eanis.<\/p>\n<p>Erica Drozd, de 18 anos, tamb\u00e9m esbanjava felicidade. <strong>&#8220;Jogo t\u00eanis desde os 6 anos e disputo os Jogos desde os 12. Neste ano, era mais importante porque era aqui em Jundia\u00ed, diante de nossa cidade. Vencer \u00e9 muito bom.&#8221;<\/strong><\/p>\n<div id=\"attachment_2440\" style=\"width: 1290px\" class=\"wp-caption aligncenter\"><a href=\"http:\/\/jogosregionais.jundiai.sp.gov.br\/wp-content\/uploads\/2015\/07\/tenis-masculino-5.jpg\"><img loading=\"lazy\" decoding=\"async\" aria-describedby=\"caption-attachment-2440\" src=\"http:\/\/jogosregionais.jundiai.sp.gov.br\/wp-content\/uploads\/2015\/07\/tenis-masculino-5.jpg\" alt=\"A alegria da equipe masculina, campe\u00e3 dos Jogos Regionais\" width=\"1280\" height=\"853\" class=\"size-full wp-image-2440\" \/><\/a><p id=\"caption-attachment-2440\" class=\"wp-caption-text\">A alegria da equipe masculina, campe\u00e3 dos Jogos Regionais<\/p><\/div>\n<p><strong><em>Assessoria de Imprensa<br \/>\nFotos: Fot\u00f3grafos PMJ<\/em><\/strong><\/p>\n","protected":false},"excerpt":{"rendered":"<p>Os atletas \u00c9rica Drozd (foto), Raquel Iotte, J\u00falio Silva e Victor Valente esbanjavam felicidade e facilidade no campo<\/p>\n","protected":false},"author":14,"featured_media":147600,"comment_status":"closed","ping_status":"closed","sticky":false,"template":"","format":"standard","meta":{"footnotes":""},"categories":[2],"tags":[35,392,521,413,414,415],"ods":[],"class_list":["post-147599","post","type-post","status-publish","format-standard","has-post-thumbnail","hentry","category-noticias","tag-esporte-e-lazer","tag-jogos-abertos","tag-jogos-regionais-jundiai-2015","tag-tenis-de-campo","tag-tenis-de-campo-feminino","tag-tenis-de-campo-masculino"],"_links":{"self":[{"href":"https:\/\/jundiai.sp.gov.br\/noticias\/wp-json\/wp\/v2\/posts\/147599","targetHints":{"allow":["GET"]}}],"collection":[{"href":"https:\/\/jundiai.sp.gov.br\/noticias\/wp-json\/wp\/v2\/posts"}],"about":[{"href":"https:\/\/jundiai.sp.gov.br\/noticias\/wp-json\/wp\/v2\/types\/post"}],"author":[{"embeddable":true,"href":"https:\/\/jundiai.sp.gov.br\/noticias\/wp-json\/wp\/v2\/users\/14"}],"replies":[{"embeddable":true,"href":"https:\/\/jundiai.sp.gov.br\/noticias\/wp-json\/wp\/v2\/comments?post=147599"}],"version-history":[{"count":4,"href":"https:\/\/jundiai.sp.gov.br\/noticias\/wp-json\/wp\/v2\/posts\/147599\/revisions"}],"predecessor-version":[{"id":147616,"href":"https:\/\/jundiai.sp.gov.br\/noticias\/wp-json\/wp\/v2\/posts\/147599\/revisions\/147616"}],"wp:featuredmedia":[{"embeddable":true,"href":"https:\/\/jundiai.sp.gov.br\/noticias\/wp-json\/wp\/v2\/media\/147600"}],"wp:attachment":[{"href":"https:\/\/jundiai.sp.gov.br\/noticias\/wp-json\/wp\/v2\/media?parent=147599"}],"wp:term":[{"taxonomy":"category","embeddable":true,"href":"https:\/\/jundiai.sp.gov.br\/noticias\/wp-json\/wp\/v2\/categories?post=147599"},{"taxonomy":"post_tag","embeddable":true,"href":"https:\/\/jundiai.sp.gov.br\/noticias\/wp-json\/wp\/v2\/tags?post=147599"},{"taxonomy":"ods","embeddable":true,"href":"https:\/\/jundiai.sp.gov.br\/noticias\/wp-json\/wp\/v2\/ods?post=147599"}],"curies":[{"name":"wp","href":"https:\/\/api.w.org\/{rel}","templated":true}]}}