{"id":147605,"date":"2015-07-09T17:57:01","date_gmt":"2015-07-09T20:57:01","guid":{"rendered":"https:\/\/jundiai.sp.gov.br\/noticias\/?p=147605"},"modified":"2016-11-04T11:23:04","modified_gmt":"2016-11-04T13:23:04","slug":"regionais-jundiai-e-vice-campea-no-masculino-e-feminino-no-carate","status":"publish","type":"post","link":"https:\/\/jundiai.sp.gov.br\/noticias\/2015\/07\/09\/regionais-jundiai-e-vice-campea-no-masculino-e-feminino-no-carate\/","title":{"rendered":"Regionais: Carat\u00ea \u00e9 vice-campe\u00e3o no masculino e feminino"},"content":{"rendered":"<p><strong>O carat\u00ea masculino e feminino de Jundia\u00ed terminaram em segundo lugar na classifica\u00e7\u00e3o geral dos <a href=\"http:\/\/jogosregionais.jundiai.sp.gov.br\/\" target=\"_blank\">59\u00ba Jogos Regionais<\/a> nesta quinta-feira (9), no Parque Comendador Ant\u00f4nio Carbonari, o Parque da Uva. Sorocaba foi campe\u00e3 e Louveira ficou em terceiro lugar. O time da casa fechou o evento com 14 medalhas: seis de ouro, quatro de prata e quatro de bronze.<\/strong><\/p>\n<p>A competi\u00e7\u00e3o feminina foi a primeira a terminar.<strong> Jundia\u00ed deixou escapar por pouco o t\u00edtulo de campe\u00e3 com apenas dois pontos atr\u00e1s de Sorocaba: 51 a 49<\/strong>. Louveira ficou na terceira posi\u00e7\u00e3o com 48 pontos.<\/p>\n<p><strong><a href=\"https:\/\/www.flickr.com\/photos\/prefeituradejundiai\/sets\/72157655673591685\" target=\"_blank\">CONFIRA AS FOTOS DESTA QUINTA-FEIRA (9)<\/a><\/strong><\/p>\n<p><strong>MAIS JOGOS REGIONAIS<br \/>\n<a href=\"https:\/\/jundiai.sp.gov.br\/noticias\/2015\/07\/09\/tenis-fica-com-o-ouro-no-masculino-e-feminino\/\" target=\"_blank\">T\u00eanis fica com o ouro no masculino e feminino<\/a><br \/>\n<a href=\"https:\/\/jundiai.sp.gov.br\/noticias\/2015\/07\/09\/volei-de-praia-feminino-se-classifica-para-a-final-contra-sorocaba\/\" target=\"_blank\">V\u00f4lei de praia feminino se classifica para a final<\/a><br \/>\n<a href=\"https:\/\/jundiai.sp.gov.br\/noticias\/2015\/07\/09\/regionais-bocha-perde-e-vai-jogar-pelo-bronze-nesta-sexta\/\" target=\"_blank\">Bocha perde e vai jogar pelo bronze nesta sexta (10)<\/a><\/strong><\/p>\n<div id=\"attachment_2458\" style=\"width: 1250px\" class=\"wp-caption aligncenter\"><a href=\"http:\/\/jogosregionais.jundiai.sp.gov.br\/wp-content\/uploads\/2015\/07\/Carate-Giovana-Santos-Fracaro-Ouro-ate-60Kg_P_-3G.jpg\"><img loading=\"lazy\" decoding=\"async\" aria-describedby=\"caption-attachment-2458\" src=\"http:\/\/jogosregionais.jundiai.sp.gov.br\/wp-content\/uploads\/2015\/07\/Carate-Giovana-Santos-Fracaro-Ouro-ate-60Kg_P_-3G.jpg\" alt=\"Giovana Fracaro garantiu a medalha de ouro para Jundia\u00ed\" width=\"1240\" height=\"958\" class=\"size-full wp-image-2458\" \/><\/a><p id=\"caption-attachment-2458\" class=\"wp-caption-text\">Giovana Fracaro garantiu a medalha de ouro para Jundia\u00ed<\/p><\/div>\n<p><strong>As meninas de Jundia\u00ed conquistaram seis medalhas, sendo duas de ouro, duas de prata e duas de bronze<\/strong>. Destaque para <strong>Tayn\u00e1 Cavalheiro, ouro no kata, e Geovana Fracaro, campe\u00e3 na categoria m\u00e9dio (de 53 a 60kg)<\/strong>.<\/p>\n<p><strong>Tamillis Pimenta (leve at\u00e9 53kg) e M\u00e1rcia Mafra (absoluto) levaram prata, enquanto que D\u00e9bora do Prado (categoria pesado, acima de 60kg) faturou bronze. Jundia\u00ed tamb\u00e9m ficou com bronze na luta por equipes.<\/strong><\/p>\n<p><iframe loading=\"lazy\" class=\"alignleft\" width=\"420\" height=\"315\" src=\"https:\/\/www.youtube.com\/embed\/pWnJ68yDXBY\" frameborder=\"0\" allowfullscreen><\/iframe>\u201c<strong>\u00c9 muita emo\u00e7\u00e3o ganhar ouro<\/strong>. Me dediquei ao m\u00e1ximo e consegui meu objetivo\u201d, diz Geovana Fracaro. Tayn\u00e1 Cavalheiro tamb\u00e9m n\u00e3o escondia a felicidade pela medalha. \u201cForam meus primeiros Regionais e achei uma competi\u00e7\u00e3o de alto n\u00edvel t\u00e9cnico. \u00c9 uma experi\u00eancia que vou levar pelo resto de minha vida\u201d, comenta.<\/p>\n<p><strong>Masculino<\/strong><br \/>\n<strong>A equipe masculina de Jundia\u00ed fechou a competi\u00e7\u00e3o com 64 pontos e garantiu o segundo lugar na classifica\u00e7\u00e3o gra\u00e7as a crit\u00e9rios t\u00e9cnicos, uma vez que Louveira (terceira colocada) tamb\u00e9m totalizou 64 pontos. Mais uma vez, Sorocaba garantiu o t\u00edtulo com 67 pontos.<\/strong><\/p>\n<p><strong>Jundia\u00ed totalizou 4 medalhas de ouro, duas de prata e duas de bronze<\/strong>.<strong> Vin\u00edcius Santos (categoria absoluto), Victor Matuszewski (categoria leve at\u00e9 60kg), Willian do Nascimento (meio-leve, 60 a 65kg) e Gabriel Padilha (pesado, acima de 80kg) levaram o ouro. As medalhas de prata sa\u00edram na disputa de equipes e com Eduardo de Oliveira, no meio-pesado, 75 a 80kg.<\/strong><\/p>\n<p><strong>O kata, onde os movimentos s\u00e3o avaliados, garantiu bronze, assim como Bruno Duarte Martins no combate individual, na categoria m\u00e9dio, 65 a 70kg.<br \/>\n<\/strong><br \/>\n\u201cFiquei feliz em fazer minha parte e ajudar Jundia\u00ed na classifica\u00e7\u00e3o. Avalio minha atua\u00e7\u00e3o como muito positiva, principalmente por ser a primeira vez que atuou nos Regionais\u201d, diz o medalhista de ouro Victor Matuszewski.<\/p>\n<p>O t\u00e9cnico Anderson Lu\u00eds Bogniotti, que comanda as equipes masculina e feminina ao lado do irm\u00e3o C\u00e1ssio, <strong>lamentou a perda do primeiro lugar no geral das meninas por apenas dois pontos. \u201cMas a equipe foi muito bem, tudo dentro do que esper\u00e1vamos. O t\u00edtulo escapou nos detalhes\u201d<\/strong>, diz.<\/p>\n<p>Sobre o segundo lugar masculino, Bogniotti <strong>lamentou a perda de um atleta, que acabou desclassificado na pesagem. \u201cMas, num resumo geral, os atletas lutaram de igual para igual com Sorocaba e Louveira, que vieram muito fortes para os jogos\u201d<\/strong>, analisa.<\/p>\n<div id=\"attachment_2459\" style=\"width: 1250px\" class=\"wp-caption aligncenter\"><a href=\"http:\/\/jogosregionais.jundiai.sp.gov.br\/wp-content\/uploads\/2015\/07\/Carate-Gabriel-Padilha_P_-240G.jpg\"><img loading=\"lazy\" decoding=\"async\" aria-describedby=\"caption-attachment-2459\" src=\"http:\/\/jogosregionais.jundiai.sp.gov.br\/wp-content\/uploads\/2015\/07\/Carate-Gabriel-Padilha_P_-240G.jpg\" alt=\"Gabriel Padilha venceu a final contra Sorocaba e tamb\u00e9m ficou com o ouro\" width=\"1240\" height=\"885\" class=\"size-full wp-image-2459\" \/><\/a><p id=\"caption-attachment-2459\" class=\"wp-caption-text\">Gabriel Padilha venceu a final contra Sorocaba e tamb\u00e9m ficou com o ouro<\/p><\/div>\n<p><strong><em>Ivan Lopes<br \/>\nFotos: Paulo Gr\u00e9gio<\/em><\/strong><\/p>\n","protected":false},"excerpt":{"rendered":"<p>O carat\u00ea masculino e feminino de Jundia\u00ed terminaram em segundo lugar na classifica\u00e7\u00e3o geral dos 59\u00ba Jogos Regionais nesta quinta-feira (9), no Parque Comendador Ant\u00f4nio Carbonari, o Parque da Uva. Sorocaba foi campe\u00e3 e Louveira ficou em terceiro lugar. O time da casa fechou o evento com 14 medalhas: seis de ouro, quatro de prata [&hellip;]<\/p>\n","protected":false},"author":14,"featured_media":0,"comment_status":"closed","ping_status":"closed","sticky":false,"template":"","format":"standard","meta":{"footnotes":""},"categories":[2],"tags":[134,397,470,35,610,521],"ods":[],"class_list":["post-147605","post","type-post","status-publish","format-standard","hentry","category-noticias","tag-carate","tag-carate-feminino","tag-carate-masculino","tag-esporte-e-lazer","tag-jogos-regionais","tag-jogos-regionais-jundiai-2015"],"_links":{"self":[{"href":"https:\/\/jundiai.sp.gov.br\/noticias\/wp-json\/wp\/v2\/posts\/147605","targetHints":{"allow":["GET"]}}],"collection":[{"href":"https:\/\/jundiai.sp.gov.br\/noticias\/wp-json\/wp\/v2\/posts"}],"about":[{"href":"https:\/\/jundiai.sp.gov.br\/noticias\/wp-json\/wp\/v2\/types\/post"}],"author":[{"embeddable":true,"href":"https:\/\/jundiai.sp.gov.br\/noticias\/wp-json\/wp\/v2\/users\/14"}],"replies":[{"embeddable":true,"href":"https:\/\/jundiai.sp.gov.br\/noticias\/wp-json\/wp\/v2\/comments?post=147605"}],"version-history":[{"count":7,"href":"https:\/\/jundiai.sp.gov.br\/noticias\/wp-json\/wp\/v2\/posts\/147605\/revisions"}],"predecessor-version":[{"id":147684,"href":"https:\/\/jundiai.sp.gov.br\/noticias\/wp-json\/wp\/v2\/posts\/147605\/revisions\/147684"}],"wp:attachment":[{"href":"https:\/\/jundiai.sp.gov.br\/noticias\/wp-json\/wp\/v2\/media?parent=147605"}],"wp:term":[{"taxonomy":"category","embeddable":true,"href":"https:\/\/jundiai.sp.gov.br\/noticias\/wp-json\/wp\/v2\/categories?post=147605"},{"taxonomy":"post_tag","embeddable":true,"href":"https:\/\/jundiai.sp.gov.br\/noticias\/wp-json\/wp\/v2\/tags?post=147605"},{"taxonomy":"ods","embeddable":true,"href":"https:\/\/jundiai.sp.gov.br\/noticias\/wp-json\/wp\/v2\/ods?post=147605"}],"curies":[{"name":"wp","href":"https:\/\/api.w.org\/{rel}","templated":true}]}}