{"id":147620,"date":"2015-07-09T20:32:24","date_gmt":"2015-07-09T23:32:24","guid":{"rendered":"https:\/\/jundiai.sp.gov.br\/noticias\/?p=147620"},"modified":"2016-11-04T11:23:04","modified_gmt":"2016-11-04T13:23:04","slug":"jundiai-e-varzea-paulista-decidem-o-ouro-no-futsal","status":"publish","type":"post","link":"https:\/\/jundiai.sp.gov.br\/noticias\/2015\/07\/09\/jundiai-e-varzea-paulista-decidem-o-ouro-no-futsal\/","title":{"rendered":"Jundia\u00ed e V\u00e1rzea Paulista decidem o ouro no futsal"},"content":{"rendered":"<p><strong>O futsal masculino de Jundia\u00ed levou a melhor em jogo suado contra Itu, na noite desta quinta-feira (9), no Centro Esportivo Rom\u00e3o de Souza. A vit\u00f3ria por 2 a 1 garantiu aos anfitri\u00f5es a disputa pelo ouro da modalidade nos <a href=\"http:\/\/jogosregionais.jundiai.sp.gov.br\/\" target=\"_blank\">59\u00ba Jogos Regionais<\/a>. A final desta sexta (10), \u00e0s 19h, novamente no Rom\u00e3o, ser\u00e1 contra V\u00e1rzea Paulista, que surpreendeu Sorocaba por 2 a 1 nesta quinta (9).<\/strong><\/p>\n<p>O primeiro gol foi marcado no primeiro tempo por Choco. J\u00e1 o habilidoso e \u00e1gil Shaday fez a rede balan\u00e7ar tr\u00eas minutos ap\u00f3s o in\u00edcio do segundo tempo.<\/p>\n<p><strong><a href=\"https:\/\/www.flickr.com\/photos\/prefeituradejundiai\/sets\/72157655673591685\" target=\"_blank\">CONFIRA AS FOTOS DESTA QUINTA-FEIRA (9)<\/a><\/strong><\/p>\n<p><strong>MAIS JOGOS REGIONAIS<br \/>\n<a href=\"https:\/\/jundiai.sp.gov.br\/noticias\/2015\/07\/09\/como-modalidade-extra-polo-aquatico-e-ouro\/\" target=\"_blank\">Como modalidade extra, polo aqu\u00e1tico \u00e9 ouro<\/a><br \/>\n<a href=\"https:\/\/jundiai.sp.gov.br\/noticias\/2015\/07\/09\/tenis-fica-com-o-ouro-no-masculino-e-feminino\/\" target=\"_blank\">T\u00eanis fica com o ouro no masculino e feminino<\/a><br \/>\n<a href=\"https:\/\/jundiai.sp.gov.br\/noticias\/2015\/07\/09\/jundiai-lidera-atletismo-acd-e-leva-ouro-nos-jogos-regionais\/\" target=\"_blank\">Jundia\u00ed lidera atletismo ACD e leva ouro nos Jogos Regionais<\/a><\/strong><\/p>\n<div id=\"attachment_2487\" style=\"width: 1250px\" class=\"wp-caption aligncenter\"><a href=\"http:\/\/jogosregionais.jundiai.sp.gov.br\/wp-content\/uploads\/2015\/07\/Futsal-masculino-Jundia\u00ed-x-Itu_P-67G.jpg\"><img loading=\"lazy\" decoding=\"async\" aria-describedby=\"caption-attachment-2487\" class=\"size-full wp-image-2487\" src=\"http:\/\/jogosregionais.jundiai.sp.gov.br\/wp-content\/uploads\/2015\/07\/Futsal-masculino-Jundia\u00ed-x-Itu_P-67G.jpg\" alt=\"Shaday voltou a ser decisivo na vit\u00f3ria jundiaiense\" width=\"1240\" height=\"896\" \/><\/a><p id=\"caption-attachment-2487\" class=\"wp-caption-text\">Shaday voltou a ser decisivo na vit\u00f3ria jundiaiense<\/p><\/div>\n<p>Itu, que partiu para o ataque, marcou a apenas 2 minutos e 31 segundos do final da partida. O camisa 2, Darley Fernando, furou a defesa do goleiro Ricardinho e comemorou com os companheiros do time.<\/p>\n<p>A um minuto do final do jogo, o autor do gol de Itu, que j\u00e1 havia levado cart\u00e3o amarelo no primeiro tempo por conta de reclama\u00e7\u00f5es com o juiz, foi expulso ap\u00f3s empurr\u00f5es em Lucas Neto. O cart\u00e3o vermelho gerou confus\u00e3o e, ap\u00f3s novas queixas, Anderson Almeida e Alexandre Silva tamb\u00e9m foram expulsos.<\/p>\n<p>Para Choco, que marcou o primeiro, <strong>a partida foi pesada e, agora, a expectativa para o pr\u00f3ximo advers\u00e1rio \u00e9 grande, <a href=\"http:\/\/jogosregionais.jundiai.sp.gov.br\/2015\/07\/08\/futsal-feminino-vence-masculino-perde-mas-ambos-avancam\/\" target=\"_blank\">j\u00e1 que Jundia\u00ed perdeu para V\u00e1rzea Paulista por 5 a 2 na \u00faltima rodada da primeira fase<\/a>. \u201cVamos jogar com for\u00e7a total. J\u00e1 enfrentamos o time e sabemos que os jogadores s\u00e3o bons. A ideia \u00e9 fazer o melhor e executar o que o treinador pediu.\u201d<\/strong><\/p>\n<p>E o treinador Eduardo Henrique Mendes<strong> avaliou o jogo contra Itu dif\u00edcil e elogiou o bom desempenho do grupo. \u201cA equipe agora incorporou o esp\u00edrito dos Jogos. Est\u00e3o de parab\u00e9ns.\u201d<\/strong> Sobre V\u00e1rzea, assim como Dantas, ele lembrou que <strong>o advers\u00e1rio da final vem forte. \u201cSer\u00e1 um grande jogo. Estamos preparados para as dificuldades.\u201d<\/strong><\/p>\n<p>Al\u00e9m dos jogadores que marcaram gols, os destaques de Jundia\u00ed foram os goleiros Kau\u00ea, que pegou tudo no primeiro tempo; e Ricardinho, que foi bem mas sofreu um gol no final. Eles arrancaram aplausos e gritos de incentivo da torcida. Ambos, que t\u00eam se revezado na equipe, trabalharam muito e contribu\u00edram para o bom resultado do time da casa. \u201cEles t\u00eam feito grandes Regionais. Est\u00e3o aqui porque todo o time confia muito no trabalho deles\u201d, finalizou o t\u00e9cnico.<\/p>\n<p><strong><em>Luana Dias<br \/>\nFoto: Paulo Gr\u00e9gio<\/em><\/strong><\/p>\n","protected":false},"excerpt":{"rendered":"<p>Meninos venceram Itu por 2&#215;1 e voltam \u00e0 quadra do Rom\u00e3o nesta sexta-feira (10), \u00e0s 19h, com previs\u00e3o de casa cheia<\/p>\n","protected":false},"author":14,"featured_media":147623,"comment_status":"closed","ping_status":"closed","sticky":false,"template":"","format":"standard","meta":{"footnotes":""},"categories":[2],"tags":[35,113,412,610,521],"ods":[],"class_list":["post-147620","post","type-post","status-publish","format-standard","has-post-thumbnail","hentry","category-noticias","tag-esporte-e-lazer","tag-futsal","tag-futsal-masculino","tag-jogos-regionais","tag-jogos-regionais-jundiai-2015"],"_links":{"self":[{"href":"https:\/\/jundiai.sp.gov.br\/noticias\/wp-json\/wp\/v2\/posts\/147620","targetHints":{"allow":["GET"]}}],"collection":[{"href":"https:\/\/jundiai.sp.gov.br\/noticias\/wp-json\/wp\/v2\/posts"}],"about":[{"href":"https:\/\/jundiai.sp.gov.br\/noticias\/wp-json\/wp\/v2\/types\/post"}],"author":[{"embeddable":true,"href":"https:\/\/jundiai.sp.gov.br\/noticias\/wp-json\/wp\/v2\/users\/14"}],"replies":[{"embeddable":true,"href":"https:\/\/jundiai.sp.gov.br\/noticias\/wp-json\/wp\/v2\/comments?post=147620"}],"version-history":[{"count":4,"href":"https:\/\/jundiai.sp.gov.br\/noticias\/wp-json\/wp\/v2\/posts\/147620\/revisions"}],"predecessor-version":[{"id":147639,"href":"https:\/\/jundiai.sp.gov.br\/noticias\/wp-json\/wp\/v2\/posts\/147620\/revisions\/147639"}],"wp:featuredmedia":[{"embeddable":true,"href":"https:\/\/jundiai.sp.gov.br\/noticias\/wp-json\/wp\/v2\/media\/147623"}],"wp:attachment":[{"href":"https:\/\/jundiai.sp.gov.br\/noticias\/wp-json\/wp\/v2\/media?parent=147620"}],"wp:term":[{"taxonomy":"category","embeddable":true,"href":"https:\/\/jundiai.sp.gov.br\/noticias\/wp-json\/wp\/v2\/categories?post=147620"},{"taxonomy":"post_tag","embeddable":true,"href":"https:\/\/jundiai.sp.gov.br\/noticias\/wp-json\/wp\/v2\/tags?post=147620"},{"taxonomy":"ods","embeddable":true,"href":"https:\/\/jundiai.sp.gov.br\/noticias\/wp-json\/wp\/v2\/ods?post=147620"}],"curies":[{"name":"wp","href":"https:\/\/api.w.org\/{rel}","templated":true}]}}