{"id":147798,"date":"2015-07-13T14:45:22","date_gmt":"2015-07-13T17:45:22","guid":{"rendered":"https:\/\/jundiai.sp.gov.br\/noticias\/?p=147798"},"modified":"2016-11-04T11:23:09","modified_gmt":"2016-11-04T13:23:09","slug":"inscricoes-para-coral-municipal-podem-ser-feitas-ate-17-de-julho","status":"publish","type":"post","link":"https:\/\/jundiai.sp.gov.br\/noticias\/2015\/07\/13\/inscricoes-para-coral-municipal-podem-ser-feitas-ate-17-de-julho\/","title":{"rendered":"Inscri\u00e7\u00f5es para Coral Municipal podem ser feitas at\u00e9 17 de julho"},"content":{"rendered":"<p><strong>O <a href=\"http:\/\/cultura.jundiai.sp.gov.br\/programas\/coral-municipal-de-jundiai\/\" target=\"_blank\">Coral Municipal de Jundia\u00ed<\/a> est\u00e1 com inscri\u00e7\u00f5es abertas para novos integrantes at\u00e9 17 de julho, na Casa da Cultura. As vagas s\u00e3o para moradores de Jundia\u00ed (homens e mulheres), com mais de 18 anos, com ou sem experi\u00eancia musical. Ao todo, ser\u00e3o selecionados at\u00e9 dez novos integrantes para as vagas de sopranos, contraltos, tenores e baixos, al\u00e9m de at\u00e9 3 suplentes para preenchimento de vagas de desist\u00eancia.<br \/>\n<\/strong><\/p>\n<p><strong>LEIA TAMB\u00c9M<br \/>\n<a href=\"https:\/\/jundiai.sp.gov.br\/noticias\/2015\/07\/10\/prefeitura-em-acao-comeca-com-sexta-no-centro\/\" target=\"_blank\">Prefeitura em A\u00e7\u00e3o come\u00e7a com Sexta no Centro<\/a><br \/>\n<a href=\"https:\/\/jundiai.sp.gov.br\/noticias\/2015\/06\/25\/bandas-regionais-estao-garantidas-no-encontro-de-motociclistas\/\" target=\"_blank\">Bandas regionais v\u00e3o estar no Encontro de Motociclistas<\/a><\/strong><\/p>\n<div id=\"attachment_147800\" style=\"width: 730px\" class=\"wp-caption aligncenter\"><a href=\"https:\/\/jundiai.sp.gov.br\/noticias\/wp-content\/uploads\/sites\/32\/2015\/07\/Coral_Municipal_A_20g1.jpg\"><img loading=\"lazy\" decoding=\"async\" aria-describedby=\"caption-attachment-147800\" class=\"size-full wp-image-147800\" src=\"https:\/\/jundiai.sp.gov.br\/noticias\/wp-content\/uploads\/sites\/32\/2015\/07\/Coral_Municipal_A_20g1.jpg\" alt=\"Ser\u00e3o selecionados dez novos integrantes para o Coral Municipal\" width=\"720\" height=\"513\" \/><\/a><p id=\"caption-attachment-147800\" class=\"wp-caption-text\">Ser\u00e3o selecionados dez novos integrantes para o Coral Municipal<\/p><\/div>\n<p><strong>A sele\u00e7\u00e3o dos inscritos ser\u00e1 feita por meio de testes vocais, que avaliar\u00e3o afina\u00e7\u00e3o, percep\u00e7\u00e3o musical, extens\u00e3o e classifica\u00e7\u00e3o vocal. Os coralistas selecionados n\u00e3o receber\u00e3o nenhum tipo de remunera\u00e7\u00e3o e n\u00e3o ter\u00e3o v\u00ednculo empregat\u00edcio com a municipalidade, permanecendo na condi\u00e7\u00e3o de volunt\u00e1rios. Os ensaios do Coral Municipal de Jundia\u00ed s\u00e3o realizados todas as segundas-feiras, das 19h \u00e0s 21h, exceto feriados, na Pinacoteca Di\u00f3genes Duarte Paes.<\/strong><\/p>\n<p><iframe loading=\"lazy\" class=\"alignright\" width=\"420\" height=\"315\" src=\"https:\/\/www.youtube.com\/embed\/KyE61MXRSJA\" frameborder=\"0\" allowfullscreen><\/iframe>O Coral \u00e9 um programa da <strong><a href=\"http:\/\/cultura.jundiai.sp.gov.br\/\" target=\"_blank\">Secretaria de Cultura<\/a><\/strong> que tem como objetivo difundir o canto coral, por meio da realiza\u00e7\u00e3o de concertos, manter interc\u00e2mbio cultural com outros corais, revelar talentos na \u00e1rea musical e atender \u00e0s demandas culturais do Munic\u00edpio.<\/p>\n<p><strong><a href=\"https:\/\/jundiai.sp.gov.br\/noticias\/wp-content\/uploads\/sites\/32\/2015\/06\/Ficha-Inscricao-2015-2%C2%BASem-coral.pdf\" target=\"_blank\">CONFIRA A FICHA DE INSCRI\u00c7\u00c3O<\/a><\/strong><\/p>\n<p><strong>As inscri\u00e7\u00f5es devem ser feitas na Casa da Cultura<\/strong>, na rua Bar\u00e3o de Jundia\u00ed, 868, Centro, mediante preenchimento e entrega da ficha de inscri\u00e7\u00e3o e c\u00f3pias do comprovante de resid\u00eancia recente e do RG. Mais informa\u00e7\u00f5es pelo telefone (11) 4521-6922 ou 4521\u20131430.<\/p>\n<p><strong><a href=\"http:\/\/imprensaoficial.jundiai.sp.gov.br\/edicao-4064\/\" target=\"_blank\">CONFIRA O EDITAL COMPLETO: IMPRENSA OFICIAL DE 26 DE JUNHO (P\u00c1G. 80 E 81)<\/a><br \/>\n<\/strong><br \/>\n<em><strong>Assessoria de Imprensa<\/strong><\/em><\/p>\n","protected":false},"excerpt":{"rendered":"<p>As vagas s\u00e3o para moradores de Jundia\u00ed, com mais de 18 anos, com ou sem experi\u00eancia musical; inscri\u00e7\u00f5es ser\u00e3o na Casa da Cultura<\/p>\n","protected":false},"author":21,"featured_media":147840,"comment_status":"closed","ping_status":"closed","sticky":false,"template":"","format":"standard","meta":{"footnotes":""},"categories":[2],"tags":[275,29],"ods":[],"class_list":["post-147798","post","type-post","status-publish","format-standard","has-post-thumbnail","hentry","category-noticias","tag-coral-municipal-de-jundiai","tag-cultura"],"_links":{"self":[{"href":"https:\/\/jundiai.sp.gov.br\/noticias\/wp-json\/wp\/v2\/posts\/147798","targetHints":{"allow":["GET"]}}],"collection":[{"href":"https:\/\/jundiai.sp.gov.br\/noticias\/wp-json\/wp\/v2\/posts"}],"about":[{"href":"https:\/\/jundiai.sp.gov.br\/noticias\/wp-json\/wp\/v2\/types\/post"}],"author":[{"embeddable":true,"href":"https:\/\/jundiai.sp.gov.br\/noticias\/wp-json\/wp\/v2\/users\/21"}],"replies":[{"embeddable":true,"href":"https:\/\/jundiai.sp.gov.br\/noticias\/wp-json\/wp\/v2\/comments?post=147798"}],"version-history":[{"count":18,"href":"https:\/\/jundiai.sp.gov.br\/noticias\/wp-json\/wp\/v2\/posts\/147798\/revisions"}],"predecessor-version":[{"id":148003,"href":"https:\/\/jundiai.sp.gov.br\/noticias\/wp-json\/wp\/v2\/posts\/147798\/revisions\/148003"}],"wp:featuredmedia":[{"embeddable":true,"href":"https:\/\/jundiai.sp.gov.br\/noticias\/wp-json\/wp\/v2\/media\/147840"}],"wp:attachment":[{"href":"https:\/\/jundiai.sp.gov.br\/noticias\/wp-json\/wp\/v2\/media?parent=147798"}],"wp:term":[{"taxonomy":"category","embeddable":true,"href":"https:\/\/jundiai.sp.gov.br\/noticias\/wp-json\/wp\/v2\/categories?post=147798"},{"taxonomy":"post_tag","embeddable":true,"href":"https:\/\/jundiai.sp.gov.br\/noticias\/wp-json\/wp\/v2\/tags?post=147798"},{"taxonomy":"ods","embeddable":true,"href":"https:\/\/jundiai.sp.gov.br\/noticias\/wp-json\/wp\/v2\/ods?post=147798"}],"curies":[{"name":"wp","href":"https:\/\/api.w.org\/{rel}","templated":true}]}}