{"id":147902,"date":"2015-07-14T16:33:35","date_gmt":"2015-07-14T19:33:35","guid":{"rendered":"https:\/\/jundiai.sp.gov.br\/noticias\/?p=147902"},"modified":"2016-11-04T11:23:14","modified_gmt":"2016-11-04T13:23:14","slug":"prefeito-deseja-boa-sorte-a-atletas-que-vao-aos-jogos-olimpicos-especiais","status":"publish","type":"post","link":"https:\/\/jundiai.sp.gov.br\/noticias\/2015\/07\/14\/prefeito-deseja-boa-sorte-a-atletas-que-vao-aos-jogos-olimpicos-especiais\/","title":{"rendered":"Prefeito deseja boa sorte a atletas dos Jogos Ol\u00edmpicos Especiais"},"content":{"rendered":"<p><strong>O sentimento estampado no semblante de cada atleta, t\u00e9cnico e incentivadores contagia pela alegria, determina\u00e7\u00e3o e expectativa pela adrenalina do desafio vencido. O resultado em terras distantes motiva, mas a \u00e1rdua trajet\u00f3ria para fazer parte do grupo que vai estar na <a href=\"http:\/\/www.specialolympics.org\/los-angeles-2015.aspx\" target=\"_blank\">Special Olympics<\/a> (Jogos Mundiais Ol\u00edmpicos Especiais), em Los Angeles, nos Estados Unidos, j\u00e1 \u00e9 uma vit\u00f3ria. E esse entusiasmo dos atletas de Jundia\u00ed que v\u00e3o defender o Brasil ficou ainda mais evidente com os votos de boa sorte do prefeito Pedro Bigardi durante a visita na manh\u00e3 nesta ter\u00e7a-feira (14).<\/p>\n<p>\u201c\u00c9 um exemplo extraordin\u00e1rio para todos n\u00f3s. S\u00e3o pessoas vencedoras, que representar\u00e3o com dedica\u00e7\u00e3o e amor o nome do Brasil e de Jundia\u00ed. \u00c9 uma experi\u00eancia \u00fanica de inclus\u00e3o\u201d, diz o prefeito.<\/strong><\/p>\n<p><strong>LEIA TAMB\u00c9M<br \/>\n<a href=\"https:\/\/jundiai.sp.gov.br\/noticias\/2015\/07\/11\/59o-jogos-regionais-tem-encerramento-de-ouro\/\" target=\"_blank\">59\u00ba Jogos Regionais t\u00eam encerramento de ouro<\/a><br \/>\n<a href=\"https:\/\/jundiai.sp.gov.br\/noticias\/2015\/07\/11\/basquete-feminino-de-jundiai-mantem-hegemonia\/\" target=\"_blank\">Basquete feminino de Jundia\u00ed mant\u00e9m hegemonia<\/a><br \/>\n<a href=\"https:\/\/jundiai.sp.gov.br\/noticias\/2015\/07\/13\/atleta-da-gm-fica-em-2o-na-corrida-9-de-julho-e-em-5o-nos-regionais\/\" target=\"_blank\">Atleta da GM fica em 2\u00ba na corrida 9 de julho e em 5\u00ba nos Regionais<\/a><\/strong><\/p>\n<div id=\"attachment_147903\" style=\"width: 1250px\" class=\"wp-caption aligncenter\"><a href=\"https:\/\/jundiai.sp.gov.br\/noticias\/wp-content\/uploads\/sites\/32\/2015\/07\/Atletas_Prefeito_A_6g.jpg\"><img loading=\"lazy\" decoding=\"async\" aria-describedby=\"caption-attachment-147903\" src=\"https:\/\/jundiai.sp.gov.br\/noticias\/wp-content\/uploads\/sites\/32\/2015\/07\/Atletas_Prefeito_A_6g.jpg\" alt=\"Prefeito Pedro Bigardi conversa com atletas e treinadores\" width=\"1240\" height=\"717\" class=\"size-full wp-image-147903\" srcset=\"https:\/\/jundiai.sp.gov.br\/noticias\/wp-content\/uploads\/sites\/32\/2015\/07\/Atletas_Prefeito_A_6g.jpg 1240w, https:\/\/jundiai.sp.gov.br\/noticias\/wp-content\/uploads\/sites\/32\/2015\/07\/Atletas_Prefeito_A_6g-300x173.jpg 300w, https:\/\/jundiai.sp.gov.br\/noticias\/wp-content\/uploads\/sites\/32\/2015\/07\/Atletas_Prefeito_A_6g-720x416.jpg 720w\" sizes=\"auto, (max-width: 1240px) 100vw, 1240px\" \/><\/a><p id=\"caption-attachment-147903\" class=\"wp-caption-text\">Prefeito Pedro Bigardi conversa com atletas e treinadores<\/p><\/div>\n<p>O secret\u00e1rio de Esportes e Lazer, Cristiano Lopes, tamb\u00e9m se despediu da equipe jundiaiense com <strong>votos de boa sorte e ressaltou a import\u00e2ncia da competi\u00e7\u00e3o. \u201c\u00c9 uma experi\u00eancia sem limites em que estes atletas v\u00e3o disputar competi\u00e7\u00f5es de alto rendimento, al\u00e9m de interagir com novas culturas e atletas do mundo inteiro\u201d<\/strong>, comenta.<\/p>\n<p>A Special Olympics envolve <strong>7 mil atletas com defici\u00eancia intelectual de 180 pa\u00edses filiados.<\/strong> O segundo maior evento esportivo do Planeta (s\u00f3 fica atr\u00e1s das Olimp\u00edadas) est\u00e1 marcado de 25 de julho a 2 de agosto.<\/p>\n<p><iframe loading=\"lazy\" class=\"alignleft\" width=\"420\" height=\"315\" src=\"https:\/\/www.youtube.com\/embed\/TPnnDaNzzdw\" frameborder=\"0\" allowfullscreen><\/iframe><strong>A delega\u00e7\u00e3o brasileira, que ter\u00e1 todos os custos bancados pelo Minist\u00e9rio dos Esportes, embarca com 53 pessoas. <\/strong>Os atletas s\u00e3o dos estados de S\u00e3o Paulo, Rio de Janeiro e Bahia, que participaram de uma esp\u00e9cie de <strong>eliminat\u00f3rias<\/strong> ao longo dos \u00faltimos quatro anos. <strong>\u201cN\u00e3o \u00e9 f\u00e1cil chegar \u00e0 Special Olympics. Al\u00e9m de competirem, os classificados s\u00e3o sorteados\u201d<\/strong>, explica Tereza Leit\u00e3o, coordenadora geral da modalidade de t\u00eanis no evento.<\/p>\n<p><strong>Os atletas de Jundia\u00ed que v\u00e3o a Los Angeles s\u00e3o Ruy Carneiro, acompanhado por Dalva Pompermaier; Ana Paula Loro, que disputa a bocha sob orienta\u00e7\u00e3o do t\u00e9cnico Carlos Magno Pezzatto e Gustavo Padovani participa da nata\u00e7\u00e3o. Ele viaja com a t\u00e9cnica Eliane Martho.<\/strong><\/p>\n<p><strong>Os representantes de Jundia\u00ed encontraram o caminho do esporte e ganharam gosto pelas competi\u00e7\u00f5es por meio do trabalho desenvolvido pelo Programa de Esportes e Atividades Motoras Adaptadas (Peama)<\/strong>. \u201c\u00c9 um evento em que a filosofia se aproxima de competi\u00e7\u00f5es como os Jogos Ol\u00edmpicos. Isso nos deixa orgulhosos, j\u00e1 que nosso projeto \u00e9 voltado \u00e0 esta filosofia tamb\u00e9m\u201d, diz a diretora do Peama, Denise Silva Neves.<\/p>\n<p>E Denise tem raz\u00e3o. Os Jogos Mundiais Ol\u00edmpicos Especiais nasceram em 1968, em Chicago, nos EUA, depois que a professora de educa\u00e7\u00e3o f\u00edsica Anne McGlone Burke idealizou uma competi\u00e7\u00e3o esportiva pontual para pessoas com defici\u00eancia intelectual. O evento seria dos moldes dos Jogos Ol\u00edmpicos. A partir disso, \u00e0 Special Olympics s\u00f3 cresceu.<\/p>\n<p>Para se ter uma ideia, <strong>a Special Olympics \u00e9 \u00fanica competi\u00e7\u00e3o autorizada pelo Comit\u00ea Ol\u00edmpico Internacional (COI) autorizada a usar olimp\u00edadas em sua designa\u00e7\u00e3o<\/strong>. A entidade n\u00e3o tem fins lucrativos e defende ao mundo o lema \u201cPosso vencer, mas se n\u00e3o conseguir, que tenha coragem de tentar.\u201d \u00c9 justamente com este lema que os jundiaienses est\u00e3o prontos para embarcar.<\/p>\n<p>\u201c\u00c9 minha primeira viagem aos Estados Unidos. Estou muito contente para disputar os jogos e vou trazer a medalha de ouro\u201d, aposta a atleta da bocha, Ana Paula Loro.<\/p>\n<div id=\"attachment_147904\" style=\"width: 1250px\" class=\"wp-caption aligncenter\"><a href=\"https:\/\/jundiai.sp.gov.br\/noticias\/wp-content\/uploads\/sites\/32\/2015\/07\/Atletas_Prefeito_A_29g.jpg\"><img loading=\"lazy\" decoding=\"async\" aria-describedby=\"caption-attachment-147904\" src=\"https:\/\/jundiai.sp.gov.br\/noticias\/wp-content\/uploads\/sites\/32\/2015\/07\/Atletas_Prefeito_A_29g.jpg\" alt=\" Votos de boa sorte para a equipe que vai aos Jogos Olimp\u00edcos\" width=\"1240\" height=\"714\" class=\"size-full wp-image-147904\" srcset=\"https:\/\/jundiai.sp.gov.br\/noticias\/wp-content\/uploads\/sites\/32\/2015\/07\/Atletas_Prefeito_A_29g.jpg 1240w, https:\/\/jundiai.sp.gov.br\/noticias\/wp-content\/uploads\/sites\/32\/2015\/07\/Atletas_Prefeito_A_29g-300x172.jpg 300w, https:\/\/jundiai.sp.gov.br\/noticias\/wp-content\/uploads\/sites\/32\/2015\/07\/Atletas_Prefeito_A_29g-720x414.jpg 720w\" sizes=\"auto, (max-width: 1240px) 100vw, 1240px\" \/><\/a><p id=\"caption-attachment-147904\" class=\"wp-caption-text\"><br \/>Votos de boa sorte para a equipe que vai aos Jogos Olimp\u00edcos<\/p><\/div>\n<p><strong><em>Ivan Lopes<br \/>\nFotos: Alessandro Rosman<\/em><\/strong><\/p>\n","protected":false},"excerpt":{"rendered":"<p>Os representantes de Jundia\u00ed Ruy Carneiro, Ana Paula Loro e Gustavo Padovani encontraram o caminho do esporte por meio do Peama<\/p>\n","protected":false},"author":14,"featured_media":147907,"comment_status":"closed","ping_status":"closed","sticky":false,"template":"","format":"standard","meta":{"footnotes":""},"categories":[2],"tags":[35,58,96],"ods":[],"class_list":["post-147902","post","type-post","status-publish","format-standard","has-post-thumbnail","hentry","category-noticias","tag-esporte-e-lazer","tag-prefeito","tag-programa-de-esportes-e-atividades-motoras-adaptadas-peama"],"_links":{"self":[{"href":"https:\/\/jundiai.sp.gov.br\/noticias\/wp-json\/wp\/v2\/posts\/147902","targetHints":{"allow":["GET"]}}],"collection":[{"href":"https:\/\/jundiai.sp.gov.br\/noticias\/wp-json\/wp\/v2\/posts"}],"about":[{"href":"https:\/\/jundiai.sp.gov.br\/noticias\/wp-json\/wp\/v2\/types\/post"}],"author":[{"embeddable":true,"href":"https:\/\/jundiai.sp.gov.br\/noticias\/wp-json\/wp\/v2\/users\/14"}],"replies":[{"embeddable":true,"href":"https:\/\/jundiai.sp.gov.br\/noticias\/wp-json\/wp\/v2\/comments?post=147902"}],"version-history":[{"count":6,"href":"https:\/\/jundiai.sp.gov.br\/noticias\/wp-json\/wp\/v2\/posts\/147902\/revisions"}],"predecessor-version":[{"id":148705,"href":"https:\/\/jundiai.sp.gov.br\/noticias\/wp-json\/wp\/v2\/posts\/147902\/revisions\/148705"}],"wp:featuredmedia":[{"embeddable":true,"href":"https:\/\/jundiai.sp.gov.br\/noticias\/wp-json\/wp\/v2\/media\/147907"}],"wp:attachment":[{"href":"https:\/\/jundiai.sp.gov.br\/noticias\/wp-json\/wp\/v2\/media?parent=147902"}],"wp:term":[{"taxonomy":"category","embeddable":true,"href":"https:\/\/jundiai.sp.gov.br\/noticias\/wp-json\/wp\/v2\/categories?post=147902"},{"taxonomy":"post_tag","embeddable":true,"href":"https:\/\/jundiai.sp.gov.br\/noticias\/wp-json\/wp\/v2\/tags?post=147902"},{"taxonomy":"ods","embeddable":true,"href":"https:\/\/jundiai.sp.gov.br\/noticias\/wp-json\/wp\/v2\/ods?post=147902"}],"curies":[{"name":"wp","href":"https:\/\/api.w.org\/{rel}","templated":true}]}}