{"id":147927,"date":"2015-07-14T17:31:07","date_gmt":"2015-07-14T20:31:07","guid":{"rendered":"https:\/\/jundiai.sp.gov.br\/noticias\/?p=147927"},"modified":"2020-11-05T10:01:47","modified_gmt":"2020-11-05T13:01:47","slug":"gm-recebe-representantes-da-seguranca-publica-de-araxa-mg","status":"publish","type":"post","link":"https:\/\/jundiai.sp.gov.br\/noticias\/2015\/07\/14\/gm-recebe-representantes-da-seguranca-publica-de-araxa-mg\/","title":{"rendered":"GM recebe representantes da Seguran\u00e7a P\u00fablica de Arax\u00e1 (MG)"},"content":{"rendered":"<p><strong>A Guarda Municipal recebeu na manh\u00e3 desta ter\u00e7a-feira (14) representantes da \u00e1rea de Seguran\u00e7a P\u00fablica da cidade de Arax\u00e1 (MG), distante cerca de 540 quil\u00f4metros de Jundia\u00ed.<\/strong><\/p>\n<p>O tenente-coronel Arnaldo, da Pol\u00edcia Militar, o secret\u00e1rio de Desenvolvimento Econ\u00f4mico, Leandro Haddad, o presidente do Conselho de Seguran\u00e7a, S\u00e9rgio Goulart, e o diretor do Conselho de Seguran\u00e7a P\u00fablica de Arax\u00e1, Jo\u00e3o Bosco Ferreira, foram recebidos no<strong> Centro de Controle Operacional <\/strong>pelo comandante da GM de Jundia\u00ed, Jos\u00e9 Roberto Ferraz, e pelo subcomandante Paulo Vicente Soares.<\/p>\n<p><strong>LEIA TAMB\u00c9M<br \/>\n<\/strong><a href=\"https:\/\/jundiai.sp.gov.br\/noticias\/2015\/07\/11\/59o-jogos-regionais-tem-encerramento-de-ouro\/\" target=\"_blank\" rel=\"noopener noreferrer\">59\u00ba Jogos Regionais t\u00eam encerramento de ouro<\/a><br \/>\n<a href=\"https:\/\/jundiai.sp.gov.br\/noticias\/2015\/06\/30\/guarda-faz-treinamento-para-militares-do-12o-gac\/\" target=\"_blank\" rel=\"noopener noreferrer\">Guarda faz treinamento para militares do 12\u00ba GAC<\/a><\/p>\n<div id=\"attachment_147929\" style=\"width: 1250px\" class=\"wp-caption aligncenter\"><a href=\"https:\/\/jundiai.sp.gov.br\/noticias\/wp-content\/uploads\/sites\/32\/2015\/07\/GM-recebe-representantes-da-Seguran\u00e7a-P\u00fablica-de-Arax\u00e1-MG.jpg\"><img loading=\"lazy\" decoding=\"async\" aria-describedby=\"caption-attachment-147929\" class=\"size-full wp-image-147929\" src=\"https:\/\/jundiai.sp.gov.br\/noticias\/wp-content\/uploads\/sites\/32\/2015\/07\/GM-recebe-representantes-da-Seguran\u00e7a-P\u00fablica-de-Arax\u00e1-MG.jpg\" alt=\"Grupo foi recebido pelo comandante Ferraz e pelo subcomandante Soares\" width=\"1240\" height=\"907\" srcset=\"https:\/\/jundiai.sp.gov.br\/noticias\/wp-content\/uploads\/sites\/32\/2015\/07\/GM-recebe-representantes-da-Seguran\u00e7a-P\u00fablica-de-Arax\u00e1-MG.jpg 1240w, https:\/\/jundiai.sp.gov.br\/noticias\/wp-content\/uploads\/sites\/32\/2015\/07\/GM-recebe-representantes-da-Seguran\u00e7a-P\u00fablica-de-Arax\u00e1-MG-300x219.jpg 300w, https:\/\/jundiai.sp.gov.br\/noticias\/wp-content\/uploads\/sites\/32\/2015\/07\/GM-recebe-representantes-da-Seguran\u00e7a-P\u00fablica-de-Arax\u00e1-MG-720x526.jpg 720w\" sizes=\"auto, (max-width: 1240px) 100vw, 1240px\" \/><\/a><p id=\"caption-attachment-147929\" class=\"wp-caption-text\">Grupo foi recebido pelo comandante Ferraz e pelo subcomandante Soares<\/p><\/div>\n<p>Segundo o comandante da GM,<strong> a visita se deu em virtude de Jundia\u00ed ser refer\u00eancia nacional no sistema de monitoramento de c\u00e2meras na cidade.<\/strong> \u201cEles querem implantar um sistema de monitoramento em Arax\u00e1 e vieram nos visitar para saber como \u00e9 o funcionamento das c\u00e2meras aqui em nossa cidade\u201d, explicou Ferraz.<\/p>\n<p>Em conversa com o subcomandante Soares, o tenente-coronel Arnaldo, que comanda o 37\u00ba BPM de Arax\u00e1, <strong>se surpreendeu com a estrutura e a disposi\u00e7\u00e3o dos guardas de Jundia\u00ed. \u201cO comando e subcomando da GM est\u00e3o de parab\u00e9ns. Motivar uma corpora\u00e7\u00e3o de quase 360 guardas n\u00e3o \u00e9 para qualquer um. Estou vendo guardas dispostos nos setores de trabalho e isso \u00e9 de extrema import\u00e2ncia em uma corpora\u00e7\u00e3o\u201d<\/strong>, disse.<\/p>\n<p><strong>No final de m\u00eas passado, <a href=\"https:\/\/jundiai.sp.gov.br\/noticias\/2015\/06\/29\/seguranca-de-jundiai-e-referencia-em-rede-nacional\/\" target=\"_blank\" rel=\"noopener noreferrer\">o modelo de seguran\u00e7a por sistema de monitoramento adotado pela Guarda Municipal de Jundia\u00ed ganhou proje\u00e7\u00e3o nacional com reportagem veiculada no Jornal \u201cBom Dia Brasil\u201d, da Rede Globo<\/a>.<\/strong><\/p>\n<p><strong>A reportagem destacou o trabalho integrado que envolve a cidade e outros dez munic\u00edpios da regi\u00e3o por meio das c\u00e2meras que monitoram e fazem a leitura das placas de ve\u00edculos roubados ou furtados, o que cria uma esp\u00e9cie de \u201ccerca virtual\u201d contra a criminalidade.<\/strong><\/p>\n<p><strong><em>Luciano Guerino<br \/>\nFoto: Fot\u00f3grafos PMJ<\/em><\/strong><\/p>\n","protected":false},"excerpt":{"rendered":"<p>A visita se deu em virtude de Jundia\u00ed ser refer\u00eancia nacional no sistema de monitoramento de c\u00e2meras na cidade<\/p>\n","protected":false},"author":14,"featured_media":147956,"comment_status":"closed","ping_status":"closed","sticky":false,"template":"","format":"standard","meta":{"footnotes":""},"categories":[2],"tags":[31],"ods":[],"class_list":["post-147927","post","type-post","status-publish","format-standard","has-post-thumbnail","hentry","category-noticias","tag-guarda-municipal"],"_links":{"self":[{"href":"https:\/\/jundiai.sp.gov.br\/noticias\/wp-json\/wp\/v2\/posts\/147927","targetHints":{"allow":["GET"]}}],"collection":[{"href":"https:\/\/jundiai.sp.gov.br\/noticias\/wp-json\/wp\/v2\/posts"}],"about":[{"href":"https:\/\/jundiai.sp.gov.br\/noticias\/wp-json\/wp\/v2\/types\/post"}],"author":[{"embeddable":true,"href":"https:\/\/jundiai.sp.gov.br\/noticias\/wp-json\/wp\/v2\/users\/14"}],"replies":[{"embeddable":true,"href":"https:\/\/jundiai.sp.gov.br\/noticias\/wp-json\/wp\/v2\/comments?post=147927"}],"version-history":[{"count":5,"href":"https:\/\/jundiai.sp.gov.br\/noticias\/wp-json\/wp\/v2\/posts\/147927\/revisions"}],"predecessor-version":[{"id":257662,"href":"https:\/\/jundiai.sp.gov.br\/noticias\/wp-json\/wp\/v2\/posts\/147927\/revisions\/257662"}],"wp:featuredmedia":[{"embeddable":true,"href":"https:\/\/jundiai.sp.gov.br\/noticias\/wp-json\/wp\/v2\/media\/147956"}],"wp:attachment":[{"href":"https:\/\/jundiai.sp.gov.br\/noticias\/wp-json\/wp\/v2\/media?parent=147927"}],"wp:term":[{"taxonomy":"category","embeddable":true,"href":"https:\/\/jundiai.sp.gov.br\/noticias\/wp-json\/wp\/v2\/categories?post=147927"},{"taxonomy":"post_tag","embeddable":true,"href":"https:\/\/jundiai.sp.gov.br\/noticias\/wp-json\/wp\/v2\/tags?post=147927"},{"taxonomy":"ods","embeddable":true,"href":"https:\/\/jundiai.sp.gov.br\/noticias\/wp-json\/wp\/v2\/ods?post=147927"}],"curies":[{"name":"wp","href":"https:\/\/api.w.org\/{rel}","templated":true}]}}