{"id":148036,"date":"2015-07-15T16:52:53","date_gmt":"2015-07-15T19:52:53","guid":{"rendered":"https:\/\/jundiai.sp.gov.br\/noticias\/?p=148036"},"modified":"2020-02-10T10:32:50","modified_gmt":"2020-02-10T12:32:50","slug":"centro-historico-de-jundiai-recebe-pacote-de-obras-e-projetos","status":"publish","type":"post","link":"https:\/\/jundiai.sp.gov.br\/noticias\/2015\/07\/15\/centro-historico-de-jundiai-recebe-pacote-de-obras-e-projetos\/","title":{"rendered":"Centro hist\u00f3rico recebe pacote de obras e projetos"},"content":{"rendered":"<p><strong>Uma visita t\u00e9cnica liderada pelo prefeito Pedro Bigardi percorreu nesta quarta-feira (15) uma s\u00e9rie de pontos do Centro em uma amostragem do grande n\u00famero de a\u00e7\u00f5es em andamento nessa \u00e1rea de Jundia\u00ed. O percurso incluiu a rua Bar\u00e3o de Jundia\u00ed, o Largo da Matriz, a pra\u00e7a Ruy Barbosa, o <a href=\"http:\/\/cultura.jundiai.sp.gov.br\/espacos-culturais\/teatro-polytheama\/\" target=\"_blank\" rel=\"noopener noreferrer\">Teatro Polytheama<\/a>, o Escad\u00e3o, a Ponte Torta e a Vila Argos. <\/strong><\/p>\n<p><strong>\u201cAl\u00e9m de projetos em execu\u00e7\u00e3o, tamb\u00e9m tivemos contato com outros projetos em fase de elabora\u00e7\u00e3o e todos formam uma parte dos cuidados que temos voltado para a regi\u00e3o central\u201d, afirmou o prefeito Pedro Bigardi.<\/strong><\/p>\n<p><strong><a href=\"https:\/\/www.flickr.com\/photos\/prefeituradejundiai\/sets\/72157655429483398\" target=\"_blank\" rel=\"noopener noreferrer\">CONFIRA AS FOTOS DO PREFEITURA EM A\u00c7\u00c3O NA REGI\u00c3O CENTRAL<\/a><\/strong><\/p>\n<p>MAIS PREFEITURA EM A\u00c7\u00c3O<br \/>\n<a href=\"https:\/\/jundiai.sp.gov.br\/noticias\/2015\/07\/13\/posto-policial-na-praca-dos-andradas-e-uma-das-novidades\/\" target=\"_blank\" rel=\"noopener noreferrer\">Posto policial na pra\u00e7a dos Andradas \u00e9 novidade<\/a><br \/>\n<a href=\"https:\/\/jundiai.sp.gov.br\/noticias\/2015\/07\/10\/prefeitura-em-acao-comeca-com-sexta-no-centro\/\" target=\"_blank\" rel=\"noopener noreferrer\">Prefeitura em A\u00e7\u00e3o come\u00e7a com Sexta no Centro<\/a><br \/>\n<a href=\"https:\/\/jundiai.sp.gov.br\/noticias\/2015\/07\/14\/bigardi-vistoria-obra-da-casa-das-letras-no-centro\/\" target=\"_blank\" rel=\"noopener noreferrer\">Bigardi vistoria obra da Casa das Letras no Centro<\/a><br \/>\n<a href=\"https:\/\/jundiai.sp.gov.br\/noticias\/2015\/07\/14\/prefeito-discute-melhorias-com-moradores-da-agapeama\/\" target=\"_blank\" rel=\"noopener noreferrer\">Prefeito discute melhorias com moradores da Agapeama<\/a><\/p>\n<div id=\"attachment_148038\" style=\"width: 1250px\" class=\"wp-caption aligncenter\"><a href=\"https:\/\/jundiai.sp.gov.br\/noticias\/wp-content\/uploads\/sites\/32\/2015\/07\/Prefeitura-em-A\u00e7\u00e3o-Reforma-e-revitaliza\u00e7\u00e3o-do-Escad\u00e3o_P_44G.jpg\"><img loading=\"lazy\" decoding=\"async\" aria-describedby=\"caption-attachment-148038\" class=\"size-full wp-image-148038\" src=\"https:\/\/jundiai.sp.gov.br\/noticias\/wp-content\/uploads\/sites\/32\/2015\/07\/Prefeitura-em-A\u00e7\u00e3o-Reforma-e-revitaliza\u00e7\u00e3o-do-Escad\u00e3o_P_44G.jpg\" alt=\"Revitaliza\u00e7\u00e3o da Esplanada do Monte Castelo: a\u00e7\u00f5es no eixo hist\u00f3rico central\" width=\"1240\" height=\"922\" srcset=\"https:\/\/jundiai.sp.gov.br\/noticias\/wp-content\/uploads\/sites\/32\/2015\/07\/Prefeitura-em-A\u00e7\u00e3o-Reforma-e-revitaliza\u00e7\u00e3o-do-Escad\u00e3o_P_44G.jpg 1240w, https:\/\/jundiai.sp.gov.br\/noticias\/wp-content\/uploads\/sites\/32\/2015\/07\/Prefeitura-em-A\u00e7\u00e3o-Reforma-e-revitaliza\u00e7\u00e3o-do-Escad\u00e3o_P_44G-300x223.jpg 300w, https:\/\/jundiai.sp.gov.br\/noticias\/wp-content\/uploads\/sites\/32\/2015\/07\/Prefeitura-em-A\u00e7\u00e3o-Reforma-e-revitaliza\u00e7\u00e3o-do-Escad\u00e3o_P_44G-720x535.jpg 720w\" sizes=\"auto, (max-width: 1240px) 100vw, 1240px\" \/><\/a><p id=\"caption-attachment-148038\" class=\"wp-caption-text\">Revitaliza\u00e7\u00e3o da Esplanada do Monte Castelo: a\u00e7\u00f5es no eixo hist\u00f3rico central<\/p><\/div>\n<p>A maioria dos pontos visitados integra o <strong>Plano de Reabilita\u00e7\u00e3o do Centro<\/strong>, coordenado pela Secretaria de Planejamento e Meio Ambiente em parceria com outras pastas do governo. A secret\u00e1ria Daniela da Camara Sutti afirmou que <strong>o plano busca a \u201cescala humana\u201d para o uso e conv\u00edvio nessa \u00e1rea hist\u00f3rica da cidade<\/strong>.<\/p>\n<p><iframe loading=\"lazy\" class=\"alignright\" src=\"https:\/\/www.youtube.com\/embed\/spRytTGgDi8\" width=\"420\" height=\"315\" frameborder=\"0\" allowfullscreen=\"allowfullscreen\"><\/iframe>Estiveram tamb\u00e9m na visita t\u00e9cnica os secret\u00e1rios: chefe de Gabinete, Alan Piccolo; de Transportes, Wilson Folgozi; de Rela\u00e7\u00f5es Institucionais, Lir\u00e1ucio Tarini; o o assessor especial para assuntos das coordenadorias, Vanderlei Victorino; o diretor presidente da <strong><a href=\"http:\/\/escoladegoverno.jundiai.sp.gov.br\/\" target=\"_blank\" rel=\"noopener noreferrer\">Escola de Governo e Gest\u00e3o<\/a><\/strong>, Marcelo Lo M\u00f4naco, al\u00e9m de outros gestores e t\u00e9cnicos, al\u00e9m do vereador Jos\u00e9 Carlos Dias.<\/p>\n<p><strong>O programa Prefeitura em A\u00e7\u00e3o na regi\u00e3o central continua nesta quinta-feira (16), \u00e0s 10h, com visita t\u00e9cnica ao Pronto-Atendimento (PA) Central e entorno.<\/strong><\/p>\n<p>Ainda nesta quinta-feira, \u00e0s 19h, o prefeito apresenta o projeto do novo Centro das Artes. Est\u00e3o programadas diversas atra\u00e7\u00f5es culturais, entre elas a apresenta\u00e7\u00e3o do saxofonista Giuliano Neri e das companhias municipais de Teatro e de Dan\u00e7a. O Centro das Artes fica na rua Bar\u00e3o de Jundia\u00ed, 1.093.<\/p>\n<p><strong>Rua Bar\u00e3o de Jundia\u00ed<\/strong><br \/>\nA visita come\u00e7ou no trecho da rua Bar\u00e3o de Jundia\u00ed entre as ruas Siqueira de Moraes e Coronel Leme da Fonseca, onde o projeto desenvolvido pela Secretaria de Planejamento e Meio Ambiente aponta uma<strong> futura extens\u00e3o do cal\u00e7ad\u00e3o atual com piso mais acess\u00edvel para pessoas com mobilidade reduzida, floreiras e mobili\u00e1rio urbano de conv\u00edvio<\/strong>. As melhorias tamb\u00e9m est\u00e3o desenhadas para o trecho entre a rua Siqueira de Moraes e a rua da Imprensa.<\/p>\n<div id=\"attachment_148050\" style=\"width: 410px\" class=\"wp-caption alignleft\"><a href=\"https:\/\/jundiai.sp.gov.br\/noticias\/wp-content\/uploads\/sites\/32\/2015\/07\/Prefeitura-em-A\u00e7\u00e3o-Gabinete-de-Leitura-Rui-Barbosa_P_8G.jpg\"><img loading=\"lazy\" decoding=\"async\" aria-describedby=\"caption-attachment-148050\" class=\"size-full wp-image-148050\" src=\"https:\/\/jundiai.sp.gov.br\/noticias\/wp-content\/uploads\/sites\/32\/2015\/07\/Prefeitura-em-A\u00e7\u00e3o-Gabinete-de-Leitura-Rui-Barbosa_P_8G.jpg\" alt=\"Comitiva visitou tamb\u00e9m o Gabinete de Leitura Ruy Barbosa\" width=\"400\" height=\"350\" \/><\/a><p id=\"caption-attachment-148050\" class=\"wp-caption-text\">Comitiva visitou tamb\u00e9m o Gabinete de Leitura Ruy Barbosa<\/p><\/div>\n<p><strong>Largo da Matriz<\/strong><br \/>\nO grupo passou pela pra\u00e7a Governador Pedro de Toledo, onde ocorrem iniciativas como a <strong><a href=\"https:\/\/jundiai.sp.gov.br\/noticias\/2015\/07\/10\/prefeitura-em-acao-comeca-com-sexta-no-centro\/\" target=\"_blank\" rel=\"noopener noreferrer\">Sexta no Centro<\/a> e o projeto Urbanismo Caminh\u00e1vel, que nesta sexta-feira (17) inaugura o <a href=\"https:\/\/jundiai.sp.gov.br\/noticias\/2015\/07\/15\/urbanismo-caminhavel-realiza-eventos-na-sexta-17-e-sabado-18\/\" target=\"_blank\" rel=\"noopener noreferrer\">primeiro parklet<\/a> na cidade.<\/strong><\/p>\n<p><strong>Pra\u00e7a Ruy Barbosa <\/strong><br \/>\nEmbora seja uma institui\u00e7\u00e3o comunit\u00e1ria, a visita incluiu o Gabinete de Leitura Ruy Barbosa para interc\u00e2mbio sobre potencialidades de coopera\u00e7\u00e3o com a entidade criada em 1908 e com iniciativas como as sess\u00f5es de conta\u00e7\u00e3o de hist\u00f3rias para crian\u00e7as nos pr\u00f3ximos dois finais de semana.<\/p>\n<p><strong>Teatro Polytheama<\/strong><br \/>\nA passagem pelo local mostrou os <strong>projetos desenvolvidos pela Secretaria de Planejamento e Meio Ambiente para melhoria da caminhabilidade nesse trecho da regi\u00e3o central<\/strong>, incluindo as ruas Bar\u00e3o de Jundia\u00ed e Major Sucupira e solu\u00e7\u00f5es inovadoras para o estacionamento de ve\u00edculos, al\u00e9m da redu\u00e7\u00e3o de velocidade para a seguran\u00e7a compartilhada com pedestres ou ciclistas.<\/p>\n<div id=\"attachment_148048\" style=\"width: 410px\" class=\"wp-caption alignright\"><a href=\"https:\/\/jundiai.sp.gov.br\/noticias\/wp-content\/uploads\/sites\/32\/2015\/07\/Prefeitura-em-A\u00e7\u00e3o-Reforma-e-revitaliza\u00e7\u00e3o-do-Escad\u00e3o_P_62G.jpg\"><img loading=\"lazy\" decoding=\"async\" aria-describedby=\"caption-attachment-148048\" class=\"size-full wp-image-148048\" src=\"https:\/\/jundiai.sp.gov.br\/noticias\/wp-content\/uploads\/sites\/32\/2015\/07\/Prefeitura-em-A\u00e7\u00e3o-Reforma-e-revitaliza\u00e7\u00e3o-do-Escad\u00e3o_P_62G.jpg\" alt=\"Interven\u00e7\u00e3o ser\u00e1 sobre 3 mil metros quadrados\" width=\"400\" height=\"350\" \/><\/a><p id=\"caption-attachment-148048\" class=\"wp-caption-text\">Interven\u00e7\u00e3o ser\u00e1 sobre 3 mil metros quadrados<\/p><\/div>\n<p><strong>Escad\u00e3o <\/strong><br \/>\n<strong>A revitaliza\u00e7\u00e3o da Esplanada do Monte Castelo, que compreende o chamado \u201cEscad\u00e3o\u201d, envolve a interven\u00e7\u00e3o em 3 mil metros quadrados (um ter\u00e7o da borda verde total entre a C\u00e2mara e a Ponte Torta) com a <a href=\"https:\/\/jundiai.sp.gov.br\/noticias\/2015\/06\/16\/escadao-e-alvo-de-plano-de-manejo-ambiental\/\" target=\"_blank\" rel=\"noopener noreferrer\">retirada de 7 \u00e1rvores ex\u00f3ticas de grande porte por outras 20 esp\u00e9cies nativas que v\u00e3o ampliar a diversidade biol\u00f3gica<\/a> e permitir um sistema de rampas para a acessibilidade universal, inclusive de pessoas com defici\u00eancia<\/strong>, entre as ruas Vig\u00e1rio J.J. Rodrigues e Bar\u00e3o de Jundia\u00ed. No local tamb\u00e9m esteve o presidente da MPD, Mauro Dottori, que executa a obras como contrapartida de <strong>Estudo de Impacto de Vizinhan\u00e7a (EIV)<\/strong>.<\/p>\n<p><strong>Ponte Torta<\/strong><br \/>\nA visita \u00e0s obras finais do <strong>\u201cmirante\u201d e da pra\u00e7a rotat\u00f3ria em torno do monumento da Ponte Torta foi acompanhada pela not\u00edcia de que a obra em Jundia\u00ed deve ganhar repercuss\u00e3o nacional com a classifica\u00e7\u00e3o na etapa estadual do processo de Zeladoria e Conserva\u00e7\u00e3o, do Instituto Saras\u00e1, como finalista nacional do Pr\u00eamio Bernardo Melo Franco, do <a href=\"http:\/\/portal.iphan.gov.br\/\" target=\"_blank\" rel=\"noopener noreferrer\">Instituto do Patrim\u00f4nio Hist\u00f3rico e Art\u00edstico Nacional (Iphan)<\/a><\/strong>. A not\u00edcia foi dada ao prefeito pelo especialista Toninho Saras\u00e1, que tamb\u00e9m destacou as linhas da nova pra\u00e7a rotat\u00f3ria orientada pela equipe da Secretaria de Planejamento em contrapartida de EIV.<\/p>\n<p><strong>Parque do Guapeva <\/strong><br \/>\nO circuito da visita t\u00e9cnica foi completado na <strong>Vila Argos, ao lado do rio Guapeva, onde o plano de parque urbano<\/strong> entre a rua Vig\u00e1rio Jo\u00e3o Jos\u00e9 Rodrigues e a rua Prudente de Moraes, ao lado do rio, acabou sendo mostrado a diversos moradores com a perspectiva de uma reuni\u00e3o espec\u00edfica para todos mais adiante. O desenho envolve <strong>ciclovia, parque infantil, academia ao ar livre e centenas de \u00e1rvores selecionadas para terem floradas ao longo de todo o ano<\/strong> e o projeto tem implementa\u00e7\u00e3o prevista logo depois da Esplanada do Monte Castelo.<\/p>\n<div id=\"attachment_148039\" style=\"width: 1250px\" class=\"wp-caption aligncenter\"><a href=\"https:\/\/jundiai.sp.gov.br\/noticias\/wp-content\/uploads\/sites\/32\/2015\/07\/Prefeitura-em-A\u00e7\u00e3o-Parque-Guapeva-Vila-Argos_P_85G.jpg\"><img loading=\"lazy\" decoding=\"async\" aria-describedby=\"caption-attachment-148039\" class=\"size-full wp-image-148039\" src=\"https:\/\/jundiai.sp.gov.br\/noticias\/wp-content\/uploads\/sites\/32\/2015\/07\/Prefeitura-em-A\u00e7\u00e3o-Parque-Guapeva-Vila-Argos_P_85G.jpg\" alt=\"Projetos apontam valoriza\u00e7\u00e3o de meio ambiente e plantio de novas \u00e1rvores nativas\" width=\"1240\" height=\"945\" srcset=\"https:\/\/jundiai.sp.gov.br\/noticias\/wp-content\/uploads\/sites\/32\/2015\/07\/Prefeitura-em-A\u00e7\u00e3o-Parque-Guapeva-Vila-Argos_P_85G.jpg 1240w, https:\/\/jundiai.sp.gov.br\/noticias\/wp-content\/uploads\/sites\/32\/2015\/07\/Prefeitura-em-A\u00e7\u00e3o-Parque-Guapeva-Vila-Argos_P_85G-300x228.jpg 300w, https:\/\/jundiai.sp.gov.br\/noticias\/wp-content\/uploads\/sites\/32\/2015\/07\/Prefeitura-em-A\u00e7\u00e3o-Parque-Guapeva-Vila-Argos_P_85G-720x548.jpg 720w\" sizes=\"auto, (max-width: 1240px) 100vw, 1240px\" \/><\/a><p id=\"caption-attachment-148039\" class=\"wp-caption-text\">Projetos apontam valoriza\u00e7\u00e3o de meio ambiente e plantio de novas \u00e1rvores nativas<\/p><\/div>\n<p><strong><em>Jos\u00e9 Arnaldo de Oliveira<br \/>\nFotos: Paulo Gr\u00e9gio<\/em><\/strong><\/p>\n","protected":false},"excerpt":{"rendered":"<p>O programa continua nesta quinta-feira (16), \u00e0s 10h, com visita ao Pronto-Atendimento Central e outros eventos<\/p>\n","protected":false},"author":14,"featured_media":148043,"comment_status":"closed","ping_status":"closed","sticky":false,"template":"","format":"standard","meta":{"footnotes":""},"categories":[2],"tags":[29,695,290,32,427,58,615,659],"ods":[],"class_list":["post-148036","post","type-post","status-publish","format-standard","has-post-thumbnail","hentry","category-noticias","tag-cultura","tag-estudo-de-impacto-de-vizinhanca-eiv","tag-museu-historico-e-cultural-solar-do-barao","tag-planejamento-e-meio-ambiente","tag-ponte-torta","tag-prefeito","tag-prefeitura-em-acao","tag-projeto-urbanismo-caminhavel"],"_links":{"self":[{"href":"https:\/\/jundiai.sp.gov.br\/noticias\/wp-json\/wp\/v2\/posts\/148036","targetHints":{"allow":["GET"]}}],"collection":[{"href":"https:\/\/jundiai.sp.gov.br\/noticias\/wp-json\/wp\/v2\/posts"}],"about":[{"href":"https:\/\/jundiai.sp.gov.br\/noticias\/wp-json\/wp\/v2\/types\/post"}],"author":[{"embeddable":true,"href":"https:\/\/jundiai.sp.gov.br\/noticias\/wp-json\/wp\/v2\/users\/14"}],"replies":[{"embeddable":true,"href":"https:\/\/jundiai.sp.gov.br\/noticias\/wp-json\/wp\/v2\/comments?post=148036"}],"version-history":[{"count":18,"href":"https:\/\/jundiai.sp.gov.br\/noticias\/wp-json\/wp\/v2\/posts\/148036\/revisions"}],"predecessor-version":[{"id":234252,"href":"https:\/\/jundiai.sp.gov.br\/noticias\/wp-json\/wp\/v2\/posts\/148036\/revisions\/234252"}],"wp:featuredmedia":[{"embeddable":true,"href":"https:\/\/jundiai.sp.gov.br\/noticias\/wp-json\/wp\/v2\/media\/148043"}],"wp:attachment":[{"href":"https:\/\/jundiai.sp.gov.br\/noticias\/wp-json\/wp\/v2\/media?parent=148036"}],"wp:term":[{"taxonomy":"category","embeddable":true,"href":"https:\/\/jundiai.sp.gov.br\/noticias\/wp-json\/wp\/v2\/categories?post=148036"},{"taxonomy":"post_tag","embeddable":true,"href":"https:\/\/jundiai.sp.gov.br\/noticias\/wp-json\/wp\/v2\/tags?post=148036"},{"taxonomy":"ods","embeddable":true,"href":"https:\/\/jundiai.sp.gov.br\/noticias\/wp-json\/wp\/v2\/ods?post=148036"}],"curies":[{"name":"wp","href":"https:\/\/api.w.org\/{rel}","templated":true}]}}