{"id":148235,"date":"2015-07-17T16:35:17","date_gmt":"2015-07-17T19:35:17","guid":{"rendered":"https:\/\/jundiai.sp.gov.br\/noticias\/?p=148235"},"modified":"2016-11-04T11:42:27","modified_gmt":"2016-11-04T13:42:27","slug":"motoclubes-garantem-presenca-no-2o-encontro-nacional","status":"publish","type":"post","link":"https:\/\/jundiai.sp.gov.br\/noticias\/2015\/07\/17\/motoclubes-garantem-presenca-no-2o-encontro-nacional\/","title":{"rendered":"Motoclubes garantem presen\u00e7a no 2\u00ba Encontro"},"content":{"rendered":"<p><strong>A aventura sobre duas rodas do <a href=\"https:\/\/jundiai.sp.gov.br\/encontro-de-motociclistas\/\" target=\"_blank\">2\u00ba Encontro Nacional de Motociclistas em Jundia\u00ed<\/a>, que come\u00e7a na pr\u00f3xima sexta-feira (24) e se estende durante todo o final de semana no Parque Comendador Ant\u00f4nio Carbonari (Parque da Uva), tem presen\u00e7a confirmada dos motoclubes da cidade, regi\u00e3o e de todo o Brasil. <\/strong><\/p>\n<p><strong><a href=\"https:\/\/www.flickr.com\/photos\/prefeituradejundiai\/sets\/72157645510714548\" target=\"_blank\">CONFIRA AS FOTOS DO 1\u00ba ENCONTRO<\/a><\/strong> <\/p>\n<p>Conhecidos pela<strong> camaradagem e uni\u00e3o, os moto clubes promovem a socializa\u00e7\u00e3o dos indiv\u00edduos com um amor em comum, o motociclismo<\/strong>. Diego Lagrota, diretor Nacional da Liga de Bikers, salientou a <strong>import\u00e2ncia que o evento proporciona na intera\u00e7\u00e3o dos grupos. \u201c\u00c9 um encontro aberto que quebra o preconceito da sociedade em rela\u00e7\u00e3o aos motoclubes. Vamos mostrar que se trata de uma festa, acima de tudo, familiar.\u201d<\/strong><\/p>\n<p><strong>MAIS ENCONTRO NACIONAL DE MOTOCICLISTAS<br \/>\n<a href=\"https:\/\/jundiai.sp.gov.br\/noticias\/2015\/07\/16\/2o-encontro-nacional-de-motociclistas-vem-com-novidades\/\" target=\"_blank\">2\u00ba Encontro em Jundia\u00ed vem com novidades<\/a><\/strong><\/p>\n<p><div id=\"attachment_148241\" style=\"width: 340px\" class=\"wp-caption alignleft\"><a href=\"https:\/\/jundiai.sp.gov.br\/noticias\/wp-content\/uploads\/sites\/32\/2015\/07\/shogun-moto-clube-jundia\u00edg.jpg\"><img loading=\"lazy\" decoding=\"async\" aria-describedby=\"caption-attachment-148241\" src=\"https:\/\/jundiai.sp.gov.br\/noticias\/wp-content\/uploads\/sites\/32\/2015\/07\/shogun-moto-clube-jundia\u00edg.jpg\" alt=\"Anderson Picardi \u00e9 uns dos fundadores do motoclube jundiaiense &quot;Shogun&quot;\" width=\"330\" height=\"370\" class=\"size-full wp-image-148241\" \/><\/a><p id=\"caption-attachment-148241\" class=\"wp-caption-text\">Anderson Picardi \u00e9 uns dos fundadores do motoclube jundiaiense &#8220;Shogun&#8221;<\/p><\/div>O jundiaiense Anderson Jos\u00e9 Picardi, professor de artes, \u00e9 presidente e fundador do \u201cShogun Motoclube\u201d, no Jardim Boa Vista. Ele ressaltou <strong>os intuitos de se promover e participar dos encontros na cidade. \u201cA Liga tem o objetivo de receber bem a todos, e oferecer uma boa celebra\u00e7\u00e3o n\u00e3o s\u00f3 aos motoclubes, mas a todos que apreciarem o evento, al\u00e9m de ajudar nas a\u00e7\u00f5es filantr\u00f3picas.&#8221;<\/strong><\/p>\n<p>Picard tamb\u00e9m falou sobre outro t\u00f3pico que os encontros proporcionam. <strong>\u201cEstou convicto de que a melhor parte desses eventos, al\u00e9m da estrada e dos bate-papos nas paradas de abastecimento, \u00e9 a mudan\u00e7a de vis\u00e3o da sociedade perante o que os motociclistas realmente representam, que \u00e9 a fam\u00edlia.&#8221;<\/strong><\/p>\n<p>Com 42 anos de estrada, Willian Rey Atella \u00e9 um dos fundadores do motoclube \u201cSelvagens na Noite\u201d, do Rio de Janeiro. Ele contou que, em 2014, n\u00e3o p\u00f4de participar do <strong><a href=\"https:\/\/jundiai.sp.gov.br\/noticias\/2014\/07\/27\/prefeito-confirma-edicao-anual-do-evento-de-motos\/\" target=\"_blank\">encontro em Jundia\u00ed<\/a>, mas garantiu que n\u00e3o deixar\u00e1 de comparecer desta vez<\/strong>. \u201cNosso moto clube participou do 1\u00ba encontro em Jundia\u00ed com cerca de oito membros e <strong>todos gostaram muito da recep\u00e7\u00e3o. Pode apostar que n\u00e3o perderei a oportunidade de rever velhos amigos este ano<\/strong>\u201d, disse.<\/p>\n<p><strong>\u201cGostaria de dar os parab\u00e9ns \u00e0 Prefeitura de Jundia\u00ed e \u00e0 Liga Nacional de Bikers pela organiza\u00e7\u00e3o. Com o apoio de todos, podemos mostrar ao Brasil que o motociclismo \u00e9 simplesmente um estilo de vida e fam\u00edlia. Juntos seremos fortes\u201d<\/strong>, discursou Willian.<\/p>\n<p><strong>A entrada ser\u00e1 um 1 quilo de alimento n\u00e3o-perec\u00edvel, que ser\u00e1 destinado ao <a href=\"https:\/\/www.facebook.com\/fundosocialsolidariedadedejundiai\" target=\"_blank\">Fundo Social de Solidariedade<\/a>. O Parque da Uva fica na Av. Jundia\u00ed s\/n\u00ba, Anhangaba\u00fa.<\/strong><\/p>\n<p><div id=\"attachment_148265\" style=\"width: 340px\" class=\"wp-caption alignright\"><a href=\"https:\/\/jundiai.sp.gov.br\/noticias\/wp-content\/uploads\/sites\/32\/2015\/07\/willian-moto-clube-riog.jpg\"><img loading=\"lazy\" decoding=\"async\" aria-describedby=\"caption-attachment-148265\" src=\"https:\/\/jundiai.sp.gov.br\/noticias\/wp-content\/uploads\/sites\/32\/2015\/07\/willian-moto-clube-riog.jpg\" alt=\"Motociclista, Willian Atella, do Rio de Janeiro, espera ansiosamente pelo encontro em jundia\u00ed\" width=\"330\" height=\"370\" class=\"size-full wp-image-148265\" \/><\/a><p id=\"caption-attachment-148265\" class=\"wp-caption-text\">Motociclista, Willian Atella, do Rio de Janeiro, espera ansiosamente pelo encontro em jundia\u00ed<\/p><\/div><strong>Confira programa\u00e7\u00e3o completa do encontro 2015:<\/strong><\/p>\n<p><strong>Sexta-feira &#8211; 24 de julho<\/strong><\/p>\n<ul>\n<li><em>18h &#8211; Rock Seixas;<\/em><\/li>\n<li><em>20h \u2013 Ca\u00e7a-N\u00edqueis;<\/em><\/li>\n<li><em>22h \u2013 Suzana Gamar (Ac\u00fastico);<\/em><\/li>\n<\/ul>\n<p><strong>S\u00e1bado &#8211; 25 de julho<\/strong><\/p>\n<ul>\n<li><em>14h \u2013 Hard Truck;<\/em><\/li>\n<li><em>16h \u2013 Billy Mutreta;<\/em><\/li>\n<li><em>20h \u2013 SHOW ANOS 80 (Kiko Zambianchi, 365, Kid Vinil, Clemente);<\/em><\/li>\n<li><em>22h \u2013 Suzana Gamar (Ac\u00fastico);<\/em><\/li>\n<\/ul>\n<p><strong>Domingo &#8211; 26 de julho<\/strong><\/p>\n<ul>\n<li><em>14h \u2013 Sr\u00ba Loucos;<\/em><\/li>\n<li><em>16h \u2013 Children Of The Beats;<\/em><\/li>\n<li><em>18h \u2013 Tributo Urbano.<\/em><\/li>\n<\/ul>\n<p><strong><em>Assessoria de Imprensa<br \/>\nFotos: Divulga\u00e7\u00e3o<\/em><\/strong><\/p>\n","protected":false},"excerpt":{"rendered":"<p>MAIS ENCONTRO: Atra\u00e7\u00f5es musicais e gastronomia de qualidade prometem repetir o sucesso do evento<\/p>\n","protected":false},"author":14,"featured_media":148247,"comment_status":"closed","ping_status":"closed","sticky":false,"template":"","format":"standard","meta":{"footnotes":""},"categories":[2],"tags":[339,29,638,637,35,416,276],"ods":[],"class_list":["post-148235","post","type-post","status-publish","format-standard","has-post-thumbnail","hentry","category-noticias","tag-comunicacao-social","tag-cultura","tag-encontro-nacional-de-motociclistas","tag-encontro-nacional-de-motociclistas-2015","tag-esporte-e-lazer","tag-fundo-social-de-solidariedade-funss","tag-parque-da-uva"],"_links":{"self":[{"href":"https:\/\/jundiai.sp.gov.br\/noticias\/wp-json\/wp\/v2\/posts\/148235","targetHints":{"allow":["GET"]}}],"collection":[{"href":"https:\/\/jundiai.sp.gov.br\/noticias\/wp-json\/wp\/v2\/posts"}],"about":[{"href":"https:\/\/jundiai.sp.gov.br\/noticias\/wp-json\/wp\/v2\/types\/post"}],"author":[{"embeddable":true,"href":"https:\/\/jundiai.sp.gov.br\/noticias\/wp-json\/wp\/v2\/users\/14"}],"replies":[{"embeddable":true,"href":"https:\/\/jundiai.sp.gov.br\/noticias\/wp-json\/wp\/v2\/comments?post=148235"}],"version-history":[{"count":9,"href":"https:\/\/jundiai.sp.gov.br\/noticias\/wp-json\/wp\/v2\/posts\/148235\/revisions"}],"predecessor-version":[{"id":148959,"href":"https:\/\/jundiai.sp.gov.br\/noticias\/wp-json\/wp\/v2\/posts\/148235\/revisions\/148959"}],"wp:featuredmedia":[{"embeddable":true,"href":"https:\/\/jundiai.sp.gov.br\/noticias\/wp-json\/wp\/v2\/media\/148247"}],"wp:attachment":[{"href":"https:\/\/jundiai.sp.gov.br\/noticias\/wp-json\/wp\/v2\/media?parent=148235"}],"wp:term":[{"taxonomy":"category","embeddable":true,"href":"https:\/\/jundiai.sp.gov.br\/noticias\/wp-json\/wp\/v2\/categories?post=148235"},{"taxonomy":"post_tag","embeddable":true,"href":"https:\/\/jundiai.sp.gov.br\/noticias\/wp-json\/wp\/v2\/tags?post=148235"},{"taxonomy":"ods","embeddable":true,"href":"https:\/\/jundiai.sp.gov.br\/noticias\/wp-json\/wp\/v2\/ods?post=148235"}],"curies":[{"name":"wp","href":"https:\/\/api.w.org\/{rel}","templated":true}]}}