{"id":148607,"date":"2015-07-21T17:35:06","date_gmt":"2015-07-21T20:35:06","guid":{"rendered":"https:\/\/jundiai.sp.gov.br\/noticias\/?p=148607"},"modified":"2020-02-10T10:32:50","modified_gmt":"2020-02-10T12:32:50","slug":"concertos-de-inverno-corais-sao-destaque-desta-quinta-23","status":"publish","type":"post","link":"https:\/\/jundiai.sp.gov.br\/noticias\/2015\/07\/21\/concertos-de-inverno-corais-sao-destaque-desta-quinta-23\/","title":{"rendered":"\u2018Concertos de Inverno\u2019: corais s\u00e3o destaque desta quinta (23), \u00e0s 20h"},"content":{"rendered":"<p><strong>O Coral Madrigal Ars Antiqua \u00e9 atra\u00e7\u00e3o nesta quinta-feira (23) de mais uma edi\u00e7\u00e3o do \u201cConcertos de Inverno\u201d, no <a href=\"http:\/\/cultura.jundiai.sp.gov.br\/espacos-culturais\/museu-historico-e-cultural-de-jundiai\/\" target=\"_blank\" rel=\"noopener noreferrer\">Solar do Bar\u00e3o<\/a>, projeto da <a href=\"http:\/\/cultura.jundiai.sp.gov.br\/\" target=\"_blank\" rel=\"noopener noreferrer\">Secretaria de Cultura<\/a> com apresenta\u00e7\u00f5es todas as quintas-feiras de julho, sempre \u00e0s 20h.<\/strong><\/p>\n<p><strong>LEIA TAMB\u00c9M<br \/>\n<a href=\"https:\/\/jundiai.sp.gov.br\/noticias\/2015\/07\/22\/cafe-com-musica-movimenta-jardim-do-solar-do-barao-no-domingo-26\/\" title=\"\u2018Caf\u00e9 com M\u00fasica\u2019 movimenta jardim do Solar no domingo (26)\">\u2018Caf\u00e9 com M\u00fasica\u2019 movimenta jardim do Solar no domingo (26)<\/a><\/p>\n<div id=\"attachment_148608\" style=\"width: 1250px\" class=\"wp-caption aligncenter\"><a href=\"https:\/\/jundiai.sp.gov.br\/noticias\/wp-content\/uploads\/sites\/32\/2015\/07\/CORAL-\u2018Concertos-de-inverno\u2019.jpg\"><img loading=\"lazy\" decoding=\"async\" aria-describedby=\"caption-attachment-148608\" src=\"https:\/\/jundiai.sp.gov.br\/noticias\/wp-content\/uploads\/sites\/32\/2015\/07\/CORAL-\u2018Concertos-de-inverno\u2019.jpg\" alt=\"Coral Madrigal j\u00e1 se apresentou nas comemora\u00e7\u00f5es de 50 anos do Museu\" width=\"1240\" height=\"836\" class=\"size-full wp-image-148608\" srcset=\"https:\/\/jundiai.sp.gov.br\/noticias\/wp-content\/uploads\/sites\/32\/2015\/07\/CORAL-\u2018Concertos-de-inverno\u2019.jpg 1240w, https:\/\/jundiai.sp.gov.br\/noticias\/wp-content\/uploads\/sites\/32\/2015\/07\/CORAL-\u2018Concertos-de-inverno\u2019-300x202.jpg 300w, https:\/\/jundiai.sp.gov.br\/noticias\/wp-content\/uploads\/sites\/32\/2015\/07\/CORAL-\u2018Concertos-de-inverno\u2019-720x485.jpg 720w\" sizes=\"auto, (max-width: 1240px) 100vw, 1240px\" \/><\/a><p id=\"caption-attachment-148608\" class=\"wp-caption-text\">Coral Madrigal j\u00e1 se apresentou nas comemora\u00e7\u00f5es de 50 anos do Museu<\/p><\/div>\n<p>Na apresenta\u00e7\u00e3o, o grupo promete agradar com seu <strong>repert\u00f3rio rom\u00e2ntico, focado no per\u00edodo de transi\u00e7\u00e3o entre a Idade M\u00e9dia e o Renascimento<\/strong>. \u201cN\u00f3s nos dedicamos \u00e0 vertente n\u00e3o-sacra da m\u00fasica cl\u00e1ssica e faremos tudo a cappella\u201d, conta o regente Marco Ant\u00f4nio. Tamb\u00e9m o grupo de flautas doce, AeolEOLUS, levar\u00e1 o som agudo dos sopros para abrilhantar a noite.<\/p>\n<p><div id=\"attachment_148627\" style=\"width: 340px\" class=\"wp-caption alignright\"><a href=\"https:\/\/jundiai.sp.gov.br\/noticias\/wp-content\/uploads\/sites\/32\/2015\/07\/concertos.jpg\"><img loading=\"lazy\" decoding=\"async\" aria-describedby=\"caption-attachment-148627\" src=\"https:\/\/jundiai.sp.gov.br\/noticias\/wp-content\/uploads\/sites\/32\/2015\/07\/concertos.jpg\" alt=\"E na quinta-feira (30) tem mais\" width=\"330\" height=\"370\" class=\"size-full wp-image-148627\" \/><\/a><p id=\"caption-attachment-148627\" class=\"wp-caption-text\">E na quinta-feira (30) tem mais<\/p><\/div>Ainda, o coral convidado \u201cPio X\u201d complementa a programa\u00e7\u00e3o com seu <strong>repert\u00f3rio sacro<\/strong>. Algumas das can\u00e7\u00f5es ser\u00e3o: Amor Vitorioso, do compositor Giovanni Baglione, Il Bianco e Doce Cigno, do compositor Alcadelt, Cordero de Dios, famosa pe\u00e7a latina e Signore Delle Cime, composta por Giuseppe de Marzi.<\/p>\n<p>Ao final da apresenta\u00e7\u00e3o, os dois corais se unem para executar a \u201cLaudate Dominum\u201d, de Mozart. <strong>O Museu Hist\u00f3rico e Cultural de Jundia\u00ed fica na rua Bar\u00e3o de Jundia\u00ed, 762, Centro. A entrada \u00e9 gratuita. Para mais informa\u00e7\u00f5es (11) 4521 \u2013 6259.<\/strong><\/p>\n<p><strong>Confira programa\u00e7\u00e3o completa:<\/strong><\/p>\n<ul>\n<li><em><strong>Domingo (26)<\/strong> \u2013 \u00e0s 10h, \u201cCaf\u00e9 com M\u00fasica\u201d;<\/em><\/li>\n<li><em><strong>Quinta-feira (30) <\/strong>\u2013 \u00e0s 20h, \u201cConcertos de Inverno\u201d, com a apresenta\u00e7\u00e3o do Grupo &#8220;Serenata Naquele Tempo&#8221;.<\/em><\/li>\n<\/ul>\n<p><strong><em>Assessoria de Imprensa<br \/>\nFoto: Arquivo PMJ<\/em><\/strong><\/p>\n","protected":false},"excerpt":{"rendered":"<p>MAIS CULTURA: trio de bai\u00e3o Oio D\u2019\u00e1gua agita o jardim do museu no &#8216;Caf\u00e9 com M\u00fasica&#8217; neste domingo (26), a partir das 10h <\/p>\n","protected":false},"author":14,"featured_media":148820,"comment_status":"closed","ping_status":"closed","sticky":false,"template":"","format":"standard","meta":{"footnotes":""},"categories":[2],"tags":[698,29,290],"ods":[],"class_list":["post-148607","post","type-post","status-publish","format-standard","has-post-thumbnail","hentry","category-noticias","tag-concertos-de-inverno","tag-cultura","tag-museu-historico-e-cultural-solar-do-barao"],"_links":{"self":[{"href":"https:\/\/jundiai.sp.gov.br\/noticias\/wp-json\/wp\/v2\/posts\/148607","targetHints":{"allow":["GET"]}}],"collection":[{"href":"https:\/\/jundiai.sp.gov.br\/noticias\/wp-json\/wp\/v2\/posts"}],"about":[{"href":"https:\/\/jundiai.sp.gov.br\/noticias\/wp-json\/wp\/v2\/types\/post"}],"author":[{"embeddable":true,"href":"https:\/\/jundiai.sp.gov.br\/noticias\/wp-json\/wp\/v2\/users\/14"}],"replies":[{"embeddable":true,"href":"https:\/\/jundiai.sp.gov.br\/noticias\/wp-json\/wp\/v2\/comments?post=148607"}],"version-history":[{"count":16,"href":"https:\/\/jundiai.sp.gov.br\/noticias\/wp-json\/wp\/v2\/posts\/148607\/revisions"}],"predecessor-version":[{"id":244673,"href":"https:\/\/jundiai.sp.gov.br\/noticias\/wp-json\/wp\/v2\/posts\/148607\/revisions\/244673"}],"wp:featuredmedia":[{"embeddable":true,"href":"https:\/\/jundiai.sp.gov.br\/noticias\/wp-json\/wp\/v2\/media\/148820"}],"wp:attachment":[{"href":"https:\/\/jundiai.sp.gov.br\/noticias\/wp-json\/wp\/v2\/media?parent=148607"}],"wp:term":[{"taxonomy":"category","embeddable":true,"href":"https:\/\/jundiai.sp.gov.br\/noticias\/wp-json\/wp\/v2\/categories?post=148607"},{"taxonomy":"post_tag","embeddable":true,"href":"https:\/\/jundiai.sp.gov.br\/noticias\/wp-json\/wp\/v2\/tags?post=148607"},{"taxonomy":"ods","embeddable":true,"href":"https:\/\/jundiai.sp.gov.br\/noticias\/wp-json\/wp\/v2\/ods?post=148607"}],"curies":[{"name":"wp","href":"https:\/\/api.w.org\/{rel}","templated":true}]}}