{"id":148881,"date":"2015-07-23T17:22:02","date_gmt":"2015-07-23T20:22:02","guid":{"rendered":"https:\/\/jundiai.sp.gov.br\/noticias\/?p=148881"},"modified":"2016-11-04T11:42:55","modified_gmt":"2016-11-04T13:42:55","slug":"feira-organica-vira-centro-de-passeios-de-carros-e-motos-neste-domingo-26","status":"publish","type":"post","link":"https:\/\/jundiai.sp.gov.br\/noticias\/2015\/07\/23\/feira-organica-vira-centro-de-passeios-de-carros-e-motos-neste-domingo-26\/","title":{"rendered":"Feira Org\u00e2nica vira centro de passeios de carros e motos"},"content":{"rendered":"<p><strong>A Feira Org\u00e2nica de Jundia\u00ed, realizada todos os domingos das 7h \u00e0s 12h na pra\u00e7a Monsenhor Doutor Arthur Ricci, na esquina das avenidas Nove de Julho e Prefeito Luiz Latorre, acontece neste domingo (26) em meio a dois grandes passeios de ve\u00edculos. Com essa situa\u00e7\u00e3o, torna-se naturalmente um ponto privilegiado de observa\u00e7\u00e3o desses eventos. <\/strong><\/p>\n<p>O primeiro est\u00e1 marcado para <strong>as 9h com a Festa dos Motoristas<\/strong>, em concentra\u00e7\u00e3o ao lado da feira na pr\u00f3pria avenida Prefeito Luiz Latorre. Os participantes saem dali para uma carreata que segue pela a avenida Nove de Julho at\u00e9 a rotat\u00f3ria do Jardim Paulista antes de retornar.<\/p>\n<p><strong>LEIA TAMB\u00c9M<br \/>\n<a href=\"https:\/\/jundiai.sp.gov.br\/noticias\/2015\/07\/23\/globo-da-morte-e-atracao-no-encontro-de-motociclistas\/\" target=\"_blank\">Globo da Morte \u00e9 atra\u00e7\u00e3o no Encontro de Motociclistas<\/a><br \/>\n<a href=\"https:\/\/jundiai.sp.gov.br\/noticias\/2015\/07\/21\/a-ciclo-faixa-nao-vai-estar-aberta-neste-domingo-26\/\" target=\"_blank\">A ciclo-faixa d\u00e1 espa\u00e7o para eventos neste domingo (26)<\/a><\/strong><\/p>\n<div id=\"attachment_148883\" style=\"width: 1250px\" class=\"wp-caption aligncenter\"><a href=\"https:\/\/jundiai.sp.gov.br\/noticias\/wp-content\/uploads\/sites\/32\/2015\/07\/Feira-Organica_G.jpg\"><img loading=\"lazy\" decoding=\"async\" aria-describedby=\"caption-attachment-148883\" class=\"size-full wp-image-148883\" src=\"https:\/\/jundiai.sp.gov.br\/noticias\/wp-content\/uploads\/sites\/32\/2015\/07\/Feira-Organica_G.jpg\" alt=\"A feira aos domingos \u00e9 alternativa de produtos frescos sem agrot\u00f3xicos\" width=\"1240\" height=\"880\" srcset=\"https:\/\/jundiai.sp.gov.br\/noticias\/wp-content\/uploads\/sites\/32\/2015\/07\/Feira-Organica_G.jpg 1240w, https:\/\/jundiai.sp.gov.br\/noticias\/wp-content\/uploads\/sites\/32\/2015\/07\/Feira-Organica_G-300x212.jpg 300w, https:\/\/jundiai.sp.gov.br\/noticias\/wp-content\/uploads\/sites\/32\/2015\/07\/Feira-Organica_G-720x510.jpg 720w\" sizes=\"auto, (max-width: 1240px) 100vw, 1240px\" \/><\/a><p id=\"caption-attachment-148883\" class=\"wp-caption-text\">A feira aos domingos \u00e9 alternativa de produtos frescos sem agrot\u00f3xicos<\/p><\/div>\n<p>O segundo evento acontece depois <strong>das 11h, com o passeio do <a href=\"https:\/\/jundiai.sp.gov.br\/encontro-de-motociclistas\/\" target=\"_blank\">Encontro dos Motociclistas<\/a><\/strong>, que tem concentra\u00e7\u00e3o no Parque da Uva e passa pela avenida Nove de Julho no rumo da avenida Antonio Frederico Ozanan antes de retornar tamb\u00e9m pelo local.<\/p>\n<p><strong>\u00c9 um movimento diferente para a Feira Org\u00e2nica, que oferece semanalmente op\u00e7\u00f5es de verduras, legumes e frutas diretamente do produtor e sem agrot\u00f3xicos dentro da rede organizada pela Secretaria de Agricultura, Abastecimento e Turismo.<\/strong><\/p>\n<p>Embora a condi\u00e7\u00e3o de pa\u00eds tropical do Brasil afaste muita gente do consumo de produtos \u201cin natura\u201d no inverno, basta uma conversa com os agricultores para descobrir<strong> dezenas de receitas simples de sopas, caldos, saladas e outras dicas importantes para a sa\u00fade<\/strong>.<\/p>\n<p>\u00c9 uma boa alternativa para <strong>equilibrar os combust\u00edveis e os ru\u00eddos dos motores com elementos naturais<\/strong>.<\/p>\n<p><strong><em>Jos\u00e9 Arnaldo de Oliveira<br \/>\nFoto: Arquivo PMJ<\/em><\/strong><\/p>\n","protected":false},"excerpt":{"rendered":"<p>Por conta do Encontro de Motociclistas e da Festa dos Motoristas, esquina da Nove de Julho com a Latorre vai ser um ponto de encontro<\/p>\n","protected":false},"author":14,"featured_media":148891,"comment_status":"closed","ping_status":"closed","sticky":false,"template":"","format":"standard","meta":{"footnotes":""},"categories":[2],"tags":[41,638,637,723],"ods":[],"class_list":["post-148881","post","type-post","status-publish","format-standard","has-post-thumbnail","hentry","category-noticias","tag-agricultura-abastecimento-e-turismo","tag-encontro-nacional-de-motociclistas","tag-encontro-nacional-de-motociclistas-2015","tag-feira-organica"],"_links":{"self":[{"href":"https:\/\/jundiai.sp.gov.br\/noticias\/wp-json\/wp\/v2\/posts\/148881","targetHints":{"allow":["GET"]}}],"collection":[{"href":"https:\/\/jundiai.sp.gov.br\/noticias\/wp-json\/wp\/v2\/posts"}],"about":[{"href":"https:\/\/jundiai.sp.gov.br\/noticias\/wp-json\/wp\/v2\/types\/post"}],"author":[{"embeddable":true,"href":"https:\/\/jundiai.sp.gov.br\/noticias\/wp-json\/wp\/v2\/users\/14"}],"replies":[{"embeddable":true,"href":"https:\/\/jundiai.sp.gov.br\/noticias\/wp-json\/wp\/v2\/comments?post=148881"}],"version-history":[{"count":10,"href":"https:\/\/jundiai.sp.gov.br\/noticias\/wp-json\/wp\/v2\/posts\/148881\/revisions"}],"predecessor-version":[{"id":155007,"href":"https:\/\/jundiai.sp.gov.br\/noticias\/wp-json\/wp\/v2\/posts\/148881\/revisions\/155007"}],"wp:featuredmedia":[{"embeddable":true,"href":"https:\/\/jundiai.sp.gov.br\/noticias\/wp-json\/wp\/v2\/media\/148891"}],"wp:attachment":[{"href":"https:\/\/jundiai.sp.gov.br\/noticias\/wp-json\/wp\/v2\/media?parent=148881"}],"wp:term":[{"taxonomy":"category","embeddable":true,"href":"https:\/\/jundiai.sp.gov.br\/noticias\/wp-json\/wp\/v2\/categories?post=148881"},{"taxonomy":"post_tag","embeddable":true,"href":"https:\/\/jundiai.sp.gov.br\/noticias\/wp-json\/wp\/v2\/tags?post=148881"},{"taxonomy":"ods","embeddable":true,"href":"https:\/\/jundiai.sp.gov.br\/noticias\/wp-json\/wp\/v2\/ods?post=148881"}],"curies":[{"name":"wp","href":"https:\/\/api.w.org\/{rel}","templated":true}]}}