{"id":149512,"date":"2015-07-29T11:50:02","date_gmt":"2015-07-29T14:50:02","guid":{"rendered":"https:\/\/jundiai.sp.gov.br\/noticias\/?p=149512"},"modified":"2020-11-06T14:25:03","modified_gmt":"2020-11-06T17:25:03","slug":"50-acoes-do-bem","status":"publish","type":"post","link":"https:\/\/jundiai.sp.gov.br\/noticias\/2015\/07\/29\/50-acoes-do-bem\/","title":{"rendered":"50 A\u00e7\u00f5es do Bem"},"content":{"rendered":"<p><strong>A p\u00e1gina da Prefs, no Facebook, est\u00e1 em festa!<\/strong><\/p>\n<p>50 mil pessoas curtindo, comentando e compartilhando assuntos da cidade! Show! E para comemorar esse n\u00famero, quero realizar com voc\u00eas a campanha &#8220;50 A\u00e7\u00f5es do Bem&#8221;.<\/p>\n<p>Qualquer hist\u00f3ria de boa a\u00e7\u00e3o ser\u00e1 bem-vinda, viu! \u00d3, e para te ajudar, elaborei uma lista, mas \u00e9 s\u00f3 uma ajudinha, t\u00e1. Fique a vontade para se inspirar.<\/p>\n<p>Seja criativo e solid\u00e1rio! E claro, mande sua hist\u00f3ria! #compartilheobem<\/p>\n<p><strong>Confira quem j\u00e1 participou da a\u00e7\u00e3o:<\/strong><\/p>\n<p><strong><em><a href=\"https:\/\/www.facebook.com\/prefeituradejundiai\/photos\/pb.122205287860971.-2207520000.1451414337.\/881852321896260\/?type=3&amp;theater\">7 &#8211; Denise Amaral<\/a><\/em><\/strong><br \/>\n<strong><em><a href=\"https:\/\/www.facebook.com\/prefeituradejundiai\/photos\/pb.122205287860971.-2207520000.1438180965.\/865503743531118\/?type=3&amp;theater\" target=\"_blank\" rel=\"noopener noreferrer\">6 &#8211;\u00a0Danny Malavazi<\/a><\/em><\/strong><br \/>\n<strong><em><a href=\"https:\/\/www.facebook.com\/prefeituradejundiai\/photos\/pb.122205287860971.-2207520000.1438180968.\/860566084024884\/?type=3&amp;theater\" target=\"_blank\" rel=\"noopener noreferrer\">5 &#8211;\u00a0Amanda Sue-ellen<\/a><\/em><\/strong><br \/>\n<strong><em><a href=\"https:\/\/www.facebook.com\/prefeituradejundiai\/photos\/pb.122205287860971.-2207520000.1438181119.\/846193215462171\/?type=3&amp;theater\" target=\"_blank\" rel=\"noopener noreferrer\">4 &#8211;\u00a0Danny Malavazi<\/a><\/em><\/strong><br \/>\n<strong><em><a href=\"https:\/\/www.facebook.com\/prefeituradejundiai\/photos\/pb.122205287860971.-2207520000.1438181148.\/841509252597234\/?type=3&amp;theater\" target=\"_blank\" rel=\"noopener noreferrer\">3 &#8211;\u00a0\u00c9rica Cintra<\/a><\/em><\/strong><br \/>\n<strong><em><a href=\"https:\/\/www.facebook.com\/prefeituradejundiai\/photos\/pb.122205287860971.-2207520000.1438181148.\/840468282701331\/?type=3&amp;theater\" target=\"_blank\" rel=\"noopener noreferrer\">2 &#8211;\u00a0Rodrigo Fil\u00e9 Gon\u00e7alez<\/a><\/em><\/strong><br \/>\n<strong><em><a href=\"https:\/\/www.facebook.com\/prefeituradejundiai\/photos\/pb.122205287860971.-2207520000.1438181148.\/838843322863827\/?type=3&amp;theater\" target=\"_blank\" rel=\"noopener noreferrer\">1 &#8211; Marcel Santos<\/a><\/em><\/strong><\/p>\n<div id=\"attachment_149517\" style=\"width: 730px\" class=\"wp-caption aligncenter\"><a href=\"https:\/\/jundiai.sp.gov.br\/noticias\/wp-content\/uploads\/sites\/32\/2015\/07\/10410670_838044052943754_5404445078986281027_n.jpg\"><img loading=\"lazy\" decoding=\"async\" aria-describedby=\"caption-attachment-149517\" class=\"size-large wp-image-149517\" src=\"https:\/\/jundiai.sp.gov.br\/noticias\/wp-content\/uploads\/sites\/32\/2015\/07\/10410670_838044052943754_5404445078986281027_n-720x720.jpg\" alt=\"Compartilhe sua boa a\u00e7\u00e3o!\" width=\"720\" height=\"720\" srcset=\"https:\/\/jundiai.sp.gov.br\/noticias\/wp-content\/uploads\/sites\/32\/2015\/07\/10410670_838044052943754_5404445078986281027_n-720x720.jpg 720w, https:\/\/jundiai.sp.gov.br\/noticias\/wp-content\/uploads\/sites\/32\/2015\/07\/10410670_838044052943754_5404445078986281027_n-120x120.jpg 120w, https:\/\/jundiai.sp.gov.br\/noticias\/wp-content\/uploads\/sites\/32\/2015\/07\/10410670_838044052943754_5404445078986281027_n-300x300.jpg 300w, https:\/\/jundiai.sp.gov.br\/noticias\/wp-content\/uploads\/sites\/32\/2015\/07\/10410670_838044052943754_5404445078986281027_n.jpg 960w\" sizes=\"auto, (max-width: 720px) 100vw, 720px\" \/><\/a><p id=\"caption-attachment-149517\" class=\"wp-caption-text\">Compartilhe sua boa a\u00e7\u00e3o!<\/p><\/div>\n","protected":false},"excerpt":{"rendered":"<p>A p\u00e1gina da Prefs, no Facebook, est\u00e1 em festa! 50 mil pessoas curtindo, comentando e compartilhando assuntos da cidade! Show! E para comemorar esse n\u00famero, quero realizar com voc\u00eas a campanha &#8220;50 A\u00e7\u00f5es do Bem&#8221;. Qualquer hist\u00f3ria de boa a\u00e7\u00e3o ser\u00e1 bem-vinda, viu! \u00d3, e para te ajudar, elaborei uma lista, mas \u00e9 s\u00f3 uma [&hellip;]<\/p>\n","protected":false},"author":11,"featured_media":0,"comment_status":"closed","ping_status":"closed","sticky":false,"template":"","format":"standard","meta":{"footnotes":""},"categories":[2],"tags":[679,339],"ods":[],"class_list":["post-149512","post","type-post","status-publish","format-standard","hentry","category-noticias","tag-50-acoes-do-bem","tag-comunicacao-social"],"_links":{"self":[{"href":"https:\/\/jundiai.sp.gov.br\/noticias\/wp-json\/wp\/v2\/posts\/149512","targetHints":{"allow":["GET"]}}],"collection":[{"href":"https:\/\/jundiai.sp.gov.br\/noticias\/wp-json\/wp\/v2\/posts"}],"about":[{"href":"https:\/\/jundiai.sp.gov.br\/noticias\/wp-json\/wp\/v2\/types\/post"}],"author":[{"embeddable":true,"href":"https:\/\/jundiai.sp.gov.br\/noticias\/wp-json\/wp\/v2\/users\/11"}],"replies":[{"embeddable":true,"href":"https:\/\/jundiai.sp.gov.br\/noticias\/wp-json\/wp\/v2\/comments?post=149512"}],"version-history":[{"count":8,"href":"https:\/\/jundiai.sp.gov.br\/noticias\/wp-json\/wp\/v2\/posts\/149512\/revisions"}],"predecessor-version":[{"id":258236,"href":"https:\/\/jundiai.sp.gov.br\/noticias\/wp-json\/wp\/v2\/posts\/149512\/revisions\/258236"}],"wp:attachment":[{"href":"https:\/\/jundiai.sp.gov.br\/noticias\/wp-json\/wp\/v2\/media?parent=149512"}],"wp:term":[{"taxonomy":"category","embeddable":true,"href":"https:\/\/jundiai.sp.gov.br\/noticias\/wp-json\/wp\/v2\/categories?post=149512"},{"taxonomy":"post_tag","embeddable":true,"href":"https:\/\/jundiai.sp.gov.br\/noticias\/wp-json\/wp\/v2\/tags?post=149512"},{"taxonomy":"ods","embeddable":true,"href":"https:\/\/jundiai.sp.gov.br\/noticias\/wp-json\/wp\/v2\/ods?post=149512"}],"curies":[{"name":"wp","href":"https:\/\/api.w.org\/{rel}","templated":true}]}}