{"id":149535,"date":"2015-07-29T14:54:24","date_gmt":"2015-07-29T17:54:24","guid":{"rendered":"https:\/\/jundiai.sp.gov.br\/noticias\/?p=149535"},"modified":"2016-11-04T11:36:25","modified_gmt":"2016-11-04T13:36:25","slug":"confira-a-programacao-de-agosto-do-zumba-nos-bairros","status":"publish","type":"post","link":"https:\/\/jundiai.sp.gov.br\/noticias\/2015\/07\/29\/confira-a-programacao-de-agosto-do-zumba-nos-bairros\/","title":{"rendered":"Confira a programa\u00e7\u00e3o de agosto do Zumba nos Bairros"},"content":{"rendered":"<p><iframe loading=\"lazy\" class=\"alignright\" width=\"420\" height=\"315\" src=\"https:\/\/www.youtube.com\/embed\/Yuq6UJzI-IM\" frameborder=\"0\" allowfullscreen><\/iframe><strong>O Zumba nos Bairros, desenvolvido pela Secretaria de Esportes e Lazer, continua a todo vapor e j\u00e1 tem programa\u00e7\u00e3o para o m\u00eas de agosto. O projeto tem o objetivo democratizar as atividades esportivas e descentralizar as pr\u00e1ticas, levando esporte para pr\u00f3ximo da popula\u00e7\u00e3o.<\/strong><\/p>\n<p><strong><a href=\"https:\/\/jundiai.sp.gov.br\/noticias\/2015\/07\/29\/programacao-zumba-nos-bairros-agosto\/\" target=\"_blank\">CONFIRA A PROGRAMA\u00c7\u00c3O COMPLETA<\/a><\/strong><\/p>\n<p>\u201cEstamos <strong>levando o projeto para diferentes lugares para atrair as pessoas aos espa\u00e7os p\u00fablicos<\/strong>, onde elas podem <strong>desfrutar de uma atividade<\/strong> que faz bem para a mente e o corpo\u201d, disse o secret\u00e1rio de Esportes e Lazer, Cristiano Lopes.<\/p>\n<p><strong>LEIA TAMB\u00c9M<br \/>\n<a href=\"https:\/\/jundiai.sp.gov.br\/noticias\/2015\/07\/29\/estao-abertas-incricoes-para-copa-jundiai-de-futsal-adulto\/\" target=\"_blank\">Est\u00e3o abertas incri\u00e7\u00f5es da Copa Jundia\u00ed de Futsal masculino adulto<\/a><\/strong><\/p>\n<p><strong>A pr\u00e1tica desta modalidade caiu no gosto das pessoas<\/strong>. A possibilidade de se exercitar de uma forma descontra\u00edda e com muita dan\u00e7a agradou o p\u00fablico, inclusive o jundiaiense \u2013 que pode participar <strong>gratuitamente das aulas nos espa\u00e7os p\u00fablicos da cidade. A aula \u00e9 gratuita e n\u00e3o tem inscri\u00e7\u00e3o pr\u00e9via<\/strong>.<\/p>\n<div id=\"attachment_149544\" style=\"width: 730px\" class=\"wp-caption aligncenter\"><a href=\"https:\/\/jundiai.sp.gov.br\/noticias\/wp-content\/uploads\/sites\/32\/2015\/07\/Zumba_Pq_da_Cidade_c_62_G1.jpg\"><img loading=\"lazy\" decoding=\"async\" aria-describedby=\"caption-attachment-149544\" class=\"size-large wp-image-149544\" src=\"https:\/\/jundiai.sp.gov.br\/noticias\/wp-content\/uploads\/sites\/32\/2015\/07\/Zumba_Pq_da_Cidade_c_62_G1-720x480.jpg\" alt=\"O Zumba nos Bairros caiu no gosto da popula\u00e7\u00e3o\" width=\"720\" height=\"480\" srcset=\"https:\/\/jundiai.sp.gov.br\/noticias\/wp-content\/uploads\/sites\/32\/2015\/07\/Zumba_Pq_da_Cidade_c_62_G1-720x480.jpg 720w, https:\/\/jundiai.sp.gov.br\/noticias\/wp-content\/uploads\/sites\/32\/2015\/07\/Zumba_Pq_da_Cidade_c_62_G1-300x200.jpg 300w, https:\/\/jundiai.sp.gov.br\/noticias\/wp-content\/uploads\/sites\/32\/2015\/07\/Zumba_Pq_da_Cidade_c_62_G1.jpg 1240w\" sizes=\"auto, (max-width: 720px) 100vw, 720px\" \/><\/a><p id=\"caption-attachment-149544\" class=\"wp-caption-text\">O Zumba nos Bairros caiu no gosto da popula\u00e7\u00e3o<\/p><\/div>\n<p><strong><em>Assessoria de Imprensa<br \/>\nFoto: Arquivo PMJ<\/em><\/strong><\/p>\n","protected":false},"excerpt":{"rendered":"<p>O programa democratiza o esporte e descentraliza sua pr\u00e1tica, levando a modalidade gratuitamente \u00e0 popula\u00e7\u00e3o<\/p>\n","protected":false},"author":14,"featured_media":136637,"comment_status":"closed","ping_status":"closed","sticky":false,"template":"","format":"standard","meta":{"footnotes":""},"categories":[2],"tags":[411,35,278],"ods":[],"class_list":["post-149535","post","type-post","status-publish","format-standard","has-post-thumbnail","hentry","category-noticias","tag-centro-esportivo","tag-esporte-e-lazer","tag-zumba-nos-bairros"],"_links":{"self":[{"href":"https:\/\/jundiai.sp.gov.br\/noticias\/wp-json\/wp\/v2\/posts\/149535","targetHints":{"allow":["GET"]}}],"collection":[{"href":"https:\/\/jundiai.sp.gov.br\/noticias\/wp-json\/wp\/v2\/posts"}],"about":[{"href":"https:\/\/jundiai.sp.gov.br\/noticias\/wp-json\/wp\/v2\/types\/post"}],"author":[{"embeddable":true,"href":"https:\/\/jundiai.sp.gov.br\/noticias\/wp-json\/wp\/v2\/users\/14"}],"replies":[{"embeddable":true,"href":"https:\/\/jundiai.sp.gov.br\/noticias\/wp-json\/wp\/v2\/comments?post=149535"}],"version-history":[{"count":9,"href":"https:\/\/jundiai.sp.gov.br\/noticias\/wp-json\/wp\/v2\/posts\/149535\/revisions"}],"predecessor-version":[{"id":152123,"href":"https:\/\/jundiai.sp.gov.br\/noticias\/wp-json\/wp\/v2\/posts\/149535\/revisions\/152123"}],"wp:featuredmedia":[{"embeddable":true,"href":"https:\/\/jundiai.sp.gov.br\/noticias\/wp-json\/wp\/v2\/media\/136637"}],"wp:attachment":[{"href":"https:\/\/jundiai.sp.gov.br\/noticias\/wp-json\/wp\/v2\/media?parent=149535"}],"wp:term":[{"taxonomy":"category","embeddable":true,"href":"https:\/\/jundiai.sp.gov.br\/noticias\/wp-json\/wp\/v2\/categories?post=149535"},{"taxonomy":"post_tag","embeddable":true,"href":"https:\/\/jundiai.sp.gov.br\/noticias\/wp-json\/wp\/v2\/tags?post=149535"},{"taxonomy":"ods","embeddable":true,"href":"https:\/\/jundiai.sp.gov.br\/noticias\/wp-json\/wp\/v2\/ods?post=149535"}],"curies":[{"name":"wp","href":"https:\/\/api.w.org\/{rel}","templated":true}]}}