{"id":149590,"date":"2015-07-29T15:37:45","date_gmt":"2015-07-29T18:37:45","guid":{"rendered":"https:\/\/jundiai.sp.gov.br\/noticias\/?p=149590"},"modified":"2016-11-04T11:36:30","modified_gmt":"2016-11-04T13:36:30","slug":"biblioteca-recebe-duas-atracoes-do-programa-viagem-literaria","status":"publish","type":"post","link":"https:\/\/jundiai.sp.gov.br\/noticias\/2015\/07\/29\/biblioteca-recebe-duas-atracoes-do-programa-viagem-literaria\/","title":{"rendered":"Biblioteca recebe duas atra\u00e7\u00f5es do Programa Viagem Liter\u00e1ria"},"content":{"rendered":"<div id=\"attachment_149592\" style=\"width: 340px\" class=\"wp-caption alignright\"><a href=\"https:\/\/jundiai.sp.gov.br\/noticias\/wp-content\/uploads\/sites\/32\/2015\/07\/Roseana_murray_G.jpg\"><img loading=\"lazy\" decoding=\"async\" aria-describedby=\"caption-attachment-149592\" class=\"size-full wp-image-149592\" src=\"https:\/\/jundiai.sp.gov.br\/noticias\/wp-content\/uploads\/sites\/32\/2015\/07\/Roseana_murray_G.jpg\" alt=\" A escritora Roseana Murray \u00e9 a primeira atra\u00e7\u00e3o do evento\" width=\"330\" height=\"370\" \/><\/a><p id=\"caption-attachment-149592\" class=\"wp-caption-text\"><br \/>A escritora Roseana Murray \u00e9 a primeira atra\u00e7\u00e3o do evento<\/p><\/div>\n<p><strong>A Biblioteca Municipal Professor Nelson Foot vai receber, neste ano, duas atra\u00e7\u00f5es do \u201cPrograma Viagem Liter\u00e1ria\u201d, desenvolvido pela Secretaria de Estado da Cultura e executado pela SP Leituras. Os escritores Roseana Murray e Cristov\u00e3o Tezza estar\u00e3o no espa\u00e7o no dia 16 de setembro para um bate-papo com o p\u00fablico. <\/strong><\/p>\n<p><strong>LEIA TAMB\u00c9M<br \/>\n<a href=\"https:\/\/jundiai.sp.gov.br\/noticias\/2015\/07\/28\/instituto-federal-abre-vagas-remanescente-para-cursos-tecnicos\/\" target=\"_blank\">Instituto Federal abre vagas para t\u00e9cnicos<\/a><br \/>\n<a href=\"https:\/\/jundiai.sp.gov.br\/noticias\/2015\/07\/28\/jundiai-se-prepara-para-a-semana-do-bebe\/\" target=\"_blank\">Jundia\u00ed se prepara para a Semana do Beb\u00ea<\/a><\/strong><\/p>\n<p>\u201c<strong>Novamente Jundia\u00ed est\u00e1 entre as 80 cidades escolhidas para receber autores consagrados e contadores de hist\u00f3rias de grande destaque na cena liter\u00e1ria contempor\u00e2nea. Este \u00e9 o quarto ano que somos contemplados.<\/strong> Para n\u00f3s, isso \u00e9 muito importante. \u00c9 mais uma a\u00e7\u00e3o que ocorre dentro da biblioteca para desenvolver o gosto pela leitura e pela literatura. A exemplo das edi\u00e7\u00f5es anteriores, acreditamos que ser\u00e1 um sucesso\u201d, comenta a diretora de Fomento \u00e0 Leitura e Literatura da Secretaria Municipal de Educa\u00e7\u00e3o, Leila Casote.<\/p>\n<p><strong>Programa\u00e7\u00e3o<\/strong><br \/>\nA primeira atra\u00e7\u00e3o ser\u00e1 a escritora <strong>Roseana Murray<\/strong>, autora de obras como &#8220;Fardo de Carinho (Murrinho)&#8221; e &#8220;Fruta no Ponto e Jardins&#8221;, eleito em 2002 o melhor livro infantil do ano pela Academia Brasileira de Letras. Ela <strong>conversar\u00e1 com o p\u00fablico das 15h \u00e0s 17h.<\/strong><\/p>\n<div id=\"attachment_149591\" style=\"width: 410px\" class=\"wp-caption alignleft\"><a href=\"https:\/\/jundiai.sp.gov.br\/noticias\/wp-content\/uploads\/sites\/32\/2015\/07\/cristovao_G.jpg\"><img loading=\"lazy\" decoding=\"async\" aria-describedby=\"caption-attachment-149591\" class=\"size-full wp-image-149591\" src=\"https:\/\/jundiai.sp.gov.br\/noticias\/wp-content\/uploads\/sites\/32\/2015\/07\/cristovao_G.jpg\" alt=\"Cristov\u00e3o Tezza falar\u00e1 sobre diversos assuntos do universo liter\u00e1rio\" width=\"400\" height=\"400\" \/><\/a><p id=\"caption-attachment-149591\" class=\"wp-caption-text\">Cristov\u00e3o Tezza falar\u00e1 sobre diversos assuntos do universo liter\u00e1rio<\/p><\/div>\n<p>Depois, <strong>das 19h \u00e0s 21h, \u00e9 a vez de Cristov\u00e3o Tezza<\/strong> falar sobre suas obras, m\u00e9todos de trabalho, interesses, influ\u00eancias liter\u00e1rias e muitos outros assuntos do universo liter\u00e1rio. O escritor \u00e9 autor de uma dezena de livros, entre eles &#8220;Um Erro Emocional&#8221;, &#8220;Trapo&#8221;, &#8220;A Suavidade do Vento&#8221;, &#8220;Um Oper\u00e1rio em F\u00e9rias&#8221; e &#8220;O Esp\u00edrito da Prosa&#8221;, sua autobiografia liter\u00e1ria. Sua obra mais recente \u00e9 o romance &#8220;O Professor&#8221;, lan\u00e7ado em 2014.<\/p>\n<p><strong>Os dois eventos t\u00eam entrada gratuita e n\u00e3o \u00e9 necess\u00e1rio fazer inscri\u00e7\u00e3o.<\/strong><\/p>\n<p>A Biblioteca Professor Nelson Foot \u00e9 um \u00f3rg\u00e3o da Secretaria de Educa\u00e7\u00e3o, e est\u00e1 localizada dentro do Complexo Argos (avenida Dr. Cavalcante, 396, Vila Arens).<\/p>\n<p><em><strong>Roberta de S\u00e1<br \/>\nFotos: Divulga\u00e7\u00e3o<\/strong><\/em><\/p>\n","protected":false},"excerpt":{"rendered":"<p>A Biblioteca Municipal Professor Nelson Foot vai receber, neste ano, duas atra\u00e7\u00f5es do \u201cPrograma Viagem Liter\u00e1ria\u201d, desenvolvido pela Secretaria de Estado da Cultura e executado pela SP Leituras. Os escritores Roseana Murray e Cristov\u00e3o Tezza estar\u00e3o no espa\u00e7o no dia 16 de setembro para um bate-papo com o p\u00fablico. LEIA TAMB\u00c9M Instituto Federal abre vagas [&hellip;]<\/p>\n","protected":false},"author":21,"featured_media":0,"comment_status":"closed","ping_status":"closed","sticky":false,"template":"","format":"standard","meta":{"footnotes":""},"categories":[2],"tags":[505,6],"ods":[],"class_list":["post-149590","post","type-post","status-publish","format-standard","hentry","category-noticias","tag-biblioteca-municipal-professor-nelson-foot","tag-educacao"],"_links":{"self":[{"href":"https:\/\/jundiai.sp.gov.br\/noticias\/wp-json\/wp\/v2\/posts\/149590","targetHints":{"allow":["GET"]}}],"collection":[{"href":"https:\/\/jundiai.sp.gov.br\/noticias\/wp-json\/wp\/v2\/posts"}],"about":[{"href":"https:\/\/jundiai.sp.gov.br\/noticias\/wp-json\/wp\/v2\/types\/post"}],"author":[{"embeddable":true,"href":"https:\/\/jundiai.sp.gov.br\/noticias\/wp-json\/wp\/v2\/users\/21"}],"replies":[{"embeddable":true,"href":"https:\/\/jundiai.sp.gov.br\/noticias\/wp-json\/wp\/v2\/comments?post=149590"}],"version-history":[{"count":11,"href":"https:\/\/jundiai.sp.gov.br\/noticias\/wp-json\/wp\/v2\/posts\/149590\/revisions"}],"predecessor-version":[{"id":149644,"href":"https:\/\/jundiai.sp.gov.br\/noticias\/wp-json\/wp\/v2\/posts\/149590\/revisions\/149644"}],"wp:attachment":[{"href":"https:\/\/jundiai.sp.gov.br\/noticias\/wp-json\/wp\/v2\/media?parent=149590"}],"wp:term":[{"taxonomy":"category","embeddable":true,"href":"https:\/\/jundiai.sp.gov.br\/noticias\/wp-json\/wp\/v2\/categories?post=149590"},{"taxonomy":"post_tag","embeddable":true,"href":"https:\/\/jundiai.sp.gov.br\/noticias\/wp-json\/wp\/v2\/tags?post=149590"},{"taxonomy":"ods","embeddable":true,"href":"https:\/\/jundiai.sp.gov.br\/noticias\/wp-json\/wp\/v2\/ods?post=149590"}],"curies":[{"name":"wp","href":"https:\/\/api.w.org\/{rel}","templated":true}]}}