{"id":149884,"date":"2015-07-31T15:46:12","date_gmt":"2015-07-31T18:46:12","guid":{"rendered":"https:\/\/jundiai.sp.gov.br\/noticias\/?p=149884"},"modified":"2016-11-04T11:36:36","modified_gmt":"2016-11-04T13:36:36","slug":"projeto-guri-tem-vagas-abertas-para-o-segundo-semestre","status":"publish","type":"post","link":"https:\/\/jundiai.sp.gov.br\/noticias\/2015\/07\/31\/projeto-guri-tem-vagas-abertas-para-o-segundo-semestre\/","title":{"rendered":"Projeto Guri tem vagas abertas para o segundo semestre"},"content":{"rendered":"<p><iframe loading=\"lazy\" class=\"alignright\" width=\"420\" height=\"315\" src=\"https:\/\/www.youtube.com\/embed\/dVJ0-PCdcp4\" frameborder=\"0\" allowfullscreen><\/iframe><strong>O <a href=\"http:\/\/www.projetoguri.org.br\/\" target=\"_blank\">Projeto Guri<\/a> Polo Regional de Jundia\u00ed est\u00e1 com inscri\u00e7\u00f5es abertas at\u00e9 28 de agosto para seis cursos musicais, voltados a crian\u00e7as e adolescentes entre 6 e 18 anos. Ao todo s\u00e3o 25 vagas dividas entre: trombone, trompete, euf\u00f4nio, tuba, trompa e canto coral. A iniciativa tem o apoio da Secretaria de Cultura.  <\/strong><\/p>\n<p><strong>Para se matricular, os interessados devem comparecer ao Polo Jundia\u00ed (rua Bar\u00e3o de Jundia\u00ed, 148, Centro), de segunda a sexta-feira, das 8h \u00e0s 11h e 13h30 \u00e0s 17h30, acompanhados dos pais ou respons\u00e1veis, com RG ou certid\u00e3o de nascimento e declara\u00e7\u00e3o de frequ\u00eancia escolar, referente ao segundo semestre de 2015.<br \/>\n<\/strong><\/p>\n<p><strong>LEIA TAMB\u00c9M<br \/>\n<a href=\"https:\/\/jundiai.sp.gov.br\/noticias\/2015\/07\/30\/tamoio-recebe-tarde-de-danca-neste-sabado-1o\/\" target=\"_blank\">Tamoio recebe \u2018Tarde de Dan\u00e7a\u2019 neste s\u00e1bado (1\u00ba)<\/a><br \/>\n<a href=\"https:\/\/jundiai.sp.gov.br\/noticias\/2015\/07\/30\/inscricoes-para-desfile-de-7-de-setembro-sao-prorrogadas\/\" target=\"_blank\">Inscri\u00e7\u00f5es para desfile de 7 de Setembro s\u00e3o prorrogadas<\/a><\/strong><\/p>\n<p>N\u00e3o \u00e9 preciso ter conhecimento musical pr\u00e9vio, nem possuir instrumentos. As aulas come\u00e7am de acordo com a data de inscri\u00e7\u00e3o de cada aluno. Para mais informa\u00e7\u00f5es (11) 4521\u20134607.<\/p>\n<div id=\"attachment_149887\" style=\"width: 730px\" class=\"wp-caption aligncenter\"><a href=\"https:\/\/jundiai.sp.gov.br\/noticias\/wp-content\/uploads\/sites\/32\/2015\/07\/homenagem_servidores_projeto_guri_P_161_G.jpg\"><img loading=\"lazy\" decoding=\"async\" aria-describedby=\"caption-attachment-149887\" src=\"https:\/\/jundiai.sp.gov.br\/noticias\/wp-content\/uploads\/sites\/32\/2015\/07\/homenagem_servidores_projeto_guri_P_161_G-720x387.jpg\" alt=\"Ao todo, s\u00e3o 25 vagas distribu\u00eddas em seis cursos\" width=\"720\" height=\"387\" class=\"size-large wp-image-149887\" srcset=\"https:\/\/jundiai.sp.gov.br\/noticias\/wp-content\/uploads\/sites\/32\/2015\/07\/homenagem_servidores_projeto_guri_P_161_G-720x387.jpg 720w, https:\/\/jundiai.sp.gov.br\/noticias\/wp-content\/uploads\/sites\/32\/2015\/07\/homenagem_servidores_projeto_guri_P_161_G-300x161.jpg 300w, https:\/\/jundiai.sp.gov.br\/noticias\/wp-content\/uploads\/sites\/32\/2015\/07\/homenagem_servidores_projeto_guri_P_161_G.jpg 1240w\" sizes=\"auto, (max-width: 720px) 100vw, 720px\" \/><\/a><p id=\"caption-attachment-149887\" class=\"wp-caption-text\">Ao todo, s\u00e3o 25 vagas distribu\u00eddas em seis cursos<\/p><\/div>\n<p><em><strong>Assessoria de Imprensa<br \/>\nFoto: Arquivo PMJ<\/strong><\/em><\/p>\n","protected":false},"excerpt":{"rendered":"<p>O Projeto Guri Polo Regional de Jundia\u00ed est\u00e1 com inscri\u00e7\u00f5es abertas at\u00e9 28 de agosto para seis cursos musicais, voltados a crian\u00e7as e adolescentes entre 6 e 18 anos. Ao todo s\u00e3o 25 vagas dividas entre: trombone, trompete, euf\u00f4nio, tuba, trompa e canto coral. A iniciativa tem o apoio da Secretaria de Cultura. Para se [&hellip;]<\/p>\n","protected":false},"author":10,"featured_media":0,"comment_status":"closed","ping_status":"closed","sticky":false,"template":"","format":"standard","meta":{"footnotes":""},"categories":[2],"tags":[29,38],"ods":[],"class_list":["post-149884","post","type-post","status-publish","format-standard","hentry","category-noticias","tag-cultura","tag-projeto-guri"],"_links":{"self":[{"href":"https:\/\/jundiai.sp.gov.br\/noticias\/wp-json\/wp\/v2\/posts\/149884","targetHints":{"allow":["GET"]}}],"collection":[{"href":"https:\/\/jundiai.sp.gov.br\/noticias\/wp-json\/wp\/v2\/posts"}],"about":[{"href":"https:\/\/jundiai.sp.gov.br\/noticias\/wp-json\/wp\/v2\/types\/post"}],"author":[{"embeddable":true,"href":"https:\/\/jundiai.sp.gov.br\/noticias\/wp-json\/wp\/v2\/users\/10"}],"replies":[{"embeddable":true,"href":"https:\/\/jundiai.sp.gov.br\/noticias\/wp-json\/wp\/v2\/comments?post=149884"}],"version-history":[{"count":4,"href":"https:\/\/jundiai.sp.gov.br\/noticias\/wp-json\/wp\/v2\/posts\/149884\/revisions"}],"predecessor-version":[{"id":150641,"href":"https:\/\/jundiai.sp.gov.br\/noticias\/wp-json\/wp\/v2\/posts\/149884\/revisions\/150641"}],"wp:attachment":[{"href":"https:\/\/jundiai.sp.gov.br\/noticias\/wp-json\/wp\/v2\/media?parent=149884"}],"wp:term":[{"taxonomy":"category","embeddable":true,"href":"https:\/\/jundiai.sp.gov.br\/noticias\/wp-json\/wp\/v2\/categories?post=149884"},{"taxonomy":"post_tag","embeddable":true,"href":"https:\/\/jundiai.sp.gov.br\/noticias\/wp-json\/wp\/v2\/tags?post=149884"},{"taxonomy":"ods","embeddable":true,"href":"https:\/\/jundiai.sp.gov.br\/noticias\/wp-json\/wp\/v2\/ods?post=149884"}],"curies":[{"name":"wp","href":"https:\/\/api.w.org\/{rel}","templated":true}]}}